{"id":5302,"date":"2025-01-20T00:10:35","date_gmt":"2025-01-19T23:10:35","guid":{"rendered":"https:\/\/www.sjs-carstyling.com\/blog\/?p=5302"},"modified":"2025-02-14T15:19:27","modified_gmt":"2025-02-14T14:19:27","slug":"im-portraet-porsche-911","status":"publish","type":"post","link":"https:\/\/www.sjs-carstyling.com\/blog\/im-portraet-porsche-911\/","title":{"rendered":"Im Portr\u00e4t: Die Legende Porsche 911"},"content":{"rendered":"\n\n<div class=\"kk-star-ratings kksr-auto kksr-align-left kksr-valign-top\"\n    data-payload='{&quot;align&quot;:&quot;left&quot;,&quot;id&quot;:&quot;5302&quot;,&quot;slug&quot;:&quot;default&quot;,&quot;valign&quot;:&quot;top&quot;,&quot;ignore&quot;:&quot;&quot;,&quot;reference&quot;:&quot;auto&quot;,&quot;class&quot;:&quot;&quot;,&quot;count&quot;:&quot;3&quot;,&quot;legendonly&quot;:&quot;&quot;,&quot;readonly&quot;:&quot;&quot;,&quot;score&quot;:&quot;5&quot;,&quot;starsonly&quot;:&quot;&quot;,&quot;best&quot;:&quot;5&quot;,&quot;gap&quot;:&quot;5&quot;,&quot;greet&quot;:&quot;Wie hat dir der Beitrag gefallen? 1= langweilig, 5= sehr interessant&quot;,&quot;legend&quot;:&quot;5\\\/5 - (3 Stimmen)&quot;,&quot;size&quot;:&quot;24&quot;,&quot;title&quot;:&quot;Im Portr\u00e4t: Die Legende Porsche 911&quot;,&quot;width&quot;:&quot;142.5&quot;,&quot;_legend&quot;:&quot;{score}\\\/{best} - ({count} Stimmen)&quot;,&quot;font_factor&quot;:&quot;1.25&quot;}'>\n            \n<div class=\"kksr-stars\">\n    \n<div class=\"kksr-stars-inactive\">\n            <div class=\"kksr-star\" data-star=\"1\" style=\"padding-right: 5px\">\n            \n\n<div class=\"kksr-icon\" style=\"width: 24px; height: 24px;\"><\/div>\n        <\/div>\n            <div class=\"kksr-star\" data-star=\"2\" style=\"padding-right: 5px\">\n            \n\n<div class=\"kksr-icon\" style=\"width: 24px; height: 24px;\"><\/div>\n        <\/div>\n            <div class=\"kksr-star\" data-star=\"3\" style=\"padding-right: 5px\">\n            \n\n<div class=\"kksr-icon\" style=\"width: 24px; height: 24px;\"><\/div>\n        <\/div>\n            <div class=\"kksr-star\" data-star=\"4\" style=\"padding-right: 5px\">\n            \n\n<div class=\"kksr-icon\" style=\"width: 24px; height: 24px;\"><\/div>\n        <\/div>\n            <div class=\"kksr-star\" data-star=\"5\" style=\"padding-right: 5px\">\n            \n\n<div class=\"kksr-icon\" style=\"width: 24px; height: 24px;\"><\/div>\n        <\/div>\n    <\/div>\n    \n<div class=\"kksr-stars-active\" style=\"width: 142.5px;\">\n            <div class=\"kksr-star\" style=\"padding-right: 5px\">\n            \n\n<div class=\"kksr-icon\" style=\"width: 24px; height: 24px;\"><\/div>\n        <\/div>\n            <div class=\"kksr-star\" style=\"padding-right: 5px\">\n            \n\n<div class=\"kksr-icon\" style=\"width: 24px; height: 24px;\"><\/div>\n        <\/div>\n            <div class=\"kksr-star\" style=\"padding-right: 5px\">\n            \n\n<div class=\"kksr-icon\" style=\"width: 24px; height: 24px;\"><\/div>\n        <\/div>\n            <div class=\"kksr-star\" style=\"padding-right: 5px\">\n            \n\n<div class=\"kksr-icon\" style=\"width: 24px; height: 24px;\"><\/div>\n        <\/div>\n            <div class=\"kksr-star\" style=\"padding-right: 5px\">\n            \n\n<div class=\"kksr-icon\" style=\"width: 24px; height: 24px;\"><\/div>\n        <\/div>\n    <\/div>\n<\/div>\n                \n\n<div class=\"kksr-legend\" style=\"font-size: 19.2px;\">\n            5\/5 - (3 Stimmen)    <\/div>\n    <\/div>\n<p><span style=\"font-weight: 400;\">Als <\/span><b>Inbegriff des Sportwagens<\/b><span style=\"font-weight: 400;\"> genie\u00dft der <a href=\"https:\/\/de.wikipedia.org\/wiki\/Porsche\" target=\"_blank\" rel=\"noopener\">Porsche<\/a> 911 l\u00e4ngst <\/span><b>Kultstatus<\/b><span style=\"font-weight: 400;\">. Schon 1963 wurde das erste Modell auf der IAA in Frankfurt am Main vorgestellt. Seitdem ist der \u201eElfer\u201c weder als Gebrauchtwagen noch als Neuwagen von der Stra\u00dfe wegzudenken. Wir haben das <\/span><b>Classic Car im Portr\u00e4t<\/b><span style=\"font-weight: 400;\">.<\/span><\/p>\n<div id=\"attachment_5308\" style=\"width: 2010px\" class=\"wp-caption alignnone\"><img decoding=\"async\" aria-describedby=\"caption-attachment-5308\" class=\"size-full wp-image-5308\" src=\"https:\/\/www.sjs-carstyling.com\/blog\/wp-content\/uploads\/2025\/01\/Der-Porsche-911-im-Portraet-1.jpg\" alt=\"Der Porsche 911 im Portr\u00e4t (1)\" width=\"2000\" height=\"857\" srcset=\"https:\/\/www.sjs-carstyling.com\/blog\/wp-content\/uploads\/2025\/01\/Der-Porsche-911-im-Portraet-1.jpg 2000w, https:\/\/www.sjs-carstyling.com\/blog\/wp-content\/uploads\/2025\/01\/Der-Porsche-911-im-Portraet-1-300x129.jpg 300w, https:\/\/www.sjs-carstyling.com\/blog\/wp-content\/uploads\/2025\/01\/Der-Porsche-911-im-Portraet-1-1024x439.jpg 1024w, https:\/\/www.sjs-carstyling.com\/blog\/wp-content\/uploads\/2025\/01\/Der-Porsche-911-im-Portraet-1-768x329.jpg 768w, https:\/\/www.sjs-carstyling.com\/blog\/wp-content\/uploads\/2025\/01\/Der-Porsche-911-im-Portraet-1-1536x658.jpg 1536w, https:\/\/www.sjs-carstyling.com\/blog\/wp-content\/uploads\/2025\/01\/Der-Porsche-911-im-Portraet-1-175x75.jpg 175w, https:\/\/www.sjs-carstyling.com\/blog\/wp-content\/uploads\/2025\/01\/Der-Porsche-911-im-Portraet-1-450x193.jpg 450w, https:\/\/www.sjs-carstyling.com\/blog\/wp-content\/uploads\/2025\/01\/Der-Porsche-911-im-Portraet-1-1170x501.jpg 1170w\" sizes=\"(max-width: 2000px) 100vw, 2000px\" \/><p id=\"caption-attachment-5308\" class=\"wp-caption-text\">Porsche 911 Carrera auf US-amerikanischen Stra\u00dfen.<br \/>Bildquelle: theimageengine &#8211; stock.adobe.com<\/p><\/div>\n<h2><b>Porsche 911: Seit 1963 ein Klassiker<\/b><\/h2>\n<p><b>1963<\/b><span style=\"font-weight: 400;\"> rollte der <\/span><b>911<\/b><span style=\"font-weight: 400;\"> als <\/span><b>Nachfolger des legend\u00e4ren 356<\/b><span style=\"font-weight: 400;\"> auf die Frankfurter IAA. Das <\/span><b>Ur-Modell<\/b><span style=\"font-weight: 400;\"> trug damals noch den <\/span><b>Namen 901<\/b><span style=\"font-weight: 400;\">. Peugeot st\u00f6rte sich jedoch an diesem K\u00fcrzel. Schlie\u00dflich hatten sich die Franzosen genau diese <\/span><b>Auto-Kennziffer sch\u00fctzen lassen<\/b><span style=\"font-weight: 400;\"> \u2013 dreistellig, eine Null in der Mitte. <\/span><a href=\"https:\/\/www.sjs-carstyling.com\/Porsche\"><span style=\"font-weight: 400;\">Porsche<\/span><\/a><span style=\"font-weight: 400;\"> gab nach und lieferte das neue Modell nicht mehr als 901, sondern als 911 an die H\u00e4ndler.<\/span><\/p>\n<blockquote><p><strong>Lust auf einen Besuch im Porsche-Museum-Stuttgart?<\/strong> Alle Infos f\u00fcr Ihren Ausflug gibt es nat\u00fcrlich bei uns auf Retromanie <a href=\"https:\/\/www.sjs-carstyling.com\/blog\/rasanter-ausflugstipp-porsche-museum-stuttgart\/\">in diesem Beitrag<\/a>!<\/p><\/blockquote>\n<div id=\"attachment_5304\" style=\"width: 2010px\" class=\"wp-caption alignnone\"><img decoding=\"async\" aria-describedby=\"caption-attachment-5304\" class=\"size-full wp-image-5304\" src=\"https:\/\/www.sjs-carstyling.com\/blog\/wp-content\/uploads\/2025\/01\/Der-Porsche-911-im-Portraet-2.jpg\" alt=\"Der Porsche 911 im Portr\u00e4t (2)\" width=\"2000\" height=\"1333\" srcset=\"https:\/\/www.sjs-carstyling.com\/blog\/wp-content\/uploads\/2025\/01\/Der-Porsche-911-im-Portraet-2.jpg 2000w, https:\/\/www.sjs-carstyling.com\/blog\/wp-content\/uploads\/2025\/01\/Der-Porsche-911-im-Portraet-2-300x200.jpg 300w, https:\/\/www.sjs-carstyling.com\/blog\/wp-content\/uploads\/2025\/01\/Der-Porsche-911-im-Portraet-2-1024x682.jpg 1024w, https:\/\/www.sjs-carstyling.com\/blog\/wp-content\/uploads\/2025\/01\/Der-Porsche-911-im-Portraet-2-768x512.jpg 768w, https:\/\/www.sjs-carstyling.com\/blog\/wp-content\/uploads\/2025\/01\/Der-Porsche-911-im-Portraet-2-1536x1024.jpg 1536w, https:\/\/www.sjs-carstyling.com\/blog\/wp-content\/uploads\/2025\/01\/Der-Porsche-911-im-Portraet-2-175x117.jpg 175w, https:\/\/www.sjs-carstyling.com\/blog\/wp-content\/uploads\/2025\/01\/Der-Porsche-911-im-Portraet-2-450x300.jpg 450w, https:\/\/www.sjs-carstyling.com\/blog\/wp-content\/uploads\/2025\/01\/Der-Porsche-911-im-Portraet-2-1170x780.jpg 1170w, https:\/\/www.sjs-carstyling.com\/blog\/wp-content\/uploads\/2025\/01\/Der-Porsche-911-im-Portraet-2-312x208.jpg 312w\" sizes=\"(max-width: 2000px) 100vw, 2000px\" \/><p id=\"caption-attachment-5304\" class=\"wp-caption-text\">L\u00fcfterrad eines luftgek\u00fchlten Sechszylinder-Boxermotors.<br \/>Bildquelle: Martin Debus -stock.adobe.com<\/p><\/div>\n<p><span style=\"font-weight: 400;\">Der <\/span><b>Sechszylinder<\/b><span style=\"font-weight: 400;\"> zog damals <\/span><b>130 PS<\/b><span style=\"font-weight: 400;\"> aus 2,0 Litern Hubraum. In 9,1 Sekunden schaffte es das Coup\u00e9 auf Tempo 100 und erreichte kurze Zeit sp\u00e4ter die H\u00f6chstgeschwindigkeit von 210 Stundenkilometern. Dieser anf\u00e4nglichen Leistung folgten in den kommenden Jahren immer kr\u00e4ftigere Motoren. <\/span><b>1966<\/b><span style=\"font-weight: 400;\"> erhielt der <\/span><b>911 S<\/b><span style=\"font-weight: 400;\"> einen <\/span><b>160-PS-Boxermotor<\/b><span style=\"font-weight: 400;\">. Der 911 <\/span><b>Carrera RS 2.7<\/b><span style=\"font-weight: 400;\"> vereinte <\/span><b>1972<\/b><span style=\"font-weight: 400;\"> sogar <\/span><b>210 PS<\/b><span style=\"font-weight: 400;\"> mit einem Leergewicht von nur 1.000 Kilogramm.<\/span><\/p>\n<blockquote><p><b>Wussten Sie\u2019s?<\/b><span style=\"font-weight: 400;\"> Das \u201eEntenb\u00fcrzel\u201c des Carrera RS gilt als der weltweit erste Heckspoiler, der serienm\u00e4\u00dfig verbaut wurde.<\/span><\/p><\/blockquote>\n<p><iframe title=\"DER PORSCHE 911 - Ein Meisterst\u00fcck deutscher Ingenieurskunst &amp; Design-Ikone | WELT DRIVE DOKU\" width=\"1080\" height=\"608\" src=\"https:\/\/www.youtube.com\/embed\/Wv6H8ZIhsik?feature=oembed\"  allow=\"accelerometer; autoplay; clipboard-write; encrypted-media; gyroscope; picture-in-picture; web-share\" referrerpolicy=\"strict-origin-when-cross-origin\" allowfullscreen><\/iframe><\/p>\n<p><span style=\"font-weight: 400;\">Ein Jahr sp\u00e4ter traten <\/span><b>Turbolader<\/b><span style=\"font-weight: 400;\"> in den Vordergrund. In der zweiten Generation \u2013 bekannt als <\/span><b>G-Modell<\/b><span style=\"font-weight: 400;\"> \u2013 versteckten sie sich als technische Neuerung unter der Motorhaube. <\/span><b>260 PS<\/b><span style=\"font-weight: 400;\"> lie\u00dfen sich dem 3,0-Liter-Motor des <\/span><b>911 Turbo<\/b><span style=\"font-weight: 400;\"> entlocken und beschleunigten ihn innerhalb von 5,2 Sekunden auf Tempo 100. Die Autobauer behielten Saugmotoren weiter im Programm und pflegten zus\u00e4tzlich das Boxer-Prinzip. W\u00e4hrend <\/span><b>1982<\/b><span style=\"font-weight: 400;\"> das <\/span><b>erste 911 Cabrio<\/b><span style=\"font-weight: 400;\"> vom Band rollte, deb\u00fctierte <\/span><b>1983<\/b><span style=\"font-weight: 400;\"> der erste <\/span><b>Carrera<\/b><span style=\"font-weight: 400;\"> mit einem 3,2 Liter Hubraum und <\/span><b>231 PS<\/b><span style=\"font-weight: 400;\">.\u00a0<\/span><\/p>\n<div id=\"attachment_5303\" style=\"width: 2570px\" class=\"wp-caption alignnone\"><img decoding=\"async\" aria-describedby=\"caption-attachment-5303\" class=\"size-full wp-image-5303\" src=\"https:\/\/www.sjs-carstyling.com\/blog\/wp-content\/uploads\/2025\/01\/Der-Porsche-911-im-Portraet-1-scaled.jpeg\" alt=\"Der Porsche 911 im Portr\u00e4t (1)\" width=\"2560\" height=\"1383\" srcset=\"https:\/\/www.sjs-carstyling.com\/blog\/wp-content\/uploads\/2025\/01\/Der-Porsche-911-im-Portraet-1-scaled.jpeg 2560w, https:\/\/www.sjs-carstyling.com\/blog\/wp-content\/uploads\/2025\/01\/Der-Porsche-911-im-Portraet-1-300x162.jpeg 300w, https:\/\/www.sjs-carstyling.com\/blog\/wp-content\/uploads\/2025\/01\/Der-Porsche-911-im-Portraet-1-1024x553.jpeg 1024w, https:\/\/www.sjs-carstyling.com\/blog\/wp-content\/uploads\/2025\/01\/Der-Porsche-911-im-Portraet-1-768x415.jpeg 768w, https:\/\/www.sjs-carstyling.com\/blog\/wp-content\/uploads\/2025\/01\/Der-Porsche-911-im-Portraet-1-1536x830.jpeg 1536w, https:\/\/www.sjs-carstyling.com\/blog\/wp-content\/uploads\/2025\/01\/Der-Porsche-911-im-Portraet-1-2048x1106.jpeg 2048w, https:\/\/www.sjs-carstyling.com\/blog\/wp-content\/uploads\/2025\/01\/Der-Porsche-911-im-Portraet-1-175x95.jpeg 175w, https:\/\/www.sjs-carstyling.com\/blog\/wp-content\/uploads\/2025\/01\/Der-Porsche-911-im-Portraet-1-450x243.jpeg 450w, https:\/\/www.sjs-carstyling.com\/blog\/wp-content\/uploads\/2025\/01\/Der-Porsche-911-im-Portraet-1-1170x632.jpeg 1170w\" sizes=\"(max-width: 2560px) 100vw, 2560px\" \/><p id=\"caption-attachment-5303\" class=\"wp-caption-text\">Auch in orange macht der 911er eine gute Figur.<br \/>Bildquelle: AA+W &#8211; stock.adobe.com<\/p><\/div>\n<h2><b>Der letzte luftgek\u00fchlte 911er<\/b><\/h2>\n<p><span style=\"font-weight: 400;\">Das G-Modell wurde bis 1988 auf den Asphalt entlassen, bis der <\/span><b>Typ 964 <\/b><span style=\"font-weight: 400;\">die <\/span><b>dritte Generation<\/b><span style=\"font-weight: 400;\"> einl\u00e4utete. Die Varianten Coup\u00e9, Cabriolet und Targa der Baureihe erhielten einen Allradantrieb, dem zwei Jahre sp\u00e4ter ein weiterer Turbo folgte.<\/span><b> 1993<\/b><span style=\"font-weight: 400;\"> ging die <\/span><b>vierte Generation<\/b><span style=\"font-weight: 400;\"> in Produktion, die sich durch ein neues Aluminiumfahrwerk, ein Biturbo-Aggregat mit 385 PS und 283 kW und eine flachere Frontpartie auszeichnete.<\/span><\/p>\n<blockquote><p><b>Ein Highlight f\u00fcr Sammler:<\/b><span style=\"font-weight: 400;\"> Der Typ 993 bildete nicht nur den Beginn der vierten Generation, sondern auch das Ende der luftgek\u00fchlten Neunelfer.<\/span><\/p><\/blockquote>\n<p><span style=\"font-weight: 400;\">Der <\/span><b>Typ 996<\/b><span style=\"font-weight: 400;\"> rollte <\/span><b>1997<\/b><span style=\"font-weight: 400;\"> als <\/span><b>erster wassergek\u00fchlter Boxermotor<\/b><span style=\"font-weight: 400;\"> auf die Stra\u00dfen. Das Modell profitierte einerseits von einer verbesserten K\u00fchlleistung und hielt andererseits die k\u00fcnftigen Abgasvorschriften ein. Dank <\/span><b>Vierventiltechnik<\/b><span style=\"font-weight: 400;\"> schlummerte im 996er eine Leistung von <\/span><b>300 PS<\/b><span style=\"font-weight: 400;\">. Getoppt wurde diese vom <\/span><b>Typ 997<\/b><span style=\"font-weight: 400;\">, der ab <\/span><b>2004<\/b><span style=\"font-weight: 400;\"> den Markt eroberte. Aus einem 3,6-Liter-Boxermotor entwickelte der <\/span><b>Carrera 325 PS<\/b><span style=\"font-weight: 400;\">, w\u00e4hrend es der <\/span><b>Carrera S<\/b><span style=\"font-weight: 400;\"> mit 3,8 Liter Hubraum sogar auf <\/span><b>355 PS<\/b><span style=\"font-weight: 400;\"> schaffte.\u00a0<\/span><\/p>\n<div id=\"attachment_5306\" style=\"width: 2010px\" class=\"wp-caption alignnone\"><img decoding=\"async\" aria-describedby=\"caption-attachment-5306\" class=\"size-full wp-image-5306\" src=\"https:\/\/www.sjs-carstyling.com\/blog\/wp-content\/uploads\/2025\/01\/Der-Porsche-911-im-Portraet-4.jpg\" alt=\"Der Porsche 911 im Portr\u00e4t (4)\" width=\"2000\" height=\"1500\" srcset=\"https:\/\/www.sjs-carstyling.com\/blog\/wp-content\/uploads\/2025\/01\/Der-Porsche-911-im-Portraet-4.jpg 2000w, https:\/\/www.sjs-carstyling.com\/blog\/wp-content\/uploads\/2025\/01\/Der-Porsche-911-im-Portraet-4-300x225.jpg 300w, https:\/\/www.sjs-carstyling.com\/blog\/wp-content\/uploads\/2025\/01\/Der-Porsche-911-im-Portraet-4-1024x768.jpg 1024w, https:\/\/www.sjs-carstyling.com\/blog\/wp-content\/uploads\/2025\/01\/Der-Porsche-911-im-Portraet-4-768x576.jpg 768w, https:\/\/www.sjs-carstyling.com\/blog\/wp-content\/uploads\/2025\/01\/Der-Porsche-911-im-Portraet-4-1536x1152.jpg 1536w, https:\/\/www.sjs-carstyling.com\/blog\/wp-content\/uploads\/2025\/01\/Der-Porsche-911-im-Portraet-4-175x131.jpg 175w, https:\/\/www.sjs-carstyling.com\/blog\/wp-content\/uploads\/2025\/01\/Der-Porsche-911-im-Portraet-4-450x338.jpg 450w, https:\/\/www.sjs-carstyling.com\/blog\/wp-content\/uploads\/2025\/01\/Der-Porsche-911-im-Portraet-4-1170x878.jpg 1170w\" sizes=\"(max-width: 2000px) 100vw, 2000px\" \/><p id=\"caption-attachment-5306\" class=\"wp-caption-text\">Vintage-Interieur eines Porsche 911. Kult: die orangenen Anzeigenadeln.<br \/>Bildquelle: VGV stock.adobe.com<\/p><\/div>\n<p><b>2006<\/b><span style=\"font-weight: 400;\"> wurde der Porsche 911 Turbo erstmals mit einem <\/span><b>Turbolader und variabler Turbinengeometrie<\/b><span style=\"font-weight: 400;\"> ausgestattet. Er hielt 480 PS (353 kW) bereit und beschleunigte innerhalb von vier Sekunden auf Tempo 100. 2008 folgte ein Doppelkupplungsgetriebe. <\/span><b>2010<\/b><span style=\"font-weight: 400;\"> zog zudem der Porsche 911 <\/span><b>GT2 RS<\/b><span style=\"font-weight: 400;\"> alle Blicke auf sich. Das bis zu diesem Zeitpunkt <\/span><b>schnellste Elfer-Modell<\/b><span style=\"font-weight: 400;\"> mit Stra\u00dfenzulassung verf\u00fcgte \u00fcber Keramikbremsen, <\/span><b>620 PS<\/b><span style=\"font-weight: 400;\"> und eine H\u00f6chstgeschwindigkeit von bis zu 330 Stundenkilometern. Der Preis des auf 500 St\u00fcck limitierten Porsche Modells lag bei rund 237.500 Euro.<\/span><\/p>\n<hr \/>\n<h2><strong>4 Fun Facts zum 911er<\/strong><\/h2>\n<ol>\n<li>\u00a0Ferdinand &#8222;Butzi&#8220; Porsche entwarf den ersten 911 als <strong>Nachfolger des Porsche 356<\/strong>. Ziel war es, ein komfortables, schnelles und dennoch alltagstaugliches Auto zu entwickeln, <strong>das Platz f\u00fcr vier Personen bieten konnte (auch wenn die R\u00fccksitze klein ausfielen).<\/strong><\/li>\n<li>Als der Porsche 911 im Jahr 1964 auf den Markt kam, lag der Preis <strong>bei 11.550 Deutschen Mark.<\/strong> Zum Vergleich: Ein Durchschnittslohn in Deutschland lag damals bei etwa 500 DM pro Monat.<\/li>\n<li><strong>Seit seiner Einf\u00fchrung<\/strong> im Jahr 1964 <strong>hat der Porsche 911 sein charakteristisches Design<\/strong> mit den runden Scheinwerfern, der schr\u00e4gen Dachlinie und dem Heckmotor <strong>beibehalten.<\/strong> Obwohl viele technische Innovationen hinzukamen, ist <strong>die Silhouette des 911 sofort erkennbar.<\/strong><\/li>\n<li><strong>Der 911 ist eines der erfolgreichsten Rennfahrzeuge der Welt.<\/strong> Ob bei der Rallye Monte Carlo, den 24 Stunden von Le Mans oder der Rallye Dakar \u2013 der Porsche 911 hat in verschiedensten Disziplinen zahlreiche Siege eingefahren. Das macht ihn zu einer Motorsport-Ikone.<\/li>\n<\/ol>\n<hr \/>\n<h2><b>911 Carrera: Steigerung bei Performance und Komfort<\/b><\/h2>\n<p><span style=\"font-weight: 400;\">Ein Jahr sp\u00e4ter r\u00fcckte der Porsche <\/span><b>991<\/b><span style=\"font-weight: 400;\"> ins Rampenlicht. Ein neues Fahrwerk, ein ver\u00e4nderter Radstand, eine gr\u00f6\u00dfere Spurbreite und m\u00e4chtigere Reifen waren nur <\/span><b>einige \u00c4nderungen<\/b><span style=\"font-weight: 400;\">, denen er sich unterziehen musste. Der Innenraum fiel ergonomischer aus, w\u00e4hrend die Silhouette flacher und gestreckter anmutete. Obwohl sich der Hubraum des Carrera-Grundmodells auf 3,4 Liter verkleinerte, leistete der 991 mit dem weltweit ersten manuellen <\/span><b>Siebengang-Schaltgetriebe<\/b><span style=\"font-weight: 400;\"> 5 PS mehr als zuvor.\u00a0<\/span><\/p>\n<p><iframe title=\"Porsche 911 - Auto-Ikonen I SWR\" width=\"1080\" height=\"608\" src=\"https:\/\/www.youtube.com\/embed\/svlLfOynOmU?feature=oembed\"  allow=\"accelerometer; autoplay; clipboard-write; encrypted-media; gyroscope; picture-in-picture; web-share\" referrerpolicy=\"strict-origin-when-cross-origin\" allowfullscreen><\/iframe><\/p>\n<p><span style=\"font-weight: 400;\">Seit dem <\/span><b>Facelift 2015<\/b><span style=\"font-weight: 400;\"> setzte Porsche au\u00dferdem nur noch <\/span><b>Turboaggregate<\/b><span style=\"font-weight: 400;\"> ein \u2013 mit Ausnahme des 911 GT3 RS. Auch in den folgenden Jahren erhielten die Sportwagen aus Zuffenhausen <\/span><b>zahlreiche Feinjustierungen<\/b><span style=\"font-weight: 400;\"> und zeigten sich gleicherma\u00dfen performant und komfortabel.<\/span><\/p>\n<p><span style=\"font-weight: 400;\">Die <\/span><b>aktuelle Modellpalette von Porsche<\/b><span style=\"font-weight: 400;\"> bietet nach wie vor eine gro\u00dfe Bandbreite an Ausstattungsvarianten \u2013 von der Motorisierung \u00fcber das Automatik- oder Schaltgetriebe bis hin zum Hinterrad- oder Allradantrieb. Vor allem bei Neuwagen genie\u00dfen Enthusiasten der 911er-Familie <\/span><b>maximale Individualit\u00e4t<\/b><span style=\"font-weight: 400;\">. Doch auch <\/span><b>Oldtimer aus der Elfer-Reihe<\/b><span style=\"font-weight: 400;\"> er\u00f6ffnen eine vielseitige Auswahl.<\/span><\/p>\n<div id=\"attachment_5305\" style=\"width: 2010px\" class=\"wp-caption alignnone\"><img decoding=\"async\" aria-describedby=\"caption-attachment-5305\" class=\"size-full wp-image-5305\" src=\"https:\/\/www.sjs-carstyling.com\/blog\/wp-content\/uploads\/2025\/01\/Der-Porsche-911-im-Portraet-3.jpg\" alt=\"Der Porsche 911 im Portr\u00e4t (3)\" width=\"2000\" height=\"1333\" srcset=\"https:\/\/www.sjs-carstyling.com\/blog\/wp-content\/uploads\/2025\/01\/Der-Porsche-911-im-Portraet-3.jpg 2000w, https:\/\/www.sjs-carstyling.com\/blog\/wp-content\/uploads\/2025\/01\/Der-Porsche-911-im-Portraet-3-300x200.jpg 300w, https:\/\/www.sjs-carstyling.com\/blog\/wp-content\/uploads\/2025\/01\/Der-Porsche-911-im-Portraet-3-1024x682.jpg 1024w, https:\/\/www.sjs-carstyling.com\/blog\/wp-content\/uploads\/2025\/01\/Der-Porsche-911-im-Portraet-3-768x512.jpg 768w, https:\/\/www.sjs-carstyling.com\/blog\/wp-content\/uploads\/2025\/01\/Der-Porsche-911-im-Portraet-3-1536x1024.jpg 1536w, https:\/\/www.sjs-carstyling.com\/blog\/wp-content\/uploads\/2025\/01\/Der-Porsche-911-im-Portraet-3-175x117.jpg 175w, https:\/\/www.sjs-carstyling.com\/blog\/wp-content\/uploads\/2025\/01\/Der-Porsche-911-im-Portraet-3-450x300.jpg 450w, https:\/\/www.sjs-carstyling.com\/blog\/wp-content\/uploads\/2025\/01\/Der-Porsche-911-im-Portraet-3-1170x780.jpg 1170w, https:\/\/www.sjs-carstyling.com\/blog\/wp-content\/uploads\/2025\/01\/Der-Porsche-911-im-Portraet-3-312x208.jpg 312w\" sizes=\"(max-width: 2000px) 100vw, 2000px\" \/><p id=\"caption-attachment-5305\" class=\"wp-caption-text\">Porsche 911 GT3 RS &#8211; ein Rennsportbolide mit Stra\u00dfenzulassung.<br \/>Bildquelle: Mike Mareen &#8211; stock.adobe.com<\/p><\/div>\n<h2><b>Alternativen zum Porsche 911<\/b><\/h2>\n<p><span style=\"font-weight: 400;\">Trotz Kultstatus muss ein 911er nicht die einzige Wahl sein. Aus der Modellpalette von Porsche kommen alternativ auch Modelle wie der 718 und der Taycan in Betracht. W\u00e4hrend der <\/span><b>Porsche 718<\/b><span style=\"font-weight: 400;\"> mit rund 58.000 Euro zu Buche schl\u00e4gt und einen leistungsstarken Motor mit bis zu 500 PS liefert, pr\u00e4sentiert sich der <\/span><b>strombetriebene Taycan<\/b><span style=\"font-weight: 400;\"> mit einer Leistung von bis zu 716 PS und einem Preis ab 86.000 Euro.\u00a0<\/span><\/p>\n<blockquote><p><span style=\"font-weight: 400;\">Wer sich nicht nur bei Porsche umsehen m\u00f6chte, kann auch einen Blick auf Konkurrenzmodelle von <\/span><a href=\"https:\/\/www.sjs-carstyling.com\/Ferrari\"><span style=\"font-weight: 400;\">Ferrari<\/span><\/a><span style=\"font-weight: 400;\"> und <\/span><a href=\"https:\/\/www.sjs-carstyling.com\/Aston-Martin\"><span style=\"font-weight: 400;\">Aston Martin<\/span><\/a><span style=\"font-weight: 400;\"> werfen. Der <\/span><b>Ferrari 488 GTB<\/b><span style=\"font-weight: 400;\"> leistet bis zu 670 PS und ist ab rund 230.000 Euro zu haben. Der <\/span><b>Aston Martin Vanquish<\/b><span style=\"font-weight: 400;\"> bietet eine Motorleistung bis zu 603 PS und fordert eine Investition von rund 280.000 Euro.<\/span><\/p><\/blockquote>\n<div id=\"attachment_5307\" style=\"width: 2010px\" class=\"wp-caption alignnone\"><img decoding=\"async\" aria-describedby=\"caption-attachment-5307\" class=\"size-full wp-image-5307\" src=\"https:\/\/www.sjs-carstyling.com\/blog\/wp-content\/uploads\/2025\/01\/Der-Porsche-911-im-Portraet-5.jpg\" alt=\"Der Porsche 911 im Portr\u00e4t (5)\" width=\"2000\" height=\"1125\" srcset=\"https:\/\/www.sjs-carstyling.com\/blog\/wp-content\/uploads\/2025\/01\/Der-Porsche-911-im-Portraet-5.jpg 2000w, https:\/\/www.sjs-carstyling.com\/blog\/wp-content\/uploads\/2025\/01\/Der-Porsche-911-im-Portraet-5-300x169.jpg 300w, https:\/\/www.sjs-carstyling.com\/blog\/wp-content\/uploads\/2025\/01\/Der-Porsche-911-im-Portraet-5-1024x576.jpg 1024w, https:\/\/www.sjs-carstyling.com\/blog\/wp-content\/uploads\/2025\/01\/Der-Porsche-911-im-Portraet-5-768x432.jpg 768w, https:\/\/www.sjs-carstyling.com\/blog\/wp-content\/uploads\/2025\/01\/Der-Porsche-911-im-Portraet-5-1536x864.jpg 1536w, https:\/\/www.sjs-carstyling.com\/blog\/wp-content\/uploads\/2025\/01\/Der-Porsche-911-im-Portraet-5-175x98.jpg 175w, https:\/\/www.sjs-carstyling.com\/blog\/wp-content\/uploads\/2025\/01\/Der-Porsche-911-im-Portraet-5-450x253.jpg 450w, https:\/\/www.sjs-carstyling.com\/blog\/wp-content\/uploads\/2025\/01\/Der-Porsche-911-im-Portraet-5-1170x658.jpg 1170w\" sizes=\"(max-width: 2000px) 100vw, 2000px\" \/><p id=\"caption-attachment-5307\" class=\"wp-caption-text\">Lust auf Frischluft? Der Porsche 911 Carrera Targa kommt Open Air.<br \/>Bildquelle: theimageengine &#8211; stock.adobe.com<\/p><\/div>\n<h2><b>SJS-Carstyling: Oldtimer-Ersatzteile vom Profi<\/b><\/h2>\n<p><span style=\"font-weight: 400;\">Bei uns im Sortiment finden Sie die passenden Ersatzteile f\u00fcr Ihren 911er, zum Beispiel hochwertige <a href=\"https:\/\/www.sjs-carstyling.com\/Sitzbezuege-Bezuege-fuer-Porsche-911-Baujahr-1985-1994\">Sitzbez\u00fcge<\/a> oder <a href=\"https:\/\/www.sjs-carstyling.com\/Sicherheitsgurt-Gurt-Zweipunkt-Chrom-rot-fuer-Porsche-911-Set\">Sicherheitsgurte<\/a>. Egal, ob Porsche 911, <\/span><a href=\"https:\/\/www.sjs-carstyling.com\/Mercedes-Benz\"><span style=\"font-weight: 400;\">Mercedes-Benz<\/span><\/a> <a href=\"https:\/\/www.sjs-carstyling.com\/W123\"><span style=\"font-weight: 400;\">W123<\/span><\/a><span style=\"font-weight: 400;\"> oder <\/span><a href=\"https:\/\/www.sjs-carstyling.com\/VW\"><span style=\"font-weight: 400;\">VW<\/span><\/a> <a href=\"https:\/\/www.sjs-carstyling.com\/Kaefer\"><span style=\"font-weight: 400;\">K\u00e4fer<\/span><\/a><span style=\"font-weight: 400;\">: Damit hinter dem Lenkrad richtig Freude aufkommt, will jeder <\/span><b>Oldtimer in einem bestm\u00f6glichen Zustand erhalten<\/b><span style=\"font-weight: 400;\"> werden. Damit Sie Ihr automobiles Sch\u00e4tzchen bestens hegen und pflegen k\u00f6nnen, finden Sie im Onlineshop von <\/span><a href=\"https:\/\/www.sjs-carstyling.com\/\"><span style=\"font-weight: 400;\">SJS-Carstyling<\/span><\/a><span style=\"font-weight: 400;\"> alles, was Sie f\u00fcr die <\/span><a href=\"https:\/\/www.sjs-carstyling.com\/Zubehoer-Pflege\"><span style=\"font-weight: 400;\">Pflege<\/span><\/a><b>, Reparatur und Restauration<\/b><span style=\"font-weight: 400;\"> brauchen. Auch bei <\/span><a href=\"https:\/\/www.sjs-carstyling.com\/blog\/autosattlerei-berlin\/\"><span style=\"font-weight: 400;\">Sattlerarbeiten<\/span><\/a> <span style=\"font-weight: 400;\">k\u00f6nnen Sie sich auf uns verlassen. Von der <\/span><a href=\"https:\/\/www.sjs-carstyling.com\/blog\/operation-dachhimmel-so-gelingt-die-sanierung-im-oldtimer\/\"><span style=\"font-weight: 400;\">Dachhimmelsanierung<\/span><\/a><span style=\"font-weight: 400;\"> stehen wir Ihnen bis hin zur <\/span><b>Restauration des gesamten Innenraums<\/b><span style=\"font-weight: 400;\"> mit einem\u00a0 professionellen Service zur Seite.<\/span><\/p>\n<p><b>Sie wollen rund ums Thema Oldtimer, Youngtimer und Classic Cars auf dem Laufenden bleiben? <\/b><span style=\"font-weight: 400;\">Dann legen wir Ihnen unseren <\/span><a href=\"https:\/\/www.sjs-carstyling.com\/blog\/\"><span style=\"font-weight: 400;\">exklusiven Oldtimerblog<\/span><\/a><span style=\"font-weight: 400;\"> ans Herz und empfehlen Ihnen ein Abonnement unseres <\/span><a href=\"https:\/\/www.sjs-carstyling.com\/Newsletter\"><span style=\"font-weight: 400;\">kostenlosen Newsletters<\/span><\/a><span style=\"font-weight: 400;\">. Beides ist garantiert ein Reinlesen wert!<\/span><\/p>\n<hr \/>\n<p><strong>Bildquelle Titelbild: VGV &#8211; stock.adobe.com<\/strong><\/p>\n<p>&#8222;Vintage-Interieur eines Porsche 911. Kult: die orangenen Anzeigenadeln.&#8220;<\/p>\n<p>&nbsp;<\/p>\n","protected":false},"excerpt":{"rendered":"<p>Als Inbegriff des Sportwagens genie\u00dft der Porsche 911 l\u00e4ngst Kultstatus. Schon 1963 wurde das erste Modell auf der IAA in Frankfurt am Main vorgestellt. Seitdem ist der \u201eElfer\u201c weder als Gebrauchtwagen noch als Neuwagen von der Stra\u00dfe wegzudenken. Wir haben das Classic Car im Portr\u00e4t. Porsche 911: Seit 1963 ein Klassiker 1963 rollte der 911 [&hellip;]<\/p>\n","protected":false},"author":7,"featured_media":5306,"comment_status":"open","ping_status":"open","sticky":false,"template":"","format":"standard","meta":{"_et_pb_use_builder":"","_et_pb_old_content":"","_et_gb_content_width":"","footnotes":""},"categories":[6],"tags":[305,634,635,636,637,638,639,640,641],"class_list":["post-5302","post","type-post","status-publish","format-standard","has-post-thumbnail","hentry","category-oldtimer-portraits","tag-neu","tag-porsche-911","tag-porsche-911-dakar","tag-porsche-911-gt3","tag-porsche-911-gt3-rs","tag-porsche-911-oldtimer","tag-porsche-911-preis","tag-porsche-911-st","tag-porsche-911-turbo-s"],"yoast_head":"<!-- This site is optimized with the Yoast SEO plugin v27.5 - https:\/\/yoast.com\/product\/yoast-seo-wordpress\/ -->\n<title>Im Portr\u00e4t: Porsche 911 | Geschichte der 911er-Familie<\/title>\n<meta name=\"description\" content=\"Seit seiner Pr\u00e4sentation 1963 gilt der Porsche 911 als kultiges Classic Car. Jetzt die ganze faszinierende Geschichte des Neunelfers lesen!\" \/>\n<meta name=\"robots\" content=\"index, follow, max-snippet:-1, max-image-preview:large, max-video-preview:-1\" \/>\n<link rel=\"canonical\" href=\"https:\/\/www.sjs-carstyling.com\/blog\/im-portraet-porsche-911\/\" \/>\n<meta property=\"og:locale\" content=\"de_DE\" \/>\n<meta property=\"og:type\" content=\"article\" \/>\n<meta property=\"og:title\" content=\"Im Portr\u00e4t: Porsche 911 | Geschichte der 911er-Familie\" \/>\n<meta property=\"og:description\" content=\"Seit seiner Pr\u00e4sentation 1963 gilt der Porsche 911 als kultiges Classic Car. Jetzt die ganze faszinierende Geschichte des Neunelfers lesen!\" \/>\n<meta property=\"og:url\" content=\"https:\/\/www.sjs-carstyling.com\/blog\/im-portraet-porsche-911\/\" \/>\n<meta property=\"og:site_name\" content=\"SJS Carstyling Oldtimer Magazin\" \/>\n<meta property=\"article:published_time\" content=\"2025-01-19T23:10:35+00:00\" \/>\n<meta property=\"article:modified_time\" content=\"2025-02-14T14:19:27+00:00\" \/>\n<meta property=\"og:image\" content=\"https:\/\/www.sjs-carstyling.com\/blog\/wp-content\/uploads\/2025\/01\/Der-Porsche-911-im-Portraet-4.jpg\" \/>\n\t<meta property=\"og:image:width\" content=\"2000\" \/>\n\t<meta property=\"og:image:height\" content=\"1500\" \/>\n\t<meta property=\"og:image:type\" content=\"image\/jpeg\" \/>\n<meta name=\"author\" content=\"Jennifer Nagel\" \/>\n<meta name=\"twitter:card\" content=\"summary_large_image\" \/>\n<meta name=\"twitter:label1\" content=\"Verfasst von\" \/>\n\t<meta name=\"twitter:data1\" content=\"Jennifer Nagel\" \/>\n\t<meta name=\"twitter:label2\" content=\"Gesch\u00e4tzte Lesezeit\" \/>\n\t<meta name=\"twitter:data2\" content=\"8\u00a0Minuten\" \/>\n<script type=\"application\/ld+json\" class=\"yoast-schema-graph\">{\"@context\":\"https:\\\/\\\/schema.org\",\"@graph\":[{\"@type\":\"Article\",\"@id\":\"https:\\\/\\\/www.sjs-carstyling.com\\\/blog\\\/im-portraet-porsche-911\\\/#article\",\"isPartOf\":{\"@id\":\"https:\\\/\\\/www.sjs-carstyling.com\\\/blog\\\/im-portraet-porsche-911\\\/\"},\"author\":{\"name\":\"Jennifer Nagel\",\"@id\":\"https:\\\/\\\/www.sjs-carstyling.com\\\/blog\\\/#\\\/schema\\\/person\\\/332a47a414a4b472319d5e770d80d8b6\"},\"headline\":\"Im Portr\u00e4t: Die Legende Porsche 911\",\"datePublished\":\"2025-01-19T23:10:35+00:00\",\"dateModified\":\"2025-02-14T14:19:27+00:00\",\"mainEntityOfPage\":{\"@id\":\"https:\\\/\\\/www.sjs-carstyling.com\\\/blog\\\/im-portraet-porsche-911\\\/\"},\"wordCount\":1247,\"commentCount\":0,\"image\":{\"@id\":\"https:\\\/\\\/www.sjs-carstyling.com\\\/blog\\\/im-portraet-porsche-911\\\/#primaryimage\"},\"thumbnailUrl\":\"https:\\\/\\\/www.sjs-carstyling.com\\\/blog\\\/wp-content\\\/uploads\\\/2025\\\/01\\\/Der-Porsche-911-im-Portraet-4.jpg\",\"keywords\":[\"Neu\",\"Porsche 911\",\"Porsche 911 Dakar\",\"Porsche 911 gt3\",\"Porsche 911 gt3 rs\",\"Porsche 911 oldtimer\",\"Porsche 911 preis\",\"Porsche 911 st\",\"Porsche 911 turbo s\"],\"articleSection\":[\"Oldtimer Portraits\"],\"inLanguage\":\"de\",\"potentialAction\":[{\"@type\":\"CommentAction\",\"name\":\"Comment\",\"target\":[\"https:\\\/\\\/www.sjs-carstyling.com\\\/blog\\\/im-portraet-porsche-911\\\/#respond\"]}]},{\"@type\":\"WebPage\",\"@id\":\"https:\\\/\\\/www.sjs-carstyling.com\\\/blog\\\/im-portraet-porsche-911\\\/\",\"url\":\"https:\\\/\\\/www.sjs-carstyling.com\\\/blog\\\/im-portraet-porsche-911\\\/\",\"name\":\"Im Portr\u00e4t: Porsche 911 | Geschichte der 911er-Familie\",\"isPartOf\":{\"@id\":\"https:\\\/\\\/www.sjs-carstyling.com\\\/blog\\\/#website\"},\"primaryImageOfPage\":{\"@id\":\"https:\\\/\\\/www.sjs-carstyling.com\\\/blog\\\/im-portraet-porsche-911\\\/#primaryimage\"},\"image\":{\"@id\":\"https:\\\/\\\/www.sjs-carstyling.com\\\/blog\\\/im-portraet-porsche-911\\\/#primaryimage\"},\"thumbnailUrl\":\"https:\\\/\\\/www.sjs-carstyling.com\\\/blog\\\/wp-content\\\/uploads\\\/2025\\\/01\\\/Der-Porsche-911-im-Portraet-4.jpg\",\"datePublished\":\"2025-01-19T23:10:35+00:00\",\"dateModified\":\"2025-02-14T14:19:27+00:00\",\"author\":{\"@id\":\"https:\\\/\\\/www.sjs-carstyling.com\\\/blog\\\/#\\\/schema\\\/person\\\/332a47a414a4b472319d5e770d80d8b6\"},\"description\":\"Seit seiner Pr\u00e4sentation 1963 gilt der Porsche 911 als kultiges Classic Car. Jetzt die ganze faszinierende Geschichte des Neunelfers lesen!\",\"inLanguage\":\"de\",\"potentialAction\":[{\"@type\":\"ReadAction\",\"target\":[\"https:\\\/\\\/www.sjs-carstyling.com\\\/blog\\\/im-portraet-porsche-911\\\/\"]}]},{\"@type\":\"ImageObject\",\"inLanguage\":\"de\",\"@id\":\"https:\\\/\\\/www.sjs-carstyling.com\\\/blog\\\/im-portraet-porsche-911\\\/#primaryimage\",\"url\":\"https:\\\/\\\/www.sjs-carstyling.com\\\/blog\\\/wp-content\\\/uploads\\\/2025\\\/01\\\/Der-Porsche-911-im-Portraet-4.jpg\",\"contentUrl\":\"https:\\\/\\\/www.sjs-carstyling.com\\\/blog\\\/wp-content\\\/uploads\\\/2025\\\/01\\\/Der-Porsche-911-im-Portraet-4.jpg\",\"width\":2000,\"height\":1500,\"caption\":\"Vintage-Interieur eines Porsche 911. Kult: die orangenen Anzeigenadeln. Bildquelle: VGV - stock.adobe.com\"},{\"@type\":\"WebSite\",\"@id\":\"https:\\\/\\\/www.sjs-carstyling.com\\\/blog\\\/#website\",\"url\":\"https:\\\/\\\/www.sjs-carstyling.com\\\/blog\\\/\",\"name\":\"SJS Carstyling Oldtimer Magazin\",\"description\":\"Der Blog rund um das liebste Fahrzeug: finde Oldtimer-News, Modellvergleiche, Event-Hinweise und vieles mehr!\",\"potentialAction\":[{\"@type\":\"SearchAction\",\"target\":{\"@type\":\"EntryPoint\",\"urlTemplate\":\"https:\\\/\\\/www.sjs-carstyling.com\\\/blog\\\/?s={search_term_string}\"},\"query-input\":{\"@type\":\"PropertyValueSpecification\",\"valueRequired\":true,\"valueName\":\"search_term_string\"}}],\"inLanguage\":\"de\"},{\"@type\":\"Person\",\"@id\":\"https:\\\/\\\/www.sjs-carstyling.com\\\/blog\\\/#\\\/schema\\\/person\\\/332a47a414a4b472319d5e770d80d8b6\",\"name\":\"Jennifer Nagel\",\"image\":{\"@type\":\"ImageObject\",\"inLanguage\":\"de\",\"@id\":\"https:\\\/\\\/secure.gravatar.com\\\/avatar\\\/41e24e4fa721570a85d358a674d8a182b434d7f2e24660c53d8dbbacf2214157?s=96&d=mm&r=g\",\"url\":\"https:\\\/\\\/secure.gravatar.com\\\/avatar\\\/41e24e4fa721570a85d358a674d8a182b434d7f2e24660c53d8dbbacf2214157?s=96&d=mm&r=g\",\"contentUrl\":\"https:\\\/\\\/secure.gravatar.com\\\/avatar\\\/41e24e4fa721570a85d358a674d8a182b434d7f2e24660c53d8dbbacf2214157?s=96&d=mm&r=g\",\"caption\":\"Jennifer Nagel\"},\"description\":\"Jennifer ist Vielfahrerin und liebt es, bei guter Musik \u00fcber den Asphalt zu rollen. Besonders heimisch f\u00fchlt sie sich auf den Autobahnen rund um Mannheim und Frankfurt. Ihr Herz geh\u00f6rt ihrem Ford Fiesta, der sie zuverl\u00e4ssig an jedes Ziel bringt. Wenn sie nicht gerade im Auto sitzt, schreibt sie mit Freude \u00fcber alles, was vier R\u00e4der hat.\",\"url\":\"https:\\\/\\\/www.sjs-carstyling.com\\\/blog\\\/author\\\/jennifer\\\/\"}]}<\/script>\n<!-- \/ Yoast SEO plugin. -->","yoast_head_json":{"title":"Im Portr\u00e4t: Porsche 911 | Geschichte der 911er-Familie","description":"Seit seiner Pr\u00e4sentation 1963 gilt der Porsche 911 als kultiges Classic Car. Jetzt die ganze faszinierende Geschichte des Neunelfers lesen!","robots":{"index":"index","follow":"follow","max-snippet":"max-snippet:-1","max-image-preview":"max-image-preview:large","max-video-preview":"max-video-preview:-1"},"canonical":"https:\/\/www.sjs-carstyling.com\/blog\/im-portraet-porsche-911\/","og_locale":"de_DE","og_type":"article","og_title":"Im Portr\u00e4t: Porsche 911 | Geschichte der 911er-Familie","og_description":"Seit seiner Pr\u00e4sentation 1963 gilt der Porsche 911 als kultiges Classic Car. Jetzt die ganze faszinierende Geschichte des Neunelfers lesen!","og_url":"https:\/\/www.sjs-carstyling.com\/blog\/im-portraet-porsche-911\/","og_site_name":"SJS Carstyling Oldtimer Magazin","article_published_time":"2025-01-19T23:10:35+00:00","article_modified_time":"2025-02-14T14:19:27+00:00","og_image":[{"width":2000,"height":1500,"url":"https:\/\/www.sjs-carstyling.com\/blog\/wp-content\/uploads\/2025\/01\/Der-Porsche-911-im-Portraet-4.jpg","type":"image\/jpeg"}],"author":"Jennifer Nagel","twitter_card":"summary_large_image","twitter_misc":{"Verfasst von":"Jennifer Nagel","Gesch\u00e4tzte Lesezeit":"8\u00a0Minuten"},"schema":{"@context":"https:\/\/schema.org","@graph":[{"@type":"Article","@id":"https:\/\/www.sjs-carstyling.com\/blog\/im-portraet-porsche-911\/#article","isPartOf":{"@id":"https:\/\/www.sjs-carstyling.com\/blog\/im-portraet-porsche-911\/"},"author":{"name":"Jennifer Nagel","@id":"https:\/\/www.sjs-carstyling.com\/blog\/#\/schema\/person\/332a47a414a4b472319d5e770d80d8b6"},"headline":"Im Portr\u00e4t: Die Legende Porsche 911","datePublished":"2025-01-19T23:10:35+00:00","dateModified":"2025-02-14T14:19:27+00:00","mainEntityOfPage":{"@id":"https:\/\/www.sjs-carstyling.com\/blog\/im-portraet-porsche-911\/"},"wordCount":1247,"commentCount":0,"image":{"@id":"https:\/\/www.sjs-carstyling.com\/blog\/im-portraet-porsche-911\/#primaryimage"},"thumbnailUrl":"https:\/\/www.sjs-carstyling.com\/blog\/wp-content\/uploads\/2025\/01\/Der-Porsche-911-im-Portraet-4.jpg","keywords":["Neu","Porsche 911","Porsche 911 Dakar","Porsche 911 gt3","Porsche 911 gt3 rs","Porsche 911 oldtimer","Porsche 911 preis","Porsche 911 st","Porsche 911 turbo s"],"articleSection":["Oldtimer Portraits"],"inLanguage":"de","potentialAction":[{"@type":"CommentAction","name":"Comment","target":["https:\/\/www.sjs-carstyling.com\/blog\/im-portraet-porsche-911\/#respond"]}]},{"@type":"WebPage","@id":"https:\/\/www.sjs-carstyling.com\/blog\/im-portraet-porsche-911\/","url":"https:\/\/www.sjs-carstyling.com\/blog\/im-portraet-porsche-911\/","name":"Im Portr\u00e4t: Porsche 911 | Geschichte der 911er-Familie","isPartOf":{"@id":"https:\/\/www.sjs-carstyling.com\/blog\/#website"},"primaryImageOfPage":{"@id":"https:\/\/www.sjs-carstyling.com\/blog\/im-portraet-porsche-911\/#primaryimage"},"image":{"@id":"https:\/\/www.sjs-carstyling.com\/blog\/im-portraet-porsche-911\/#primaryimage"},"thumbnailUrl":"https:\/\/www.sjs-carstyling.com\/blog\/wp-content\/uploads\/2025\/01\/Der-Porsche-911-im-Portraet-4.jpg","datePublished":"2025-01-19T23:10:35+00:00","dateModified":"2025-02-14T14:19:27+00:00","author":{"@id":"https:\/\/www.sjs-carstyling.com\/blog\/#\/schema\/person\/332a47a414a4b472319d5e770d80d8b6"},"description":"Seit seiner Pr\u00e4sentation 1963 gilt der Porsche 911 als kultiges Classic Car. Jetzt die ganze faszinierende Geschichte des Neunelfers lesen!","inLanguage":"de","potentialAction":[{"@type":"ReadAction","target":["https:\/\/www.sjs-carstyling.com\/blog\/im-portraet-porsche-911\/"]}]},{"@type":"ImageObject","inLanguage":"de","@id":"https:\/\/www.sjs-carstyling.com\/blog\/im-portraet-porsche-911\/#primaryimage","url":"https:\/\/www.sjs-carstyling.com\/blog\/wp-content\/uploads\/2025\/01\/Der-Porsche-911-im-Portraet-4.jpg","contentUrl":"https:\/\/www.sjs-carstyling.com\/blog\/wp-content\/uploads\/2025\/01\/Der-Porsche-911-im-Portraet-4.jpg","width":2000,"height":1500,"caption":"Vintage-Interieur eines Porsche 911. Kult: die orangenen Anzeigenadeln. Bildquelle: VGV - stock.adobe.com"},{"@type":"WebSite","@id":"https:\/\/www.sjs-carstyling.com\/blog\/#website","url":"https:\/\/www.sjs-carstyling.com\/blog\/","name":"SJS Carstyling Oldtimer Magazin","description":"Der Blog rund um das liebste Fahrzeug: finde Oldtimer-News, Modellvergleiche, Event-Hinweise und vieles mehr!","potentialAction":[{"@type":"SearchAction","target":{"@type":"EntryPoint","urlTemplate":"https:\/\/www.sjs-carstyling.com\/blog\/?s={search_term_string}"},"query-input":{"@type":"PropertyValueSpecification","valueRequired":true,"valueName":"search_term_string"}}],"inLanguage":"de"},{"@type":"Person","@id":"https:\/\/www.sjs-carstyling.com\/blog\/#\/schema\/person\/332a47a414a4b472319d5e770d80d8b6","name":"Jennifer Nagel","image":{"@type":"ImageObject","inLanguage":"de","@id":"https:\/\/secure.gravatar.com\/avatar\/41e24e4fa721570a85d358a674d8a182b434d7f2e24660c53d8dbbacf2214157?s=96&d=mm&r=g","url":"https:\/\/secure.gravatar.com\/avatar\/41e24e4fa721570a85d358a674d8a182b434d7f2e24660c53d8dbbacf2214157?s=96&d=mm&r=g","contentUrl":"https:\/\/secure.gravatar.com\/avatar\/41e24e4fa721570a85d358a674d8a182b434d7f2e24660c53d8dbbacf2214157?s=96&d=mm&r=g","caption":"Jennifer Nagel"},"description":"Jennifer ist Vielfahrerin und liebt es, bei guter Musik \u00fcber den Asphalt zu rollen. Besonders heimisch f\u00fchlt sie sich auf den Autobahnen rund um Mannheim und Frankfurt. Ihr Herz geh\u00f6rt ihrem Ford Fiesta, der sie zuverl\u00e4ssig an jedes Ziel bringt. Wenn sie nicht gerade im Auto sitzt, schreibt sie mit Freude \u00fcber alles, was vier R\u00e4der hat.","url":"https:\/\/www.sjs-carstyling.com\/blog\/author\/jennifer\/"}]}},"_links":{"self":[{"href":"https:\/\/www.sjs-carstyling.com\/blog\/wp-json\/wp\/v2\/posts\/5302","targetHints":{"allow":["GET"]}}],"collection":[{"href":"https:\/\/www.sjs-carstyling.com\/blog\/wp-json\/wp\/v2\/posts"}],"about":[{"href":"https:\/\/www.sjs-carstyling.com\/blog\/wp-json\/wp\/v2\/types\/post"}],"author":[{"embeddable":true,"href":"https:\/\/www.sjs-carstyling.com\/blog\/wp-json\/wp\/v2\/users\/7"}],"replies":[{"embeddable":true,"href":"https:\/\/www.sjs-carstyling.com\/blog\/wp-json\/wp\/v2\/comments?post=5302"}],"version-history":[{"count":7,"href":"https:\/\/www.sjs-carstyling.com\/blog\/wp-json\/wp\/v2\/posts\/5302\/revisions"}],"predecessor-version":[{"id":5316,"href":"https:\/\/www.sjs-carstyling.com\/blog\/wp-json\/wp\/v2\/posts\/5302\/revisions\/5316"}],"wp:featuredmedia":[{"embeddable":true,"href":"https:\/\/www.sjs-carstyling.com\/blog\/wp-json\/wp\/v2\/media\/5306"}],"wp:attachment":[{"href":"https:\/\/www.sjs-carstyling.com\/blog\/wp-json\/wp\/v2\/media?parent=5302"}],"wp:term":[{"taxonomy":"category","embeddable":true,"href":"https:\/\/www.sjs-carstyling.com\/blog\/wp-json\/wp\/v2\/categories?post=5302"},{"taxonomy":"post_tag","embeddable":true,"href":"https:\/\/www.sjs-carstyling.com\/blog\/wp-json\/wp\/v2\/tags?post=5302"}],"curies":[{"name":"wp","href":"https:\/\/api.w.org\/{rel}","templated":true}]}}