{"id":5560,"date":"2025-04-28T00:10:55","date_gmt":"2025-04-27T22:10:55","guid":{"rendered":"https:\/\/www.sjs-carstyling.com\/blog\/?p=5560"},"modified":"2025-04-25T11:58:35","modified_gmt":"2025-04-25T09:58:35","slug":"audi-museum-mobile-die-ausstellung-im-audi-forum-ingolstadt-im-ueberblick","status":"publish","type":"post","link":"https:\/\/www.sjs-carstyling.com\/blog\/audi-museum-mobile-die-ausstellung-im-audi-forum-ingolstadt-im-ueberblick\/","title":{"rendered":"Herr der Ringe: Das Audi museum mobile"},"content":{"rendered":"\n\n<div class=\"kk-star-ratings kksr-auto kksr-align-left kksr-valign-top\"\n    data-payload='{&quot;align&quot;:&quot;left&quot;,&quot;id&quot;:&quot;5560&quot;,&quot;slug&quot;:&quot;default&quot;,&quot;valign&quot;:&quot;top&quot;,&quot;ignore&quot;:&quot;&quot;,&quot;reference&quot;:&quot;auto&quot;,&quot;class&quot;:&quot;&quot;,&quot;count&quot;:&quot;2&quot;,&quot;legendonly&quot;:&quot;&quot;,&quot;readonly&quot;:&quot;&quot;,&quot;score&quot;:&quot;5&quot;,&quot;starsonly&quot;:&quot;&quot;,&quot;best&quot;:&quot;5&quot;,&quot;gap&quot;:&quot;5&quot;,&quot;greet&quot;:&quot;Wie hat dir der Beitrag gefallen? 1= langweilig, 5= sehr interessant&quot;,&quot;legend&quot;:&quot;5\\\/5 - (2 Stimmen)&quot;,&quot;size&quot;:&quot;24&quot;,&quot;title&quot;:&quot;Herr der Ringe: Das Audi museum mobile&quot;,&quot;width&quot;:&quot;142.5&quot;,&quot;_legend&quot;:&quot;{score}\\\/{best} - ({count} Stimmen)&quot;,&quot;font_factor&quot;:&quot;1.25&quot;}'>\n            \n<div class=\"kksr-stars\">\n    \n<div class=\"kksr-stars-inactive\">\n            <div class=\"kksr-star\" data-star=\"1\" style=\"padding-right: 5px\">\n            \n\n<div class=\"kksr-icon\" style=\"width: 24px; height: 24px;\"><\/div>\n        <\/div>\n            <div class=\"kksr-star\" data-star=\"2\" style=\"padding-right: 5px\">\n            \n\n<div class=\"kksr-icon\" style=\"width: 24px; height: 24px;\"><\/div>\n        <\/div>\n            <div class=\"kksr-star\" data-star=\"3\" style=\"padding-right: 5px\">\n            \n\n<div class=\"kksr-icon\" style=\"width: 24px; height: 24px;\"><\/div>\n        <\/div>\n            <div class=\"kksr-star\" data-star=\"4\" style=\"padding-right: 5px\">\n            \n\n<div class=\"kksr-icon\" style=\"width: 24px; height: 24px;\"><\/div>\n        <\/div>\n            <div class=\"kksr-star\" data-star=\"5\" style=\"padding-right: 5px\">\n            \n\n<div class=\"kksr-icon\" style=\"width: 24px; height: 24px;\"><\/div>\n        <\/div>\n    <\/div>\n    \n<div class=\"kksr-stars-active\" style=\"width: 142.5px;\">\n            <div class=\"kksr-star\" style=\"padding-right: 5px\">\n            \n\n<div class=\"kksr-icon\" style=\"width: 24px; height: 24px;\"><\/div>\n        <\/div>\n            <div class=\"kksr-star\" style=\"padding-right: 5px\">\n            \n\n<div class=\"kksr-icon\" style=\"width: 24px; height: 24px;\"><\/div>\n        <\/div>\n            <div class=\"kksr-star\" style=\"padding-right: 5px\">\n            \n\n<div class=\"kksr-icon\" style=\"width: 24px; height: 24px;\"><\/div>\n        <\/div>\n            <div class=\"kksr-star\" style=\"padding-right: 5px\">\n            \n\n<div class=\"kksr-icon\" style=\"width: 24px; height: 24px;\"><\/div>\n        <\/div>\n            <div class=\"kksr-star\" style=\"padding-right: 5px\">\n            \n\n<div class=\"kksr-icon\" style=\"width: 24px; height: 24px;\"><\/div>\n        <\/div>\n    <\/div>\n<\/div>\n                \n\n<div class=\"kksr-legend\" style=\"font-size: 19.2px;\">\n            5\/5 - (2 Stimmen)    <\/div>\n    <\/div>\n<p><span style=\"font-weight: 400;\">Seit der Gr\u00fcndung am 15. Dezember 2000 ist das <\/span><b>Audi museum mobile<\/b><span style=\"font-weight: 400;\"> ein <\/span><b>Teil des Audi Forum Ingolstadt<\/b><span style=\"font-weight: 400;\">. F\u00fcr Autoenthusiasten und Fans der Marke mit den vier Ringen ist ein Besuch im Automuseum ein <\/span><b>besonderes Erlebnis<\/b><span style=\"font-weight: 400;\">. Wir verraten Ihnen, <\/span><b>wie die Ausstellung aufgebaut<\/b> <b>ist<\/b><span style=\"font-weight: 400;\"> und zu welchen <\/span><b>\u00d6ffnungszeiten<\/b><span style=\"font-weight: 400;\"> sich die Exponate begutachten lassen.<\/span><\/p>\n<div id=\"attachment_5562\" style=\"width: 2010px\" class=\"wp-caption alignnone\"><img decoding=\"async\" aria-describedby=\"caption-attachment-5562\" class=\"size-full wp-image-5562\" src=\"https:\/\/www.sjs-carstyling.com\/blog\/wp-content\/uploads\/2025\/04\/Audi-Museum-Mobile-3.jpg\" alt=\"Audi museum mobile - 3\" width=\"2000\" height=\"1334\" srcset=\"https:\/\/www.sjs-carstyling.com\/blog\/wp-content\/uploads\/2025\/04\/Audi-Museum-Mobile-3.jpg 2000w, https:\/\/www.sjs-carstyling.com\/blog\/wp-content\/uploads\/2025\/04\/Audi-Museum-Mobile-3-300x200.jpg 300w, https:\/\/www.sjs-carstyling.com\/blog\/wp-content\/uploads\/2025\/04\/Audi-Museum-Mobile-3-1024x683.jpg 1024w, https:\/\/www.sjs-carstyling.com\/blog\/wp-content\/uploads\/2025\/04\/Audi-Museum-Mobile-3-768x512.jpg 768w, https:\/\/www.sjs-carstyling.com\/blog\/wp-content\/uploads\/2025\/04\/Audi-Museum-Mobile-3-1536x1025.jpg 1536w, https:\/\/www.sjs-carstyling.com\/blog\/wp-content\/uploads\/2025\/04\/Audi-Museum-Mobile-3-175x117.jpg 175w, https:\/\/www.sjs-carstyling.com\/blog\/wp-content\/uploads\/2025\/04\/Audi-Museum-Mobile-3-450x300.jpg 450w, https:\/\/www.sjs-carstyling.com\/blog\/wp-content\/uploads\/2025\/04\/Audi-Museum-Mobile-3-1170x780.jpg 1170w, https:\/\/www.sjs-carstyling.com\/blog\/wp-content\/uploads\/2025\/04\/Audi-Museum-Mobile-3-312x208.jpg 312w\" sizes=\"(max-width: 2000px) 100vw, 2000px\" \/><p id=\"caption-attachment-5562\" class=\"wp-caption-text\">Bildquelle: Audi MediaCenter \/ Audi AG<\/p><\/div>\n<h2><b>Audi museum mobile: Mobilit\u00e4t, Innovation, Technik und Design<\/b><\/h2>\n<p><span style=\"font-weight: 400;\">Auf insgesamt <\/span><b>vier Ebenen<\/b><span style=\"font-weight: 400;\"> pr\u00e4sentiert Audi mehr als <\/span><b>100 Exponate<\/b><span style=\"font-weight: 400;\">, die jeweils in ihren <\/span><b>historischen Kontext<\/b><span style=\"font-weight: 400;\"> gesetzt werden und sich \u00fcber eine <\/span><b>Fl\u00e4che von rund 6.000 Quadratmetern<\/b><span style=\"font-weight: 400;\"> verteilen. Um die Vergangenheit lebendig darzustellen, kommen <\/span><b>moderne Pr\u00e4sentationstechniken<\/b><span style=\"font-weight: 400;\"> zum Einsatz, die Bilder, Inszenierungen und multimediale Elemente umfassen.<\/span><\/p>\n<p><span style=\"font-weight: 400;\">Auch die <\/span><b>ungew\u00f6hnliche Architektur des Geb\u00e4udes<\/b><span style=\"font-weight: 400;\"> fasst bereits die Symbolik von Dauer und Wandel auf. So umschlie\u00dft das Automuseum eine <\/span><b>gl\u00e4serne Fassade<\/b><span style=\"font-weight: 400;\">, die sich am Aufbau von Baumst\u00e4mmen orientiert und dem <\/span><b>Prinzip von Jahresringen<\/b><span style=\"font-weight: 400;\"> folgt. Neben der Ausstellung von Automobilen, Motorr\u00e4dern und Fahrr\u00e4dern besitzt das Automuseum einen <\/span><b>Museumsladen<\/b><span style=\"font-weight: 400;\">.<\/span><\/p>\n<p><iframe title=\"Audi Museum Mobile Ingolstadt\" width=\"1080\" height=\"608\" src=\"https:\/\/www.youtube.com\/embed\/i7lclYxykgo?feature=oembed\"  allow=\"accelerometer; autoplay; clipboard-write; encrypted-media; gyroscope; picture-in-picture; web-share\" referrerpolicy=\"strict-origin-when-cross-origin\" allowfullscreen><\/iframe><\/p>\n<p><span style=\"font-weight: 400;\">In der <\/span><b>Technikgalerie<\/b><span style=\"font-weight: 400;\"> pr\u00e4sentiert die Audi AG weitere Exponate, die sich mit der Motorentechnologie und verschiedenen Materialien auseinandersetzen. Der <\/span><b>Geschichte des Motorsports<\/b><span style=\"font-weight: 400;\"> sind eigene Bereiche gewidmet, wobei die Auto Union Silberpfeile, die Rallye-\u00c4ra, die DTM- und Le-Mans-Siege jeweils mit Originalfahrzeugen pr\u00e4sentiert werden.<\/span><\/p>\n<blockquote><p><b>Ausflugstipp: <\/b><span style=\"font-weight: 400;\">Auch das <\/span><a href=\"https:\/\/www.sjs-carstyling.com\/blog\/rasanter-ausflugstipp-porsche-museum-stuttgart\/\"><span style=\"font-weight: 400;\">Porsche Museum in Stuttgart<\/span><\/a><span style=\"font-weight: 400;\">, die <\/span><a href=\"https:\/\/www.sjs-carstyling.com\/blog\/autostadt-wolfsburg-reise-durch-die-welt-der-mobilitaet\/\"><span style=\"font-weight: 400;\">Autostadt Wolfsburg<\/span><\/a><span style=\"font-weight: 400;\"> und das <\/span><a href=\"https:\/\/www.sjs-carstyling.com\/blog\/ausflugstipp-nationales-automuseum-the-loh-collection\/\"><span style=\"font-weight: 400;\">Nationale Automuseum The Loh Collection<\/span><\/a><span style=\"font-weight: 400;\"> versprechen Autoenthusiasten ein unvergessliches Erlebnis.<\/span><\/p><\/blockquote>\n<div id=\"attachment_5561\" style=\"width: 2010px\" class=\"wp-caption alignnone\"><img decoding=\"async\" aria-describedby=\"caption-attachment-5561\" class=\"size-full wp-image-5561\" src=\"https:\/\/www.sjs-carstyling.com\/blog\/wp-content\/uploads\/2025\/04\/Audi-Museum-Mobile-2.jpg\" alt=\"Audi museum mobile - 2\" width=\"2000\" height=\"1334\" srcset=\"https:\/\/www.sjs-carstyling.com\/blog\/wp-content\/uploads\/2025\/04\/Audi-Museum-Mobile-2.jpg 2000w, https:\/\/www.sjs-carstyling.com\/blog\/wp-content\/uploads\/2025\/04\/Audi-Museum-Mobile-2-300x200.jpg 300w, https:\/\/www.sjs-carstyling.com\/blog\/wp-content\/uploads\/2025\/04\/Audi-Museum-Mobile-2-1024x683.jpg 1024w, https:\/\/www.sjs-carstyling.com\/blog\/wp-content\/uploads\/2025\/04\/Audi-Museum-Mobile-2-768x512.jpg 768w, https:\/\/www.sjs-carstyling.com\/blog\/wp-content\/uploads\/2025\/04\/Audi-Museum-Mobile-2-1536x1025.jpg 1536w, https:\/\/www.sjs-carstyling.com\/blog\/wp-content\/uploads\/2025\/04\/Audi-Museum-Mobile-2-175x117.jpg 175w, https:\/\/www.sjs-carstyling.com\/blog\/wp-content\/uploads\/2025\/04\/Audi-Museum-Mobile-2-450x300.jpg 450w, https:\/\/www.sjs-carstyling.com\/blog\/wp-content\/uploads\/2025\/04\/Audi-Museum-Mobile-2-1170x780.jpg 1170w, https:\/\/www.sjs-carstyling.com\/blog\/wp-content\/uploads\/2025\/04\/Audi-Museum-Mobile-2-312x208.jpg 312w\" sizes=\"(max-width: 2000px) 100vw, 2000px\" \/><p id=\"caption-attachment-5561\" class=\"wp-caption-text\">Bildquelle: Audi MediaCenter \/ Audi AG<\/p><\/div>\n<h2><b>Zeitreise durch die Automobilgeschichte: Ausstellungen im Audi Forum Ingolstadt<\/b><\/h2>\n<p><span style=\"font-weight: 400;\">Sie beginnen die <\/span><b>Reise durch die Automobilgeschichte<\/b><span style=\"font-weight: 400;\"> der Marke Audi im Jahr 1899. Auf zwei Ebenen teilt sich die <\/span><b>Dauerausstellung<\/b><span style=\"font-weight: 400;\"> in zwei Abschnitte, die von 1899 bis 1945 und von 1946 bis 2000 reichen. Es schlie\u00dft sich die <\/span><b>Sonderausstellung<\/b><span style=\"font-weight: 400;\"> an, die Highlights aus verschiedenen Themenbereichen hervorhebt.<\/span><\/p>\n<ul>\n<li style=\"font-weight: 400;\" aria-level=\"1\"><b>Ebene 0:<\/b><span style=\"font-weight: 400;\"> \u00dcber die \u201ePiazza\u201c des Audi Forum Ingolstadt betreten Sie das Museum auf der untersten Ebene. Von hier f\u00fchrt ein Aufzug in die dritte Ebene, auf der die Dauerausstellung beginnt.<\/span><\/li>\n<li style=\"font-weight: 400;\" aria-level=\"1\"><b>Ebene 3:<\/b><span style=\"font-weight: 400;\"> Der Rundgang im Automuseum beginnt mit dem Jahr 1899, in dem August Horch die Horch &amp; Cie. Motorenwerke gr\u00fcndete. 1909 folgte die Gr\u00fcndung der Audi-Werke in Zwickau. Vor dem Hintergrund der damaligen gesellschaftlichen und wirtschaftlichen Rahmenbedingungen sehen Sie Fahrzeuge der Gr\u00fcndermarken Audi, Horch, DKW und Wanderer. Auch der Zusammenschluss zur Auto Union AG im Jahr 1932 und die Entstehung des heutigen Audi Logos werden erl\u00e4utert.<\/span><\/li>\n<li style=\"font-weight: 400;\" aria-level=\"1\"><b>Ebene 2:<\/b><span style=\"font-weight: 400;\"> Eine Ebene tiefer erwarten Sie Nachkriegskarosserien, Rallyefahrzeuge, Motorr\u00e4der und Modelle aus der j\u00fcngsten Audi-Geschichte. Im Fokus steht die DKW-Zweitakt-Geschichte, die von der DKW-Meisterklasse bis zum DKW F 102 dokumentiert ist.<\/span><\/li>\n<li style=\"font-weight: 400;\" aria-level=\"1\"><b>Ebene 1:<\/b><span style=\"font-weight: 400;\"> Noch eine Ebene tiefer finden sich spezielle Sonderausstellungen, deren Inhalte mehrfach im Jahr wechseln. Die Themen decken die Bereiche Design, Mobilit\u00e4t und Automobilgeschichte ab.<\/span><\/li>\n<\/ul>\n<div id=\"attachment_5565\" style=\"width: 2010px\" class=\"wp-caption alignnone\"><img decoding=\"async\" aria-describedby=\"caption-attachment-5565\" class=\"size-full wp-image-5565\" src=\"https:\/\/www.sjs-carstyling.com\/blog\/wp-content\/uploads\/2025\/04\/Audi-Museum-Mobile-6.jpg\" alt=\"Audi museum mobile - 6\" width=\"2000\" height=\"1414\" srcset=\"https:\/\/www.sjs-carstyling.com\/blog\/wp-content\/uploads\/2025\/04\/Audi-Museum-Mobile-6.jpg 2000w, https:\/\/www.sjs-carstyling.com\/blog\/wp-content\/uploads\/2025\/04\/Audi-Museum-Mobile-6-300x212.jpg 300w, https:\/\/www.sjs-carstyling.com\/blog\/wp-content\/uploads\/2025\/04\/Audi-Museum-Mobile-6-1024x724.jpg 1024w, https:\/\/www.sjs-carstyling.com\/blog\/wp-content\/uploads\/2025\/04\/Audi-Museum-Mobile-6-768x543.jpg 768w, https:\/\/www.sjs-carstyling.com\/blog\/wp-content\/uploads\/2025\/04\/Audi-Museum-Mobile-6-1536x1086.jpg 1536w, https:\/\/www.sjs-carstyling.com\/blog\/wp-content\/uploads\/2025\/04\/Audi-Museum-Mobile-6-175x124.jpg 175w, https:\/\/www.sjs-carstyling.com\/blog\/wp-content\/uploads\/2025\/04\/Audi-Museum-Mobile-6-450x318.jpg 450w, https:\/\/www.sjs-carstyling.com\/blog\/wp-content\/uploads\/2025\/04\/Audi-Museum-Mobile-6-1170x827.jpg 1170w\" sizes=\"(max-width: 2000px) 100vw, 2000px\" \/><p id=\"caption-attachment-5565\" class=\"wp-caption-text\">Bildquelle: Audi MediaCenter \/ Audi AG<\/p><\/div>\n<p><span style=\"font-weight: 400;\">Neben den verschiedenen Ebenen ist auch der <\/span><b>Paternoster<\/b><span style=\"font-weight: 400;\"> bereits von au\u00dfen sichtbar. Die technische Konstruktion bietet <\/span><b>14 Automobilen und Motorr\u00e4dern<\/b><span style=\"font-weight: 400;\"> Platz, die <\/span><b>in regelm\u00e4\u00dfigen Abst\u00e4nden wechseln<\/b><span style=\"font-weight: 400;\"> und sich permanent \u00fcber alle Ebenen hinweg bewegen. Im Vordergrund stehen Ikonen der Motorsportgeschichte von Audi.<\/span><\/p>\n<h2><b>Spezialangebote f\u00fcr Technikbegeisterte, Familien und Kinder<\/b><\/h2>\n<p><span style=\"font-weight: 400;\">Das Museum bietet Besuchern <\/span><b>regelm\u00e4\u00dfige F\u00fchrungen, Vortr\u00e4ge und Sonderaktionen<\/b><span style=\"font-weight: 400;\"> an. Zudem zeigt das Audi <\/span><b>Programmkino<\/b><span style=\"font-weight: 400;\"> t\u00e4glich pr\u00e4mierte Filme, w\u00e4hrend <\/span><b>Konzertreihen<\/b><span style=\"font-weight: 400;\"> wie <a href=\"https:\/\/www.audi.de\/audi-forum-ingolstadt\/de\/veranstaltungen\/jazz-im-audi-forum\/\" target=\"_blank\" rel=\"noopener\">\u201eJazz im Audi Forum\u201c<\/a> f\u00fcr weitere Highlights sorgen.<\/span><\/p>\n<p><span style=\"font-weight: 400;\">Selbst <\/span><b>junge Autoliebhaber<\/b><span style=\"font-weight: 400;\"> kommen auf ihre Kosten. Die <\/span><a href=\"https:\/\/www.sjs-carstyling.com\/Audi\"><span style=\"font-weight: 400;\">Audi<\/span><\/a><span style=\"font-weight: 400;\"> AG bietet Kindern spezielle <\/span><b>Erlebniswege<\/b><span style=\"font-weight: 400;\"> wie \u201eYoung &amp; Fun\u201c, einen <\/span><b>Fahrparcours mit GoKarts<\/b><span style=\"font-weight: 400;\"> und eine <\/span><b>offene Kreativwerkstatt <\/b><span style=\"font-weight: 400;\">an. Ob die interaktiven Angebote verf\u00fcgbar sind, h\u00e4ngt teilweise vom Wetter ab.<\/span><\/p>\n<div id=\"attachment_5567\" style=\"width: 2010px\" class=\"wp-caption alignnone\"><img decoding=\"async\" aria-describedby=\"caption-attachment-5567\" class=\"size-full wp-image-5567\" src=\"https:\/\/www.sjs-carstyling.com\/blog\/wp-content\/uploads\/2025\/04\/Audi-Museum-Mobile-1.jpg\" alt=\"Audi museum mobile - 1\" width=\"2000\" height=\"1414\" srcset=\"https:\/\/www.sjs-carstyling.com\/blog\/wp-content\/uploads\/2025\/04\/Audi-Museum-Mobile-1.jpg 2000w, https:\/\/www.sjs-carstyling.com\/blog\/wp-content\/uploads\/2025\/04\/Audi-Museum-Mobile-1-300x212.jpg 300w, https:\/\/www.sjs-carstyling.com\/blog\/wp-content\/uploads\/2025\/04\/Audi-Museum-Mobile-1-1024x724.jpg 1024w, https:\/\/www.sjs-carstyling.com\/blog\/wp-content\/uploads\/2025\/04\/Audi-Museum-Mobile-1-768x543.jpg 768w, https:\/\/www.sjs-carstyling.com\/blog\/wp-content\/uploads\/2025\/04\/Audi-Museum-Mobile-1-1536x1086.jpg 1536w, https:\/\/www.sjs-carstyling.com\/blog\/wp-content\/uploads\/2025\/04\/Audi-Museum-Mobile-1-175x124.jpg 175w, https:\/\/www.sjs-carstyling.com\/blog\/wp-content\/uploads\/2025\/04\/Audi-Museum-Mobile-1-450x318.jpg 450w, https:\/\/www.sjs-carstyling.com\/blog\/wp-content\/uploads\/2025\/04\/Audi-Museum-Mobile-1-1170x827.jpg 1170w\" sizes=\"(max-width: 2000px) 100vw, 2000px\" \/><p id=\"caption-attachment-5567\" class=\"wp-caption-text\">Bildquelle: Audi MediaCenter \/ Audi AG<\/p><\/div>\n<h2><b>\u00d6ffnungszeiten und Anreise im \u00dcberblick<\/b><\/h2>\n<p><span style=\"font-weight: 400;\">Ein Besuch im Audi museum mobile ist <\/span><b>ganzj\u00e4hrig zu folgenden \u00d6ffnungszeiten<\/b><span style=\"font-weight: 400;\"> m\u00f6glich:<\/span><\/p>\n<ul>\n<li style=\"font-weight: 400;\" aria-level=\"1\"><b>Montag bis Freitag:<\/b><span style=\"font-weight: 400;\"> 9 bis 17 Uhr<\/span><\/li>\n<li style=\"font-weight: 400;\" aria-level=\"1\"><b>Samstag, Sonntag und Feiertage:<\/b><span style=\"font-weight: 400;\"> 10 bis 16 Uhr<\/span><\/li>\n<\/ul>\n<p><b><span style=\"font-weight: 400;\">Als Feiertage gelten alle <\/span>bundesweiten und bayerischen Feiertage<span style=\"font-weight: 400;\">. Am 29.04., 26.06., 18.09., 30.10. und 4.12. \u00f6ffnet das <\/span><a href=\"https:\/\/www.audi.de\/audi-forum-ingolstadt\/de\/audi-museum-mobile\/\" target=\"_blank\" rel=\"noopener\"><span style=\"font-weight: 400;\">Audi museum mobile<\/span><\/a><span style=\"font-weight: 400;\"> seine Tore von 9 bis 16 Uhr. Auch der Museumsladen ist an diesen Tagen zu den <\/span>Sonder\u00f6ffnungszeiten<span style=\"font-weight: 400;\"> ge\u00f6ffnet.<\/span><\/b><\/p>\n<blockquote><p><b>Gut zu wissen:<\/b> <a href=\"https:\/\/audidefuehrungen2.regiondo.de\/kategorien?tag=audi-forum-ingolstadt-audi-museum-mobile\" target=\"_blank\" rel=\"noopener\"><span style=\"font-weight: 400;\">Tickets<\/span><\/a><span style=\"font-weight: 400;\"> f\u00fcr den Eintritt in das Audi museum mobile k\u00f6nnen Sie direkt online buchen, der Preis beginnt bei 5 Euro. Auch Tickets f\u00fcr F\u00fchrungen, etwa durch die Markengeschichte, die Produktion oder die Sonderausstellungen, k\u00f6nnen Sie online reservieren.<\/span><\/p><\/blockquote>\n<p><span style=\"font-weight: 400;\">F\u00fcr die <\/span><b>Anfahrt mit dem Auto <\/b><span style=\"font-weight: 400;\">geben Sie in Ihr Navi \u201eEttinger Stra\u00dfe\/Kreuzung Waldeysenstra\u00dfe, 85057 Ingolstadt\u201c als Zieladresse ein. Alternativ nehmen Sie die <\/span><b>Autobahn A9<\/b><span style=\"font-weight: 400;\"> M\u00fcnchen \u2013 N\u00fcrnberg, die Sie an der <\/span><b>Ausfahrt Nummer 60<\/b><span style=\"font-weight: 400;\"> Richtung Lenting verlassen. Anschlie\u00dfend ist das <\/span><b>Automuseum gut ausgeschildert<\/b><span style=\"font-weight: 400;\">, sodass Sie dem Hinweis \u201e<\/span><a href=\"https:\/\/www.audi.de\/audi-forum-ingolstadt\/de\/\" target=\"_blank\" rel=\"noopener\"><span style=\"font-weight: 400;\">Audi Forum Ingolstadt<\/span><\/a><span style=\"font-weight: 400;\">\u201c folgen k\u00f6nnen.<\/span><\/p>\n<p><span style=\"font-weight: 400;\">Reisen Sie mit der <\/span><b>Bahn<\/b><span style=\"font-weight: 400;\"> an, ist der <\/span><b>Hauptbahnhof Ingolstadt<\/b><span style=\"font-weight: 400;\"> Ihr Ziel, von dem Sie mit der <\/span><b>Buslinie 11<\/b><span style=\"font-weight: 400;\"> oder einem <\/span><b>Taxi<\/b><span style=\"font-weight: 400;\"> das Museum erreichen. Am <\/span><b>Flughafen M\u00fcnchen<\/b><span style=\"font-weight: 400;\"> bringt Sie der <\/span><b>Ingolst\u00e4dter Airport Express X109<\/b><span style=\"font-weight: 400;\"> zum zentralen Omnibusbahnhof in Ingolstadt (ZOB).<\/span><\/p>\n<div id=\"attachment_5566\" style=\"width: 2010px\" class=\"wp-caption alignnone\"><img decoding=\"async\" aria-describedby=\"caption-attachment-5566\" class=\"size-full wp-image-5566\" src=\"https:\/\/www.sjs-carstyling.com\/blog\/wp-content\/uploads\/2025\/04\/Audi-Museum-Mobile-7.jpg\" alt=\"Audi museum mobile - 7\" width=\"2000\" height=\"1334\" srcset=\"https:\/\/www.sjs-carstyling.com\/blog\/wp-content\/uploads\/2025\/04\/Audi-Museum-Mobile-7.jpg 2000w, https:\/\/www.sjs-carstyling.com\/blog\/wp-content\/uploads\/2025\/04\/Audi-Museum-Mobile-7-300x200.jpg 300w, https:\/\/www.sjs-carstyling.com\/blog\/wp-content\/uploads\/2025\/04\/Audi-Museum-Mobile-7-1024x683.jpg 1024w, https:\/\/www.sjs-carstyling.com\/blog\/wp-content\/uploads\/2025\/04\/Audi-Museum-Mobile-7-768x512.jpg 768w, https:\/\/www.sjs-carstyling.com\/blog\/wp-content\/uploads\/2025\/04\/Audi-Museum-Mobile-7-1536x1025.jpg 1536w, https:\/\/www.sjs-carstyling.com\/blog\/wp-content\/uploads\/2025\/04\/Audi-Museum-Mobile-7-175x117.jpg 175w, https:\/\/www.sjs-carstyling.com\/blog\/wp-content\/uploads\/2025\/04\/Audi-Museum-Mobile-7-450x300.jpg 450w, https:\/\/www.sjs-carstyling.com\/blog\/wp-content\/uploads\/2025\/04\/Audi-Museum-Mobile-7-1170x780.jpg 1170w, https:\/\/www.sjs-carstyling.com\/blog\/wp-content\/uploads\/2025\/04\/Audi-Museum-Mobile-7-312x208.jpg 312w\" sizes=\"(max-width: 2000px) 100vw, 2000px\" \/><p id=\"caption-attachment-5566\" class=\"wp-caption-text\">Bildquelle: Audi MediaCenter \/ Audi AG<\/p><\/div>\n<h2><b>SJS-Carstyling: Ihr Experte f\u00fcr historische Automobile<\/b><\/h2>\n<p><span style=\"font-weight: 400;\">F\u00fcr Familien, Technikbegeisterte und Autoliebhaber jeden Alters ist das Auto museum mobile ein spannendes Ausflugsziel. Damit Sie nicht nur die <\/span><b>historischen Fahrzeuge<\/b><span style=\"font-weight: 400;\"> von Audi bewundern, sondern auch Ihren <\/span><b>eigenen Oldtimer in Schuss halten<\/b><span style=\"font-weight: 400;\"> k\u00f6nnen, steht Ihnen <\/span><a href=\"https:\/\/www.sjs-carstyling.com\/\"><span style=\"font-weight: 400;\">SJS-Carstyling<\/span><\/a><span style=\"font-weight: 400;\"> seit mehr als 20 Jahren zur Seite \u2013 mit <\/span><b>hochwertigen Ersatzteilen<\/b><span style=\"font-weight: 400;\">, einer <\/span><a href=\"https:\/\/www.sjs-carstyling.com\/blog\/autosattlerei-berlin\/\"><span style=\"font-weight: 400;\">eigenen Sattlerei<\/span><\/a><span style=\"font-weight: 400;\"> und einem <\/span><b>freundlichen Service<\/b><span style=\"font-weight: 400;\">.<\/span><\/p>\n<p><span style=\"font-weight: 400;\">Auf unserem <\/span><a href=\"https:\/\/www.sjs-carstyling.com\/blog\/\"><span style=\"font-weight: 400;\">exklusiven Oldtimerblog<\/span><\/a><span style=\"font-weight: 400;\"> teilen wir <\/span><b>w\u00f6chentlich spannende News<\/b><span style=\"font-weight: 400;\"> mit Ihnen, die von <\/span><a href=\"https:\/\/www.sjs-carstyling.com\/blog\/musik-und-benzin-herbert-groenemeyers-autos\/\"><span style=\"font-weight: 400;\">Herbert Gr\u00f6nemeyers Autos<\/span><\/a><span style=\"font-weight: 400;\"> \u00fcber den legend\u00e4ren <\/span><a href=\"https:\/\/www.sjs-carstyling.com\/blog\/im-portraet-porsche-911\/\"><span style=\"font-weight: 400;\">Porsche 911<\/span><\/a><span style=\"font-weight: 400;\"> bis hin zu den <\/span><a href=\"https:\/\/www.sjs-carstyling.com\/blog\/oldtimerreisen-touren-mit-oldtimer-und-classic-car\/\"><span style=\"font-weight: 400;\">sch\u00f6nsten Oldtimerreisen<\/span><\/a><span style=\"font-weight: 400;\"> reichen. Gleichzeitig bleiben Sie mit einem Abonnement unseres <\/span><a href=\"https:\/\/www.sjs-carstyling.com\/Newsletter\"><span style=\"font-weight: 400;\">kostenfreien Newsletters<\/span><\/a><span style=\"font-weight: 400;\"> auf dem Laufenden und erfahren stets als erster von <\/span><b>Aktionen in unserem Onlineshop<\/b><span style=\"font-weight: 400;\">.<\/span><\/p>\n<hr \/>\n<p>Bildquelle Titelbild: Audi MediaCenter \/ Audi AG<\/p>\n","protected":false},"excerpt":{"rendered":"<p>Seit der Gr\u00fcndung am 15. Dezember 2000 ist das Audi museum mobile ein Teil des Audi Forum Ingolstadt. F\u00fcr Autoenthusiasten und Fans der Marke mit den vier Ringen ist ein Besuch im Automuseum ein besonderes Erlebnis. Wir verraten Ihnen, wie die Ausstellung aufgebaut ist und zu welchen \u00d6ffnungszeiten sich die Exponate begutachten lassen. Audi museum [&hellip;]<\/p>\n","protected":false},"author":7,"featured_media":5564,"comment_status":"open","ping_status":"open","sticky":false,"template":"","format":"standard","meta":{"_et_pb_use_builder":"","_et_pb_old_content":"","_et_gb_content_width":"","footnotes":""},"categories":[39],"tags":[745,746,748,747,744,270,255,742,743,305],"class_list":["post-5560","post","type-post","status-publish","format-standard","has-post-thumbnail","hentry","category-oldtimer-museen","tag-audi-ingolstadt","tag-audi-ingolstadt-museum","tag-audi-museum","tag-audi-museum-mobile","tag-audi-museum-neckarsulm","tag-beliebt","tag-featured","tag-ingolstadt-audi-museum","tag-museum-ingolstadt-audi","tag-neu"],"yoast_head":"<!-- This site is optimized with the Yoast SEO plugin v27.5 - https:\/\/yoast.com\/product\/yoast-seo-wordpress\/ -->\n<title>Audi museum mobile | Ausstellung im Audi Forum Ingolstadt<\/title>\n<meta name=\"description\" content=\"Das Audi museum mobile bietet Autoenthusiasten jeden Alters ein unvergessliches Erlebnis. Wir stellen die Highlights der Ausstellung genauer vor.\" \/>\n<meta name=\"robots\" content=\"index, follow, max-snippet:-1, max-image-preview:large, max-video-preview:-1\" \/>\n<link rel=\"canonical\" href=\"https:\/\/www.sjs-carstyling.com\/blog\/audi-museum-mobile-die-ausstellung-im-audi-forum-ingolstadt-im-ueberblick\/\" \/>\n<meta property=\"og:locale\" content=\"de_DE\" \/>\n<meta property=\"og:type\" content=\"article\" \/>\n<meta property=\"og:title\" content=\"Audi museum mobile | Ausstellung im Audi Forum Ingolstadt\" \/>\n<meta property=\"og:description\" content=\"Das Audi museum mobile bietet Autoenthusiasten jeden Alters ein unvergessliches Erlebnis. Wir stellen die Highlights der Ausstellung genauer vor.\" \/>\n<meta property=\"og:url\" content=\"https:\/\/www.sjs-carstyling.com\/blog\/audi-museum-mobile-die-ausstellung-im-audi-forum-ingolstadt-im-ueberblick\/\" \/>\n<meta property=\"og:site_name\" content=\"SJS Carstyling Oldtimer Magazin\" \/>\n<meta property=\"article:published_time\" content=\"2025-04-27T22:10:55+00:00\" \/>\n<meta property=\"og:image\" content=\"https:\/\/www.sjs-carstyling.com\/blog\/wp-content\/uploads\/2025\/04\/Audi-Museum-Mobile-5.jpg\" \/>\n\t<meta property=\"og:image:width\" content=\"2000\" \/>\n\t<meta property=\"og:image:height\" content=\"1414\" \/>\n\t<meta property=\"og:image:type\" content=\"image\/jpeg\" \/>\n<meta name=\"author\" content=\"Jennifer Nagel\" \/>\n<meta name=\"twitter:card\" content=\"summary_large_image\" \/>\n<meta name=\"twitter:label1\" content=\"Verfasst von\" \/>\n\t<meta name=\"twitter:data1\" content=\"Jennifer Nagel\" \/>\n\t<meta name=\"twitter:label2\" content=\"Gesch\u00e4tzte Lesezeit\" \/>\n\t<meta name=\"twitter:data2\" content=\"6\u00a0Minuten\" \/>\n<script type=\"application\/ld+json\" class=\"yoast-schema-graph\">{\"@context\":\"https:\\\/\\\/schema.org\",\"@graph\":[{\"@type\":\"Article\",\"@id\":\"https:\\\/\\\/www.sjs-carstyling.com\\\/blog\\\/audi-museum-mobile-die-ausstellung-im-audi-forum-ingolstadt-im-ueberblick\\\/#article\",\"isPartOf\":{\"@id\":\"https:\\\/\\\/www.sjs-carstyling.com\\\/blog\\\/audi-museum-mobile-die-ausstellung-im-audi-forum-ingolstadt-im-ueberblick\\\/\"},\"author\":{\"name\":\"Jennifer Nagel\",\"@id\":\"https:\\\/\\\/www.sjs-carstyling.com\\\/blog\\\/#\\\/schema\\\/person\\\/332a47a414a4b472319d5e770d80d8b6\"},\"headline\":\"Herr der Ringe: Das Audi museum mobile\",\"datePublished\":\"2025-04-27T22:10:55+00:00\",\"mainEntityOfPage\":{\"@id\":\"https:\\\/\\\/www.sjs-carstyling.com\\\/blog\\\/audi-museum-mobile-die-ausstellung-im-audi-forum-ingolstadt-im-ueberblick\\\/\"},\"wordCount\":968,\"commentCount\":0,\"image\":{\"@id\":\"https:\\\/\\\/www.sjs-carstyling.com\\\/blog\\\/audi-museum-mobile-die-ausstellung-im-audi-forum-ingolstadt-im-ueberblick\\\/#primaryimage\"},\"thumbnailUrl\":\"https:\\\/\\\/www.sjs-carstyling.com\\\/blog\\\/wp-content\\\/uploads\\\/2025\\\/04\\\/Audi-Museum-Mobile-5.jpg\",\"keywords\":[\"Audi Ingolstadt\",\"Audi Ingolstadt Museum\",\"Audi Museum\",\"Audi museum mobile\",\"Audi Museum Neckarsulm\",\"beliebt\",\"Featured\",\"Ingolstadt Audi Museum\",\"Museum Ingolstadt Audi\",\"Neu\"],\"articleSection\":[\"Oldtimer-Museen\"],\"inLanguage\":\"de\",\"potentialAction\":[{\"@type\":\"CommentAction\",\"name\":\"Comment\",\"target\":[\"https:\\\/\\\/www.sjs-carstyling.com\\\/blog\\\/audi-museum-mobile-die-ausstellung-im-audi-forum-ingolstadt-im-ueberblick\\\/#respond\"]}]},{\"@type\":\"WebPage\",\"@id\":\"https:\\\/\\\/www.sjs-carstyling.com\\\/blog\\\/audi-museum-mobile-die-ausstellung-im-audi-forum-ingolstadt-im-ueberblick\\\/\",\"url\":\"https:\\\/\\\/www.sjs-carstyling.com\\\/blog\\\/audi-museum-mobile-die-ausstellung-im-audi-forum-ingolstadt-im-ueberblick\\\/\",\"name\":\"Audi museum mobile | Ausstellung im Audi Forum Ingolstadt\",\"isPartOf\":{\"@id\":\"https:\\\/\\\/www.sjs-carstyling.com\\\/blog\\\/#website\"},\"primaryImageOfPage\":{\"@id\":\"https:\\\/\\\/www.sjs-carstyling.com\\\/blog\\\/audi-museum-mobile-die-ausstellung-im-audi-forum-ingolstadt-im-ueberblick\\\/#primaryimage\"},\"image\":{\"@id\":\"https:\\\/\\\/www.sjs-carstyling.com\\\/blog\\\/audi-museum-mobile-die-ausstellung-im-audi-forum-ingolstadt-im-ueberblick\\\/#primaryimage\"},\"thumbnailUrl\":\"https:\\\/\\\/www.sjs-carstyling.com\\\/blog\\\/wp-content\\\/uploads\\\/2025\\\/04\\\/Audi-Museum-Mobile-5.jpg\",\"datePublished\":\"2025-04-27T22:10:55+00:00\",\"author\":{\"@id\":\"https:\\\/\\\/www.sjs-carstyling.com\\\/blog\\\/#\\\/schema\\\/person\\\/332a47a414a4b472319d5e770d80d8b6\"},\"description\":\"Das Audi museum mobile bietet Autoenthusiasten jeden Alters ein unvergessliches Erlebnis. Wir stellen die Highlights der Ausstellung genauer vor.\",\"inLanguage\":\"de\",\"potentialAction\":[{\"@type\":\"ReadAction\",\"target\":[\"https:\\\/\\\/www.sjs-carstyling.com\\\/blog\\\/audi-museum-mobile-die-ausstellung-im-audi-forum-ingolstadt-im-ueberblick\\\/\"]}]},{\"@type\":\"ImageObject\",\"inLanguage\":\"de\",\"@id\":\"https:\\\/\\\/www.sjs-carstyling.com\\\/blog\\\/audi-museum-mobile-die-ausstellung-im-audi-forum-ingolstadt-im-ueberblick\\\/#primaryimage\",\"url\":\"https:\\\/\\\/www.sjs-carstyling.com\\\/blog\\\/wp-content\\\/uploads\\\/2025\\\/04\\\/Audi-Museum-Mobile-5.jpg\",\"contentUrl\":\"https:\\\/\\\/www.sjs-carstyling.com\\\/blog\\\/wp-content\\\/uploads\\\/2025\\\/04\\\/Audi-Museum-Mobile-5.jpg\",\"width\":2000,\"height\":1414,\"caption\":\"Bildquelle: Audi MediaCenter \\\/ Audi AG\"},{\"@type\":\"WebSite\",\"@id\":\"https:\\\/\\\/www.sjs-carstyling.com\\\/blog\\\/#website\",\"url\":\"https:\\\/\\\/www.sjs-carstyling.com\\\/blog\\\/\",\"name\":\"SJS Carstyling Oldtimer Magazin\",\"description\":\"Der Blog rund um das liebste Fahrzeug: finde Oldtimer-News, Modellvergleiche, Event-Hinweise und vieles mehr!\",\"potentialAction\":[{\"@type\":\"SearchAction\",\"target\":{\"@type\":\"EntryPoint\",\"urlTemplate\":\"https:\\\/\\\/www.sjs-carstyling.com\\\/blog\\\/?s={search_term_string}\"},\"query-input\":{\"@type\":\"PropertyValueSpecification\",\"valueRequired\":true,\"valueName\":\"search_term_string\"}}],\"inLanguage\":\"de\"},{\"@type\":\"Person\",\"@id\":\"https:\\\/\\\/www.sjs-carstyling.com\\\/blog\\\/#\\\/schema\\\/person\\\/332a47a414a4b472319d5e770d80d8b6\",\"name\":\"Jennifer Nagel\",\"image\":{\"@type\":\"ImageObject\",\"inLanguage\":\"de\",\"@id\":\"https:\\\/\\\/secure.gravatar.com\\\/avatar\\\/41e24e4fa721570a85d358a674d8a182b434d7f2e24660c53d8dbbacf2214157?s=96&d=mm&r=g\",\"url\":\"https:\\\/\\\/secure.gravatar.com\\\/avatar\\\/41e24e4fa721570a85d358a674d8a182b434d7f2e24660c53d8dbbacf2214157?s=96&d=mm&r=g\",\"contentUrl\":\"https:\\\/\\\/secure.gravatar.com\\\/avatar\\\/41e24e4fa721570a85d358a674d8a182b434d7f2e24660c53d8dbbacf2214157?s=96&d=mm&r=g\",\"caption\":\"Jennifer Nagel\"},\"description\":\"Jennifer ist Vielfahrerin und liebt es, bei guter Musik \u00fcber den Asphalt zu rollen. Besonders heimisch f\u00fchlt sie sich auf den Autobahnen rund um Mannheim und Frankfurt. Ihr Herz geh\u00f6rt ihrem Ford Fiesta, der sie zuverl\u00e4ssig an jedes Ziel bringt. Wenn sie nicht gerade im Auto sitzt, schreibt sie mit Freude \u00fcber alles, was vier R\u00e4der hat.\",\"url\":\"https:\\\/\\\/www.sjs-carstyling.com\\\/blog\\\/author\\\/jennifer\\\/\"}]}<\/script>\n<!-- \/ Yoast SEO plugin. -->","yoast_head_json":{"title":"Audi museum mobile | Ausstellung im Audi Forum Ingolstadt","description":"Das Audi museum mobile bietet Autoenthusiasten jeden Alters ein unvergessliches Erlebnis. Wir stellen die Highlights der Ausstellung genauer vor.","robots":{"index":"index","follow":"follow","max-snippet":"max-snippet:-1","max-image-preview":"max-image-preview:large","max-video-preview":"max-video-preview:-1"},"canonical":"https:\/\/www.sjs-carstyling.com\/blog\/audi-museum-mobile-die-ausstellung-im-audi-forum-ingolstadt-im-ueberblick\/","og_locale":"de_DE","og_type":"article","og_title":"Audi museum mobile | Ausstellung im Audi Forum Ingolstadt","og_description":"Das Audi museum mobile bietet Autoenthusiasten jeden Alters ein unvergessliches Erlebnis. Wir stellen die Highlights der Ausstellung genauer vor.","og_url":"https:\/\/www.sjs-carstyling.com\/blog\/audi-museum-mobile-die-ausstellung-im-audi-forum-ingolstadt-im-ueberblick\/","og_site_name":"SJS Carstyling Oldtimer Magazin","article_published_time":"2025-04-27T22:10:55+00:00","og_image":[{"width":2000,"height":1414,"url":"https:\/\/www.sjs-carstyling.com\/blog\/wp-content\/uploads\/2025\/04\/Audi-Museum-Mobile-5.jpg","type":"image\/jpeg"}],"author":"Jennifer Nagel","twitter_card":"summary_large_image","twitter_misc":{"Verfasst von":"Jennifer Nagel","Gesch\u00e4tzte Lesezeit":"6\u00a0Minuten"},"schema":{"@context":"https:\/\/schema.org","@graph":[{"@type":"Article","@id":"https:\/\/www.sjs-carstyling.com\/blog\/audi-museum-mobile-die-ausstellung-im-audi-forum-ingolstadt-im-ueberblick\/#article","isPartOf":{"@id":"https:\/\/www.sjs-carstyling.com\/blog\/audi-museum-mobile-die-ausstellung-im-audi-forum-ingolstadt-im-ueberblick\/"},"author":{"name":"Jennifer Nagel","@id":"https:\/\/www.sjs-carstyling.com\/blog\/#\/schema\/person\/332a47a414a4b472319d5e770d80d8b6"},"headline":"Herr der Ringe: Das Audi museum mobile","datePublished":"2025-04-27T22:10:55+00:00","mainEntityOfPage":{"@id":"https:\/\/www.sjs-carstyling.com\/blog\/audi-museum-mobile-die-ausstellung-im-audi-forum-ingolstadt-im-ueberblick\/"},"wordCount":968,"commentCount":0,"image":{"@id":"https:\/\/www.sjs-carstyling.com\/blog\/audi-museum-mobile-die-ausstellung-im-audi-forum-ingolstadt-im-ueberblick\/#primaryimage"},"thumbnailUrl":"https:\/\/www.sjs-carstyling.com\/blog\/wp-content\/uploads\/2025\/04\/Audi-Museum-Mobile-5.jpg","keywords":["Audi Ingolstadt","Audi Ingolstadt Museum","Audi Museum","Audi museum mobile","Audi Museum Neckarsulm","beliebt","Featured","Ingolstadt Audi Museum","Museum Ingolstadt Audi","Neu"],"articleSection":["Oldtimer-Museen"],"inLanguage":"de","potentialAction":[{"@type":"CommentAction","name":"Comment","target":["https:\/\/www.sjs-carstyling.com\/blog\/audi-museum-mobile-die-ausstellung-im-audi-forum-ingolstadt-im-ueberblick\/#respond"]}]},{"@type":"WebPage","@id":"https:\/\/www.sjs-carstyling.com\/blog\/audi-museum-mobile-die-ausstellung-im-audi-forum-ingolstadt-im-ueberblick\/","url":"https:\/\/www.sjs-carstyling.com\/blog\/audi-museum-mobile-die-ausstellung-im-audi-forum-ingolstadt-im-ueberblick\/","name":"Audi museum mobile | Ausstellung im Audi Forum Ingolstadt","isPartOf":{"@id":"https:\/\/www.sjs-carstyling.com\/blog\/#website"},"primaryImageOfPage":{"@id":"https:\/\/www.sjs-carstyling.com\/blog\/audi-museum-mobile-die-ausstellung-im-audi-forum-ingolstadt-im-ueberblick\/#primaryimage"},"image":{"@id":"https:\/\/www.sjs-carstyling.com\/blog\/audi-museum-mobile-die-ausstellung-im-audi-forum-ingolstadt-im-ueberblick\/#primaryimage"},"thumbnailUrl":"https:\/\/www.sjs-carstyling.com\/blog\/wp-content\/uploads\/2025\/04\/Audi-Museum-Mobile-5.jpg","datePublished":"2025-04-27T22:10:55+00:00","author":{"@id":"https:\/\/www.sjs-carstyling.com\/blog\/#\/schema\/person\/332a47a414a4b472319d5e770d80d8b6"},"description":"Das Audi museum mobile bietet Autoenthusiasten jeden Alters ein unvergessliches Erlebnis. Wir stellen die Highlights der Ausstellung genauer vor.","inLanguage":"de","potentialAction":[{"@type":"ReadAction","target":["https:\/\/www.sjs-carstyling.com\/blog\/audi-museum-mobile-die-ausstellung-im-audi-forum-ingolstadt-im-ueberblick\/"]}]},{"@type":"ImageObject","inLanguage":"de","@id":"https:\/\/www.sjs-carstyling.com\/blog\/audi-museum-mobile-die-ausstellung-im-audi-forum-ingolstadt-im-ueberblick\/#primaryimage","url":"https:\/\/www.sjs-carstyling.com\/blog\/wp-content\/uploads\/2025\/04\/Audi-Museum-Mobile-5.jpg","contentUrl":"https:\/\/www.sjs-carstyling.com\/blog\/wp-content\/uploads\/2025\/04\/Audi-Museum-Mobile-5.jpg","width":2000,"height":1414,"caption":"Bildquelle: Audi MediaCenter \/ Audi AG"},{"@type":"WebSite","@id":"https:\/\/www.sjs-carstyling.com\/blog\/#website","url":"https:\/\/www.sjs-carstyling.com\/blog\/","name":"SJS Carstyling Oldtimer Magazin","description":"Der Blog rund um das liebste Fahrzeug: finde Oldtimer-News, Modellvergleiche, Event-Hinweise und vieles mehr!","potentialAction":[{"@type":"SearchAction","target":{"@type":"EntryPoint","urlTemplate":"https:\/\/www.sjs-carstyling.com\/blog\/?s={search_term_string}"},"query-input":{"@type":"PropertyValueSpecification","valueRequired":true,"valueName":"search_term_string"}}],"inLanguage":"de"},{"@type":"Person","@id":"https:\/\/www.sjs-carstyling.com\/blog\/#\/schema\/person\/332a47a414a4b472319d5e770d80d8b6","name":"Jennifer Nagel","image":{"@type":"ImageObject","inLanguage":"de","@id":"https:\/\/secure.gravatar.com\/avatar\/41e24e4fa721570a85d358a674d8a182b434d7f2e24660c53d8dbbacf2214157?s=96&d=mm&r=g","url":"https:\/\/secure.gravatar.com\/avatar\/41e24e4fa721570a85d358a674d8a182b434d7f2e24660c53d8dbbacf2214157?s=96&d=mm&r=g","contentUrl":"https:\/\/secure.gravatar.com\/avatar\/41e24e4fa721570a85d358a674d8a182b434d7f2e24660c53d8dbbacf2214157?s=96&d=mm&r=g","caption":"Jennifer Nagel"},"description":"Jennifer ist Vielfahrerin und liebt es, bei guter Musik \u00fcber den Asphalt zu rollen. Besonders heimisch f\u00fchlt sie sich auf den Autobahnen rund um Mannheim und Frankfurt. Ihr Herz geh\u00f6rt ihrem Ford Fiesta, der sie zuverl\u00e4ssig an jedes Ziel bringt. Wenn sie nicht gerade im Auto sitzt, schreibt sie mit Freude \u00fcber alles, was vier R\u00e4der hat.","url":"https:\/\/www.sjs-carstyling.com\/blog\/author\/jennifer\/"}]}},"_links":{"self":[{"href":"https:\/\/www.sjs-carstyling.com\/blog\/wp-json\/wp\/v2\/posts\/5560","targetHints":{"allow":["GET"]}}],"collection":[{"href":"https:\/\/www.sjs-carstyling.com\/blog\/wp-json\/wp\/v2\/posts"}],"about":[{"href":"https:\/\/www.sjs-carstyling.com\/blog\/wp-json\/wp\/v2\/types\/post"}],"author":[{"embeddable":true,"href":"https:\/\/www.sjs-carstyling.com\/blog\/wp-json\/wp\/v2\/users\/7"}],"replies":[{"embeddable":true,"href":"https:\/\/www.sjs-carstyling.com\/blog\/wp-json\/wp\/v2\/comments?post=5560"}],"version-history":[{"count":5,"href":"https:\/\/www.sjs-carstyling.com\/blog\/wp-json\/wp\/v2\/posts\/5560\/revisions"}],"predecessor-version":[{"id":5573,"href":"https:\/\/www.sjs-carstyling.com\/blog\/wp-json\/wp\/v2\/posts\/5560\/revisions\/5573"}],"wp:featuredmedia":[{"embeddable":true,"href":"https:\/\/www.sjs-carstyling.com\/blog\/wp-json\/wp\/v2\/media\/5564"}],"wp:attachment":[{"href":"https:\/\/www.sjs-carstyling.com\/blog\/wp-json\/wp\/v2\/media?parent=5560"}],"wp:term":[{"taxonomy":"category","embeddable":true,"href":"https:\/\/www.sjs-carstyling.com\/blog\/wp-json\/wp\/v2\/categories?post=5560"},{"taxonomy":"post_tag","embeddable":true,"href":"https:\/\/www.sjs-carstyling.com\/blog\/wp-json\/wp\/v2\/tags?post=5560"}],"curies":[{"name":"wp","href":"https:\/\/api.w.org\/{rel}","templated":true}]}}