{"id":5745,"date":"2025-07-21T00:10:43","date_gmt":"2025-07-20T22:10:43","guid":{"rendered":"https:\/\/www.sjs-carstyling.com\/blog\/?p=5745"},"modified":"2025-09-08T15:06:12","modified_gmt":"2025-09-08T13:06:12","slug":"porsche-928-der-gran-turismo-der-80er","status":"publish","type":"post","link":"https:\/\/www.sjs-carstyling.com\/blog\/porsche-928-der-gran-turismo-der-80er\/","title":{"rendered":"Porsche 928: DER Gran Turismo der 80er"},"content":{"rendered":"\n\n<div class=\"kk-star-ratings kksr-auto kksr-align-left kksr-valign-top\"\n    data-payload='{&quot;align&quot;:&quot;left&quot;,&quot;id&quot;:&quot;5745&quot;,&quot;slug&quot;:&quot;default&quot;,&quot;valign&quot;:&quot;top&quot;,&quot;ignore&quot;:&quot;&quot;,&quot;reference&quot;:&quot;auto&quot;,&quot;class&quot;:&quot;&quot;,&quot;count&quot;:&quot;4&quot;,&quot;legendonly&quot;:&quot;&quot;,&quot;readonly&quot;:&quot;&quot;,&quot;score&quot;:&quot;5&quot;,&quot;starsonly&quot;:&quot;&quot;,&quot;best&quot;:&quot;5&quot;,&quot;gap&quot;:&quot;5&quot;,&quot;greet&quot;:&quot;Wie hat dir der Beitrag gefallen? 1= langweilig, 5= sehr interessant&quot;,&quot;legend&quot;:&quot;5\\\/5 - (4 Stimmen)&quot;,&quot;size&quot;:&quot;24&quot;,&quot;title&quot;:&quot;Porsche 928: DER Gran Turismo der 80er&quot;,&quot;width&quot;:&quot;142.5&quot;,&quot;_legend&quot;:&quot;{score}\\\/{best} - ({count} Stimmen)&quot;,&quot;font_factor&quot;:&quot;1.25&quot;}'>\n            \n<div class=\"kksr-stars\">\n    \n<div class=\"kksr-stars-inactive\">\n            <div class=\"kksr-star\" data-star=\"1\" style=\"padding-right: 5px\">\n            \n\n<div class=\"kksr-icon\" style=\"width: 24px; height: 24px;\"><\/div>\n        <\/div>\n            <div class=\"kksr-star\" data-star=\"2\" style=\"padding-right: 5px\">\n            \n\n<div class=\"kksr-icon\" style=\"width: 24px; height: 24px;\"><\/div>\n        <\/div>\n            <div class=\"kksr-star\" data-star=\"3\" style=\"padding-right: 5px\">\n            \n\n<div class=\"kksr-icon\" style=\"width: 24px; height: 24px;\"><\/div>\n        <\/div>\n            <div class=\"kksr-star\" data-star=\"4\" style=\"padding-right: 5px\">\n            \n\n<div class=\"kksr-icon\" style=\"width: 24px; height: 24px;\"><\/div>\n        <\/div>\n            <div class=\"kksr-star\" data-star=\"5\" style=\"padding-right: 5px\">\n            \n\n<div class=\"kksr-icon\" style=\"width: 24px; height: 24px;\"><\/div>\n        <\/div>\n    <\/div>\n    \n<div class=\"kksr-stars-active\" style=\"width: 142.5px;\">\n            <div class=\"kksr-star\" style=\"padding-right: 5px\">\n            \n\n<div class=\"kksr-icon\" style=\"width: 24px; height: 24px;\"><\/div>\n        <\/div>\n            <div class=\"kksr-star\" style=\"padding-right: 5px\">\n            \n\n<div class=\"kksr-icon\" style=\"width: 24px; height: 24px;\"><\/div>\n        <\/div>\n            <div class=\"kksr-star\" style=\"padding-right: 5px\">\n            \n\n<div class=\"kksr-icon\" style=\"width: 24px; height: 24px;\"><\/div>\n        <\/div>\n            <div class=\"kksr-star\" style=\"padding-right: 5px\">\n            \n\n<div class=\"kksr-icon\" style=\"width: 24px; height: 24px;\"><\/div>\n        <\/div>\n            <div class=\"kksr-star\" style=\"padding-right: 5px\">\n            \n\n<div class=\"kksr-icon\" style=\"width: 24px; height: 24px;\"><\/div>\n        <\/div>\n    <\/div>\n<\/div>\n                \n\n<div class=\"kksr-legend\" style=\"font-size: 19.2px;\">\n            5\/5 - (4 Stimmen)    <\/div>\n    <\/div>\n<p><span style=\"font-weight: 400;\">Wenn man an Porsche denkt, kommt einem unweigerlich der 911 in den Sinn \u2013 mit seinem ikonischen Design und dem charakteristischen Heckmotor. Doch in den <\/span><b>sp\u00e4ten 70er-Jahren<\/b><span style=\"font-weight: 400;\"> wagte sich der Zuffenhausener Hersteller auf unbekanntes Terrain und ging mit dem <\/span><b>Porsche 928<\/b><span style=\"font-weight: 400;\"> v\u00f6llig neue Wege. Wir betrachten die <\/span><b>komfortable, leistungsstarke und sportliche Legende im Detail<\/b><span style=\"font-weight: 400;\">.<\/span><\/p>\n<div id=\"attachment_5751\" style=\"width: 2010px\" class=\"wp-caption alignnone\"><img decoding=\"async\" aria-describedby=\"caption-attachment-5751\" class=\"size-full wp-image-5751\" src=\"https:\/\/www.sjs-carstyling.com\/blog\/wp-content\/uploads\/2025\/07\/Porsche-928-SJS-6.jpg\" alt=\"Porsche 928 im Portr\u00e4t - 6\" width=\"2000\" height=\"1500\" srcset=\"https:\/\/www.sjs-carstyling.com\/blog\/wp-content\/uploads\/2025\/07\/Porsche-928-SJS-6.jpg 2000w, https:\/\/www.sjs-carstyling.com\/blog\/wp-content\/uploads\/2025\/07\/Porsche-928-SJS-6-300x225.jpg 300w, https:\/\/www.sjs-carstyling.com\/blog\/wp-content\/uploads\/2025\/07\/Porsche-928-SJS-6-1024x768.jpg 1024w, https:\/\/www.sjs-carstyling.com\/blog\/wp-content\/uploads\/2025\/07\/Porsche-928-SJS-6-768x576.jpg 768w, https:\/\/www.sjs-carstyling.com\/blog\/wp-content\/uploads\/2025\/07\/Porsche-928-SJS-6-1536x1152.jpg 1536w, https:\/\/www.sjs-carstyling.com\/blog\/wp-content\/uploads\/2025\/07\/Porsche-928-SJS-6-175x131.jpg 175w, https:\/\/www.sjs-carstyling.com\/blog\/wp-content\/uploads\/2025\/07\/Porsche-928-SJS-6-450x338.jpg 450w, https:\/\/www.sjs-carstyling.com\/blog\/wp-content\/uploads\/2025\/07\/Porsche-928-SJS-6-1170x878.jpg 1170w\" sizes=\"(max-width: 2000px) 100vw, 2000px\" \/><p id=\"caption-attachment-5751\" class=\"wp-caption-text\">Bildquelle: SJS Carstyling<\/p><\/div>\n<h2><b>Porsche setzt mit dem 928 neue Ma\u00dfst\u00e4be<\/b><\/h2>\n<p><span style=\"font-weight: 400;\">1977 wurde der Porsche 928 erstmals vorgestellt \u2013 als m\u00f6glicher Nachfolger des <\/span><a href=\"https:\/\/www.sjs-carstyling.com\/blog\/im-portraet-porsche-911\/\"><span style=\"font-weight: 400;\">Porsche 911<\/span><\/a><span style=\"font-weight: 400;\">. Der Zuffenhausener Autohersteller wollte ein Fahrzeug schaffen, das die <\/span><b>Leistungsf\u00e4higkeit eines Sportwagens<\/b><span style=\"font-weight: 400;\"> mit dem <\/span><b>Komfort und der Langstreckentauglichkeit eines Luxus-Coup\u00e9s<\/b><span style=\"font-weight: 400;\"> verband.<\/span><\/p>\n<p><span style=\"font-weight: 400;\">Diese Kombination gelang und der <\/span><a href=\"https:\/\/www.sjs-carstyling.com\/Porsche\"><span style=\"font-weight: 400;\">Porsche<\/span><\/a><span style=\"font-weight: 400;\"> 928 pr\u00e4sentierte sich <\/span><b>gleicherma\u00dfen als innovatives und luxuri\u00f6ses <a href=\"https:\/\/de.wikipedia.org\/wiki\/Coup%C3%A9\" target=\"_blank\" rel=\"noopener\">Coup\u00e9<\/a><\/b><span style=\"font-weight: 400;\">. F\u00fcr seine Zeit bot der Sportwagen <\/span><b>ungew\u00f6hnlich viel Komfort<\/b><span style=\"font-weight: 400;\">, der unter anderem ein <\/span><b>Schiebedach<\/b><span style=\"font-weight: 400;\">, eine <\/span><b>elektrische Sitzheizung<\/b><span style=\"font-weight: 400;\"> und eine <\/span><b>Klimaanlage<\/b><span style=\"font-weight: 400;\"> umfasste, die auch das Handschuhfach k\u00fchlen konnte.<\/span><\/p>\n<p><span style=\"font-weight: 400;\">Eine <\/span><b>Reinigungsmittel-Dosierpumpe f\u00fcr die Scheibenwaschanlage<\/b><span style=\"font-weight: 400;\">, ein <\/span><b>fahrerorientiertes Cockpit<\/b><span style=\"font-weight: 400;\"> und Instrumente, die sich beim Verstellen des Lenkrads mitbewegten, hoben den Komfort auf ein neues Level. <\/span><b>Bequeme Sitze<\/b><span style=\"font-weight: 400;\">, <\/span><b>hochwertige Materialien<\/b><span style=\"font-weight: 400;\"> und <\/span><b>ausreichend Platz<\/b><span style=\"font-weight: 400;\"> f\u00fcr alle Passagiere rundeten das <\/span><b>erstklassige Design des Innenraums<\/b><span style=\"font-weight: 400;\"> ab.<\/span><\/p>\n<blockquote><p><b>Schon gewusst? <\/b><span style=\"font-weight: 400;\">1978 wurde der Porsche 928 als erster und bisher einziger Sportwagen von einer internationalen Jury zum \u201eEurop\u00e4ischen Auto des Jahres\u201c gew\u00e4hlt. Auf der British Motor Show in Birmingham erhielt er au\u00dferdem eine Goldmedaille f\u00fcr Design, Qualit\u00e4t und Komfort.<\/span><\/p><\/blockquote>\n<div id=\"attachment_5746\" style=\"width: 2010px\" class=\"wp-caption alignnone\"><img decoding=\"async\" aria-describedby=\"caption-attachment-5746\" class=\"size-full wp-image-5746\" src=\"https:\/\/www.sjs-carstyling.com\/blog\/wp-content\/uploads\/2025\/07\/Porsche-928-SJS-1.jpg\" alt=\"Porsche 928 im Portr\u00e4t - 1\" width=\"2000\" height=\"1500\" srcset=\"https:\/\/www.sjs-carstyling.com\/blog\/wp-content\/uploads\/2025\/07\/Porsche-928-SJS-1.jpg 2000w, https:\/\/www.sjs-carstyling.com\/blog\/wp-content\/uploads\/2025\/07\/Porsche-928-SJS-1-300x225.jpg 300w, https:\/\/www.sjs-carstyling.com\/blog\/wp-content\/uploads\/2025\/07\/Porsche-928-SJS-1-1024x768.jpg 1024w, https:\/\/www.sjs-carstyling.com\/blog\/wp-content\/uploads\/2025\/07\/Porsche-928-SJS-1-768x576.jpg 768w, https:\/\/www.sjs-carstyling.com\/blog\/wp-content\/uploads\/2025\/07\/Porsche-928-SJS-1-1536x1152.jpg 1536w, https:\/\/www.sjs-carstyling.com\/blog\/wp-content\/uploads\/2025\/07\/Porsche-928-SJS-1-175x131.jpg 175w, https:\/\/www.sjs-carstyling.com\/blog\/wp-content\/uploads\/2025\/07\/Porsche-928-SJS-1-450x338.jpg 450w, https:\/\/www.sjs-carstyling.com\/blog\/wp-content\/uploads\/2025\/07\/Porsche-928-SJS-1-1170x878.jpg 1170w\" sizes=\"(max-width: 2000px) 100vw, 2000px\" \/><p id=\"caption-attachment-5746\" class=\"wp-caption-text\">Bildquelle: SJS Carstyling<\/p><\/div>\n<h2><b>Innovative Technik trifft auf Ingenieurskunst und ein futuristisches Design<\/b><\/h2>\n<p><span style=\"font-weight: 400;\">Schon der Blick aufs Exterieur zeigt, dass der 928 kein klassischer Porsche ist. Die <\/span><b>flie\u00dfende, aerodynamische Linienf\u00fchrung<\/b><span style=\"font-weight: 400;\">, die weit nach hinten gezogene Motorhaube und die <\/span><b>charakteristischen Klappscheinwerfer<\/b><span style=\"font-weight: 400;\"> verleihen ihm ein <\/span><b>futuristisches Aussehen<\/b><span style=\"font-weight: 400;\"> \u2013 besonders im Vergleich zu seinen kantigeren Zeitgenossen.<\/span><\/p>\n<p><span style=\"font-weight: 400;\">Der <\/span><a href=\"https:\/\/www.sjs-carstyling.com\/928\"><span style=\"font-weight: 400;\">Porsche 928<\/span><\/a><span style=\"font-weight: 400;\"> gilt au\u00dferdem als <\/span><b>erster Serien-Porsche<\/b><span style=\"font-weight: 400;\"> mit einem <\/span><b>wassergek\u00fchlten V8-Frontmotor<\/b><span style=\"font-weight: 400;\">. In Kombination mit dem <\/span><b>Hinterradantrieb<\/b><span style=\"font-weight: 400;\"> und der <\/span><b>passiven Hinterachslenkung<\/b><span style=\"font-weight: 400;\"> (Weissach-Achse) zeigt der Zuffenhausener Automobilhersteller eine radikale Abkehr vom klassischen 911-Konzept mit Heckmotor.<\/span><\/p>\n<div id=\"attachment_5747\" style=\"width: 2010px\" class=\"wp-caption alignnone\"><img decoding=\"async\" aria-describedby=\"caption-attachment-5747\" class=\"size-full wp-image-5747\" src=\"https:\/\/www.sjs-carstyling.com\/blog\/wp-content\/uploads\/2025\/07\/Porsche-928-SJS-2.jpg\" alt=\"Porsche 928 im Portr\u00e4t - 2\" width=\"2000\" height=\"1500\" srcset=\"https:\/\/www.sjs-carstyling.com\/blog\/wp-content\/uploads\/2025\/07\/Porsche-928-SJS-2.jpg 2000w, https:\/\/www.sjs-carstyling.com\/blog\/wp-content\/uploads\/2025\/07\/Porsche-928-SJS-2-300x225.jpg 300w, https:\/\/www.sjs-carstyling.com\/blog\/wp-content\/uploads\/2025\/07\/Porsche-928-SJS-2-1024x768.jpg 1024w, https:\/\/www.sjs-carstyling.com\/blog\/wp-content\/uploads\/2025\/07\/Porsche-928-SJS-2-768x576.jpg 768w, https:\/\/www.sjs-carstyling.com\/blog\/wp-content\/uploads\/2025\/07\/Porsche-928-SJS-2-1536x1152.jpg 1536w, https:\/\/www.sjs-carstyling.com\/blog\/wp-content\/uploads\/2025\/07\/Porsche-928-SJS-2-175x131.jpg 175w, https:\/\/www.sjs-carstyling.com\/blog\/wp-content\/uploads\/2025\/07\/Porsche-928-SJS-2-450x338.jpg 450w, https:\/\/www.sjs-carstyling.com\/blog\/wp-content\/uploads\/2025\/07\/Porsche-928-SJS-2-1170x878.jpg 1170w\" sizes=\"(max-width: 2000px) 100vw, 2000px\" \/><p id=\"caption-attachment-5747\" class=\"wp-caption-text\">Bildquelle: SJS Carstyling<\/p><\/div>\n<p><span style=\"font-weight: 400;\">Hinzu kommt die <\/span><b>Transaxle-Bauweise<\/b><span style=\"font-weight: 400;\">, bei der das <\/span><b>Getriebe und Differential<\/b><span style=\"font-weight: 400;\"> in einem gemeinsamen Geh\u00e4use <\/span><b>an der Hinterachse liegen<\/b><span style=\"font-weight: 400;\">. Sie sorgt f\u00fcr eine <\/span><b>ausgewogene Gewichtsverteilung<\/b><span style=\"font-weight: 400;\"> und ein <\/span><b>hervorragendes Fahrverhalten<\/b><span style=\"font-weight: 400;\">. Vor allem die Weissach-Achse sorgt f\u00fcr <\/span><b>mehr Stabilit\u00e4t in Kurven und beim Bremsen<\/b><span style=\"font-weight: 400;\">.<\/span><\/p>\n<blockquote><p><b>Design-Ikone:<\/b><span style=\"font-weight: 400;\"> Den Entwurf f\u00fcr die Karosserie lieferten Anatole Lapine und Wolfgang M\u00f6bius. Typische Merkmale sind die integrierten Polyurethan-Sto\u00dff\u00e4nger und die markanten Klappscheinwerfer. Um Gewicht einzusparen, besteht die Karosserie au\u00dferdem weitgehend aus Aluminium \u2013 ein innovativer Ansatz, da viele Hersteller zur Zeit des 928 noch auf schwere Stahlkonstruktionen setzten.<\/span><\/p><\/blockquote>\n<div id=\"attachment_5752\" style=\"width: 2010px\" class=\"wp-caption alignnone\"><img decoding=\"async\" aria-describedby=\"caption-attachment-5752\" class=\"size-full wp-image-5752\" src=\"https:\/\/www.sjs-carstyling.com\/blog\/wp-content\/uploads\/2025\/07\/Porsche-928-im-Portraet-3.jpg\" alt=\"Porsche 928 im Portr\u00e4t - 3\" width=\"2000\" height=\"1333\" srcset=\"https:\/\/www.sjs-carstyling.com\/blog\/wp-content\/uploads\/2025\/07\/Porsche-928-im-Portraet-3.jpg 2000w, https:\/\/www.sjs-carstyling.com\/blog\/wp-content\/uploads\/2025\/07\/Porsche-928-im-Portraet-3-300x200.jpg 300w, https:\/\/www.sjs-carstyling.com\/blog\/wp-content\/uploads\/2025\/07\/Porsche-928-im-Portraet-3-1024x682.jpg 1024w, https:\/\/www.sjs-carstyling.com\/blog\/wp-content\/uploads\/2025\/07\/Porsche-928-im-Portraet-3-768x512.jpg 768w, https:\/\/www.sjs-carstyling.com\/blog\/wp-content\/uploads\/2025\/07\/Porsche-928-im-Portraet-3-1536x1024.jpg 1536w, https:\/\/www.sjs-carstyling.com\/blog\/wp-content\/uploads\/2025\/07\/Porsche-928-im-Portraet-3-175x117.jpg 175w, https:\/\/www.sjs-carstyling.com\/blog\/wp-content\/uploads\/2025\/07\/Porsche-928-im-Portraet-3-450x300.jpg 450w, https:\/\/www.sjs-carstyling.com\/blog\/wp-content\/uploads\/2025\/07\/Porsche-928-im-Portraet-3-1170x780.jpg 1170w, https:\/\/www.sjs-carstyling.com\/blog\/wp-content\/uploads\/2025\/07\/Porsche-928-im-Portraet-3-312x208.jpg 312w\" sizes=\"(max-width: 2000px) 100vw, 2000px\" \/><p id=\"caption-attachment-5752\" class=\"wp-caption-text\">Bildquelle: Martin Debus &#8211; stock.adobe.com<\/p><\/div>\n<h2><b>928, S, S4, GT und GTS: Modellvarianten im \u00dcberblick<\/b><\/h2>\n<p><span style=\"font-weight: 400;\">Das <\/span><b>Ur-Modell<\/b><span style=\"font-weight: 400;\"> des Porsche 928 <\/span><b>rollte ab 1977 vom Band<\/b><span style=\"font-weight: 400;\">. Bis zum <\/span><b>Produktionsende 1995<\/b><span style=\"font-weight: 400;\"> erlebte der Sportwagen <\/span><b>kontinuierliche Weiterentwicklungen<\/b><span style=\"font-weight: 400;\"> und steigerte sich von 240 PS auf mehr als 300 PS:<\/span><\/p>\n<ul>\n<li><b>1977 bis 1982: Porsche 928<\/b><span style=\"font-weight: 400;\">, Ur-Modell mit 240 PS und 4,5 Litern Hubraum<\/span><\/li>\n<li><b>1980 bis 1986: Porsche 928 S<\/b><span style=\"font-weight: 400;\"> mit bis zu 310 PS<\/span><\/li>\n<li><b>1987 bis 1991: Porsche 928 S4<\/b><span style=\"font-weight: 400;\"> mit bis zu 320 PS und verbesserter Aerodynamik<\/span><\/li>\n<li><b>1989 bis 1991: Porsche 928 GT<\/b><span style=\"font-weight: 400;\"> mit bis zu 330 PS und manuellem Getriebe<\/span><\/li>\n<li><b>1992 bis 1995: Porsche 928 GTS<\/b><span style=\"font-weight: 400;\"> mit bis zu 350 PS und 5,4 Litern Hubraum<\/span><\/li>\n<\/ul>\n<p><iframe title=\"Porsche 928S (1983) - 80er Held mit V8! Hatte er das Zeug zum 911-Nachfolger?\" width=\"1080\" height=\"608\" src=\"https:\/\/www.youtube.com\/embed\/EUnPBT53HRw?feature=oembed\"  allow=\"accelerometer; autoplay; clipboard-write; encrypted-media; gyroscope; picture-in-picture; web-share\" referrerpolicy=\"strict-origin-when-cross-origin\" allowfullscreen><\/iframe><\/p>\n<p><strong><em>(Pssssst&#8230;.. <a href=\"https:\/\/www.sjs-carstyling.com\/blog\/exklusiv-interview-mit-kult-moderator-alex-von-carranger\/\">Hier<\/a> geht es zum Exklusiv-Interview mit Alex von CarRanger)<\/em><\/strong><\/p>\n<blockquote><p><b>Gut zu wissen:<\/b><span style=\"font-weight: 400;\"> Neben diesen Modellen gab es spezielle Einzelst\u00fccke wie den Porsche 942, den Ferry Porsche zum 75. Geburtstag erhielt. Ein 928 diente au\u00dferdem mehr als 30 Jahre als Ger\u00e4uschmessfahrzeug im Entwicklungszentrum Weissach. Heute ist er im <\/span><a href=\"https:\/\/www.sjs-carstyling.com\/blog\/rasanter-ausflugstipp-porsche-museum-stuttgart\/\"><span style=\"font-weight: 400;\">Porsche Museum<\/span><\/a><span style=\"font-weight: 400;\"> ausgestellt.<\/span><\/p><\/blockquote>\n<p><span style=\"font-weight: 400;\">Heute ist der Porsche 928 ein <\/span><b>gefragter Oldtimer<\/b><span style=\"font-weight: 400;\"> und kann sich <\/span><a href=\"https:\/\/www.sjs-carstyling.com\/blog\/neue-oldtimer-diese-acht-autos-bekommen-2025-ihr-h-kennzeichen\/\"><span style=\"font-weight: 400;\">seit 2025 ein H-Kennzeichen verdienen<\/span><\/a><span style=\"font-weight: 400;\">. Das <\/span><b>au\u00dfergew\u00f6hnliche Konzept<\/b><span style=\"font-weight: 400;\">, die <\/span><b>Seltenheit<\/b><span style=\"font-weight: 400;\"> und das <\/span><b>hervorragende Fahrerlebnis<\/b><span style=\"font-weight: 400;\"> fordern <\/span><b>stolze Preise<\/b><span style=\"font-weight: 400;\">, besonders f\u00fcr gut gepflegte Exemplare. Wer einen gebrauchten 928 kaufen m\u00f6chte, kann auf dem <\/span><b>Gebrauchtwagenmarkt<\/b><span style=\"font-weight: 400;\"> mit durchschnittlichen Preisen <\/span><b>zwischen 24.000 und 46.000 Euro<\/b><span style=\"font-weight: 400;\"> rechnen.<\/span><\/p>\n<blockquote><p><b>Lesen Sie mal rein:<\/b><span style=\"font-weight: 400;\"> In einem weiteren Beitrag haben wir Ihnen <\/span><a href=\"https:\/\/www.sjs-carstyling.com\/blog\/oldtimer-klug-kaufen-10-praktische-tipps\/\"><span style=\"font-weight: 400;\">zehn praktische Tipps f\u00fcr den klugen Oldtimerkauf<\/span><\/a><span style=\"font-weight: 400;\"> zusammengefasst.<\/span><\/p><\/blockquote>\n<div id=\"attachment_5750\" style=\"width: 2010px\" class=\"wp-caption alignnone\"><img decoding=\"async\" aria-describedby=\"caption-attachment-5750\" class=\"size-full wp-image-5750\" src=\"https:\/\/www.sjs-carstyling.com\/blog\/wp-content\/uploads\/2025\/07\/Porsche-928-SJS-5.jpg\" alt=\"Porsche 928 im Portr\u00e4t - 5\" width=\"2000\" height=\"1500\" srcset=\"https:\/\/www.sjs-carstyling.com\/blog\/wp-content\/uploads\/2025\/07\/Porsche-928-SJS-5.jpg 2000w, https:\/\/www.sjs-carstyling.com\/blog\/wp-content\/uploads\/2025\/07\/Porsche-928-SJS-5-300x225.jpg 300w, https:\/\/www.sjs-carstyling.com\/blog\/wp-content\/uploads\/2025\/07\/Porsche-928-SJS-5-1024x768.jpg 1024w, https:\/\/www.sjs-carstyling.com\/blog\/wp-content\/uploads\/2025\/07\/Porsche-928-SJS-5-768x576.jpg 768w, https:\/\/www.sjs-carstyling.com\/blog\/wp-content\/uploads\/2025\/07\/Porsche-928-SJS-5-1536x1152.jpg 1536w, https:\/\/www.sjs-carstyling.com\/blog\/wp-content\/uploads\/2025\/07\/Porsche-928-SJS-5-175x131.jpg 175w, https:\/\/www.sjs-carstyling.com\/blog\/wp-content\/uploads\/2025\/07\/Porsche-928-SJS-5-450x338.jpg 450w, https:\/\/www.sjs-carstyling.com\/blog\/wp-content\/uploads\/2025\/07\/Porsche-928-SJS-5-1170x878.jpg 1170w\" sizes=\"(max-width: 2000px) 100vw, 2000px\" \/><p id=\"caption-attachment-5750\" class=\"wp-caption-text\">Bildquelle: SJS Carstyling<\/p><\/div>\n<h2><b>Schon gesehen? Ein ganz besonderer Porsche 928 bei uns zu Besuch<\/b><\/h2>\n<p><span style=\"font-weight: 400;\">Bei <\/span><a href=\"https:\/\/www.instagram.com\/reel\/DMIiP0FMcYy\/\" target=\"_blank\" rel=\"noopener\"><span style=\"font-weight: 400;\">SJS-Carstyling<\/span><\/a><span style=\"font-weight: 400;\"> ist es f\u00fcr uns immer wieder ein Highlight, wenn <\/span><b>besondere Wagen in unserer Autosattlerei und Werkstatt zu Besuch sind<\/b><span style=\"font-weight: 400;\"> \u2013 wie der extravagante <\/span><b>Porsche 928 von Dirk von <a href=\"https:\/\/www.sjs-carstyling.com\/blog\/oldtimer-mieten-exklusives-interview-mit-ottochrom\/\">Ottochrom<\/a><\/b><span style=\"font-weight: 400;\">. Gefertigt im Dezember <\/span><b>1977<\/b><span style=\"font-weight: 400;\"> erhielt dieses <\/span><b>seltene Modell aus der Ur-Serie<\/b><span style=\"font-weight: 400;\"> seine Erstzulassung im Januar 1978.<\/span><\/p>\n<p><span style=\"font-weight: 400;\">Als eines der ersten Autos von Porsche erhielt das Modell ein <\/span><b>Automatikgetriebe<\/b><span style=\"font-weight: 400;\">, das <\/span><b>aus der Baureihe W116<\/b><span style=\"font-weight: 400;\"> von <\/span><a href=\"https:\/\/www.sjs-carstyling.com\/Mercedes-Benz\"><span style=\"font-weight: 400;\">Mercedes-Benz<\/span><\/a><span style=\"font-weight: 400;\"> stammt. In der <\/span><b>Farbe Lindgr\u00fcnmetallic<\/b><span style=\"font-weight: 400;\"> wurden zudem nur <\/span><b>216 Exemplare<\/b><span style=\"font-weight: 400;\"> auf den Asphalt entlassen, was unseren automobilen Gast zu einem<strong> Extra-Hingucker<\/strong><\/span><span style=\"font-weight: 400;\"><strong>\u00a0<\/strong>macht.<\/span><\/p>\n<p><span style=\"font-weight: 400;\">Vor rund einem Jahr durften wir dem <\/span><b>Innenraum<\/b><span style=\"font-weight: 400;\"> in unserer <\/span><a href=\"https:\/\/www.sjs-carstyling.com\/blog\/autosattlerei-berlin\/\"><span style=\"font-weight: 400;\">Sattlerei in Michendorf bei Berlin<\/span><\/a><span style=\"font-weight: 400;\"> ein <\/span><b>starkes Makeover<\/b><span style=\"font-weight: 400;\"> verleihen \u2013 nat\u00fcrlich im <\/span><b>Pascha-Design<\/b><span style=\"font-weight: 400;\">, wie es sich f\u00fcr einen echten Porsche 928 aus den 1970ern geh\u00f6rt. Aktuell bereichert der Wagen erneut unseren Firmensitz in Michendorf bei Berlin und erlaubt uns <\/span><b>weitere Arbeiten<\/b><span style=\"font-weight: 400;\">, die wir am <\/span><b>Gep\u00e4cknetz<\/b><span style=\"font-weight: 400;\"> und der <\/span><b>T\u00fcrverkleidung<\/b><span style=\"font-weight: 400;\"> vornehmen.<\/span><\/p>\n<div id=\"attachment_5748\" style=\"width: 2010px\" class=\"wp-caption alignnone\"><img decoding=\"async\" aria-describedby=\"caption-attachment-5748\" class=\"size-full wp-image-5748\" src=\"https:\/\/www.sjs-carstyling.com\/blog\/wp-content\/uploads\/2025\/07\/Porsche-928-SJS-3.jpg\" alt=\"Porsche 928 im Portr\u00e4t - 3\" width=\"2000\" height=\"1500\" srcset=\"https:\/\/www.sjs-carstyling.com\/blog\/wp-content\/uploads\/2025\/07\/Porsche-928-SJS-3.jpg 2000w, https:\/\/www.sjs-carstyling.com\/blog\/wp-content\/uploads\/2025\/07\/Porsche-928-SJS-3-300x225.jpg 300w, https:\/\/www.sjs-carstyling.com\/blog\/wp-content\/uploads\/2025\/07\/Porsche-928-SJS-3-1024x768.jpg 1024w, https:\/\/www.sjs-carstyling.com\/blog\/wp-content\/uploads\/2025\/07\/Porsche-928-SJS-3-768x576.jpg 768w, https:\/\/www.sjs-carstyling.com\/blog\/wp-content\/uploads\/2025\/07\/Porsche-928-SJS-3-1536x1152.jpg 1536w, https:\/\/www.sjs-carstyling.com\/blog\/wp-content\/uploads\/2025\/07\/Porsche-928-SJS-3-175x131.jpg 175w, https:\/\/www.sjs-carstyling.com\/blog\/wp-content\/uploads\/2025\/07\/Porsche-928-SJS-3-450x338.jpg 450w, https:\/\/www.sjs-carstyling.com\/blog\/wp-content\/uploads\/2025\/07\/Porsche-928-SJS-3-1170x878.jpg 1170w\" sizes=\"(max-width: 2000px) 100vw, 2000px\" \/><p id=\"caption-attachment-5748\" class=\"wp-caption-text\">Bildquelle: SJS Carstyling<\/p><\/div>\n<h2><b>SJS-Carstyling: Ihr Partner f\u00fcr die umfassende Oldtimer-Pflege<\/b><\/h2>\n<p><span style=\"font-weight: 400;\">Egal, ob Porsche 928, <\/span><a href=\"https:\/\/www.sjs-carstyling.com\/blog\/citroen-ds-eine-unvergleichliche-goettin-auf-raedern\/%C3%A4\"><span style=\"font-weight: 400;\">Citro\u00ebn DS<\/span><\/a><span style=\"font-weight: 400;\"> oder <\/span><a href=\"https:\/\/www.sjs-carstyling.com\/Kaefer\"><span style=\"font-weight: 400;\">VW K\u00e4fer<\/span><\/a><span style=\"font-weight: 400;\"> \u2013 jeder Oldtimer verdient eine <\/span><b>sorgf\u00e4ltige Instandhaltung<\/b><span style=\"font-weight: 400;\">, um sich von seiner besten Seite zeigen zu k\u00f6nnen. Bei SJS-Carstyling liegen uns vor allem <\/span><b>Oldtimer, Youngtimer und Classic Cars mit einem Baujahr vor 2000<\/b><span style=\"font-weight: 400;\"> am Herzen. Wir stehen Ihnen aber auch bei moderneren Modellen kompetent zur Seite \u2013 mit <\/span><b>gepr\u00fcften Ersatzteilen<\/b><span style=\"font-weight: 400;\">, <\/span><b>erstklassigen <\/b><a href=\"https:\/\/www.sjs-carstyling.com\/KFZ-Pflege-und-Wartung\"><span style=\"font-weight: 400;\">Pflegeprodukten<\/span><\/a><span style=\"font-weight: 400;\"> und unserer<\/span><b> eigenen Sattlerei bei Berlin<\/b><span style=\"font-weight: 400;\">.<\/span><\/p>\n<p><span style=\"font-weight: 400;\">Auf unserem <\/span><a href=\"https:\/\/www.sjs-carstyling.com\/blog\/\"><span style=\"font-weight: 400;\">exklusiven Oldtimerblog<\/span><\/a><span style=\"font-weight: 400;\"> widmen wir uns <\/span><b>jede Woche neuen Themen<\/b><span style=\"font-weight: 400;\"> aus der <\/span><b>Oldtimer- und Youngtimer-Welt<\/b><span style=\"font-weight: 400;\">. Von den <\/span><a href=\"https:\/\/www.sjs-carstyling.com\/blog\/die-sieben-genialsten-autodesigns-von-giugiaro\/\"><span style=\"font-weight: 400;\">genialsten Autodesigns von Giorgetto Giugiaro<\/span><\/a><span style=\"font-weight: 400;\"> \u00fcber die <\/span><a href=\"https:\/\/www.sjs-carstyling.com\/blog\/autostadt-wolfsburg-reise-durch-die-welt-der-mobilitaet\/\"><span style=\"font-weight: 400;\">Autostadt Wolfsburg<\/span><\/a><span style=\"font-weight: 400;\"> bis hin zu den <\/span><a href=\"https:\/\/www.sjs-carstyling.com\/blog\/coole-musik-die-fuenf-besten-songs-zum-oldtimerfahren\/\"><span style=\"font-weight: 400;\">besten Songs zum Oldtimerfahren<\/span><\/a><span style=\"font-weight: 400;\"> lesen Sie <\/span><b>spannende Fun Facts<\/b><span style=\"font-weight: 400;\"> und <\/span><b>interessantes Fachwissen<\/b><span style=\"font-weight: 400;\">. Mit einem Abonnement unseres <\/span><a href=\"https:\/\/www.sjs-carstyling.com\/Newsletter\"><span style=\"font-weight: 400;\">kostenfreien Newsletters<\/span><\/a><span style=\"font-weight: 400;\"> bleiben Sie au\u00dferdem auf dem Laufenden und verpassen in unserem Onlineshop weder <\/span><b>Aktionen und Rabatte<\/b><span style=\"font-weight: 400;\"> noch andere Highlights.<\/span><\/p>\n<hr \/>\n<p>Bildquelle Titelbild: SJS Carstyling<\/p>\n","protected":false},"excerpt":{"rendered":"<p>Wenn man an Porsche denkt, kommt einem unweigerlich der 911 in den Sinn \u2013 mit seinem ikonischen Design und dem charakteristischen Heckmotor. Doch in den sp\u00e4ten 70er-Jahren wagte sich der Zuffenhausener Hersteller auf unbekanntes Terrain und ging mit dem Porsche 928 v\u00f6llig neue Wege. Wir betrachten die komfortable, leistungsstarke und sportliche Legende im Detail. Porsche [&hellip;]<\/p>\n","protected":false},"author":7,"featured_media":5749,"comment_status":"open","ping_status":"open","sticky":false,"template":"","format":"standard","meta":{"_et_pb_use_builder":"","_et_pb_old_content":"","_et_gb_content_width":"","footnotes":""},"categories":[6],"tags":[816,822,817,819,820,821,818,814,304,305,813,815],"class_list":["post-5745","post","type-post","status-publish","format-standard","has-post-thumbnail","hentry","category-oldtimer-portraits","tag-928-porsche","tag-928-porsche-gt","tag-928-porsche-gts","tag-928-porsche-kaufen","tag-928-porsche-preis","tag-928-porsche-s","tag-928-porsche-s4","tag-928-porsche-v8","tag-empfohlen","tag-neu","tag-porsche-928","tag-porsche-928-v8"],"yoast_head":"<!-- This site is optimized with the Yoast SEO plugin v27.5 - https:\/\/yoast.com\/product\/yoast-seo-wordpress\/ -->\n<title>Porsche 928 im Portr\u00e4t: DER Gran Turismo der 80er<\/title>\n<meta name=\"description\" content=\"Mit dem 928 setzte Porsche neue Ma\u00dfst\u00e4be. Wir stellen den kultigen Sportwagen im Detail vor und verraten die Highlights.\" \/>\n<meta name=\"robots\" content=\"index, follow, max-snippet:-1, max-image-preview:large, max-video-preview:-1\" \/>\n<link rel=\"canonical\" href=\"https:\/\/www.sjs-carstyling.com\/blog\/porsche-928-der-gran-turismo-der-80er\/\" \/>\n<meta property=\"og:locale\" content=\"de_DE\" \/>\n<meta property=\"og:type\" content=\"article\" \/>\n<meta property=\"og:title\" content=\"Porsche 928 im Portr\u00e4t: DER Gran Turismo der 80er\" \/>\n<meta property=\"og:description\" content=\"Mit dem 928 setzte Porsche neue Ma\u00dfst\u00e4be. Wir stellen den kultigen Sportwagen im Detail vor und verraten die Highlights.\" \/>\n<meta property=\"og:url\" content=\"https:\/\/www.sjs-carstyling.com\/blog\/porsche-928-der-gran-turismo-der-80er\/\" \/>\n<meta property=\"og:site_name\" content=\"SJS Carstyling Oldtimer Magazin\" \/>\n<meta property=\"article:published_time\" content=\"2025-07-20T22:10:43+00:00\" \/>\n<meta property=\"article:modified_time\" content=\"2025-09-08T13:06:12+00:00\" \/>\n<meta property=\"og:image\" content=\"https:\/\/www.sjs-carstyling.com\/blog\/wp-content\/uploads\/2025\/07\/Porsche-928-SJS-4.jpg\" \/>\n\t<meta property=\"og:image:width\" content=\"2000\" \/>\n\t<meta property=\"og:image:height\" content=\"1500\" \/>\n\t<meta property=\"og:image:type\" content=\"image\/jpeg\" \/>\n<meta name=\"author\" content=\"Jennifer Nagel\" \/>\n<meta name=\"twitter:card\" content=\"summary_large_image\" \/>\n<meta name=\"twitter:label1\" content=\"Verfasst von\" \/>\n\t<meta name=\"twitter:data1\" content=\"Jennifer Nagel\" \/>\n\t<meta name=\"twitter:label2\" content=\"Gesch\u00e4tzte Lesezeit\" \/>\n\t<meta name=\"twitter:data2\" content=\"6\u00a0Minuten\" \/>\n<script type=\"application\/ld+json\" class=\"yoast-schema-graph\">{\"@context\":\"https:\\\/\\\/schema.org\",\"@graph\":[{\"@type\":\"Article\",\"@id\":\"https:\\\/\\\/www.sjs-carstyling.com\\\/blog\\\/porsche-928-der-gran-turismo-der-80er\\\/#article\",\"isPartOf\":{\"@id\":\"https:\\\/\\\/www.sjs-carstyling.com\\\/blog\\\/porsche-928-der-gran-turismo-der-80er\\\/\"},\"author\":{\"name\":\"Jennifer Nagel\",\"@id\":\"https:\\\/\\\/www.sjs-carstyling.com\\\/blog\\\/#\\\/schema\\\/person\\\/332a47a414a4b472319d5e770d80d8b6\"},\"headline\":\"Porsche 928: DER Gran Turismo der 80er\",\"datePublished\":\"2025-07-20T22:10:43+00:00\",\"dateModified\":\"2025-09-08T13:06:12+00:00\",\"mainEntityOfPage\":{\"@id\":\"https:\\\/\\\/www.sjs-carstyling.com\\\/blog\\\/porsche-928-der-gran-turismo-der-80er\\\/\"},\"wordCount\":990,\"commentCount\":0,\"image\":{\"@id\":\"https:\\\/\\\/www.sjs-carstyling.com\\\/blog\\\/porsche-928-der-gran-turismo-der-80er\\\/#primaryimage\"},\"thumbnailUrl\":\"https:\\\/\\\/www.sjs-carstyling.com\\\/blog\\\/wp-content\\\/uploads\\\/2025\\\/07\\\/Porsche-928-SJS-4.jpg\",\"keywords\":[\"928 Porsche\",\"928 Porsche GT\",\"928 Porsche GTS\",\"928 Porsche kaufen\",\"928 Porsche Preis\",\"928 Porsche S\",\"928 Porsche S4\",\"928 Porsche V8\",\"Empfohlen\",\"Neu\",\"Porsche 928\",\"Porsche 928 V8\"],\"articleSection\":[\"Oldtimer Portraits\"],\"inLanguage\":\"de\",\"potentialAction\":[{\"@type\":\"CommentAction\",\"name\":\"Comment\",\"target\":[\"https:\\\/\\\/www.sjs-carstyling.com\\\/blog\\\/porsche-928-der-gran-turismo-der-80er\\\/#respond\"]}]},{\"@type\":\"WebPage\",\"@id\":\"https:\\\/\\\/www.sjs-carstyling.com\\\/blog\\\/porsche-928-der-gran-turismo-der-80er\\\/\",\"url\":\"https:\\\/\\\/www.sjs-carstyling.com\\\/blog\\\/porsche-928-der-gran-turismo-der-80er\\\/\",\"name\":\"Porsche 928 im Portr\u00e4t: DER Gran Turismo der 80er\",\"isPartOf\":{\"@id\":\"https:\\\/\\\/www.sjs-carstyling.com\\\/blog\\\/#website\"},\"primaryImageOfPage\":{\"@id\":\"https:\\\/\\\/www.sjs-carstyling.com\\\/blog\\\/porsche-928-der-gran-turismo-der-80er\\\/#primaryimage\"},\"image\":{\"@id\":\"https:\\\/\\\/www.sjs-carstyling.com\\\/blog\\\/porsche-928-der-gran-turismo-der-80er\\\/#primaryimage\"},\"thumbnailUrl\":\"https:\\\/\\\/www.sjs-carstyling.com\\\/blog\\\/wp-content\\\/uploads\\\/2025\\\/07\\\/Porsche-928-SJS-4.jpg\",\"datePublished\":\"2025-07-20T22:10:43+00:00\",\"dateModified\":\"2025-09-08T13:06:12+00:00\",\"author\":{\"@id\":\"https:\\\/\\\/www.sjs-carstyling.com\\\/blog\\\/#\\\/schema\\\/person\\\/332a47a414a4b472319d5e770d80d8b6\"},\"description\":\"Mit dem 928 setzte Porsche neue Ma\u00dfst\u00e4be. Wir stellen den kultigen Sportwagen im Detail vor und verraten die Highlights.\",\"inLanguage\":\"de\",\"potentialAction\":[{\"@type\":\"ReadAction\",\"target\":[\"https:\\\/\\\/www.sjs-carstyling.com\\\/blog\\\/porsche-928-der-gran-turismo-der-80er\\\/\"]}]},{\"@type\":\"ImageObject\",\"inLanguage\":\"de\",\"@id\":\"https:\\\/\\\/www.sjs-carstyling.com\\\/blog\\\/porsche-928-der-gran-turismo-der-80er\\\/#primaryimage\",\"url\":\"https:\\\/\\\/www.sjs-carstyling.com\\\/blog\\\/wp-content\\\/uploads\\\/2025\\\/07\\\/Porsche-928-SJS-4.jpg\",\"contentUrl\":\"https:\\\/\\\/www.sjs-carstyling.com\\\/blog\\\/wp-content\\\/uploads\\\/2025\\\/07\\\/Porsche-928-SJS-4.jpg\",\"width\":2000,\"height\":1500,\"caption\":\"Bildquelle: SJS Carstyling\"},{\"@type\":\"WebSite\",\"@id\":\"https:\\\/\\\/www.sjs-carstyling.com\\\/blog\\\/#website\",\"url\":\"https:\\\/\\\/www.sjs-carstyling.com\\\/blog\\\/\",\"name\":\"SJS Carstyling Oldtimer Magazin\",\"description\":\"Der Blog rund um das liebste Fahrzeug: finde Oldtimer-News, Modellvergleiche, Event-Hinweise und vieles mehr!\",\"potentialAction\":[{\"@type\":\"SearchAction\",\"target\":{\"@type\":\"EntryPoint\",\"urlTemplate\":\"https:\\\/\\\/www.sjs-carstyling.com\\\/blog\\\/?s={search_term_string}\"},\"query-input\":{\"@type\":\"PropertyValueSpecification\",\"valueRequired\":true,\"valueName\":\"search_term_string\"}}],\"inLanguage\":\"de\"},{\"@type\":\"Person\",\"@id\":\"https:\\\/\\\/www.sjs-carstyling.com\\\/blog\\\/#\\\/schema\\\/person\\\/332a47a414a4b472319d5e770d80d8b6\",\"name\":\"Jennifer Nagel\",\"image\":{\"@type\":\"ImageObject\",\"inLanguage\":\"de\",\"@id\":\"https:\\\/\\\/secure.gravatar.com\\\/avatar\\\/41e24e4fa721570a85d358a674d8a182b434d7f2e24660c53d8dbbacf2214157?s=96&d=mm&r=g\",\"url\":\"https:\\\/\\\/secure.gravatar.com\\\/avatar\\\/41e24e4fa721570a85d358a674d8a182b434d7f2e24660c53d8dbbacf2214157?s=96&d=mm&r=g\",\"contentUrl\":\"https:\\\/\\\/secure.gravatar.com\\\/avatar\\\/41e24e4fa721570a85d358a674d8a182b434d7f2e24660c53d8dbbacf2214157?s=96&d=mm&r=g\",\"caption\":\"Jennifer Nagel\"},\"description\":\"Jennifer ist Vielfahrerin und liebt es, bei guter Musik \u00fcber den Asphalt zu rollen. Besonders heimisch f\u00fchlt sie sich auf den Autobahnen rund um Mannheim und Frankfurt. Ihr Herz geh\u00f6rt ihrem Ford Fiesta, der sie zuverl\u00e4ssig an jedes Ziel bringt. Wenn sie nicht gerade im Auto sitzt, schreibt sie mit Freude \u00fcber alles, was vier R\u00e4der hat.\",\"url\":\"https:\\\/\\\/www.sjs-carstyling.com\\\/blog\\\/author\\\/jennifer\\\/\"}]}<\/script>\n<!-- \/ Yoast SEO plugin. -->","yoast_head_json":{"title":"Porsche 928 im Portr\u00e4t: DER Gran Turismo der 80er","description":"Mit dem 928 setzte Porsche neue Ma\u00dfst\u00e4be. Wir stellen den kultigen Sportwagen im Detail vor und verraten die Highlights.","robots":{"index":"index","follow":"follow","max-snippet":"max-snippet:-1","max-image-preview":"max-image-preview:large","max-video-preview":"max-video-preview:-1"},"canonical":"https:\/\/www.sjs-carstyling.com\/blog\/porsche-928-der-gran-turismo-der-80er\/","og_locale":"de_DE","og_type":"article","og_title":"Porsche 928 im Portr\u00e4t: DER Gran Turismo der 80er","og_description":"Mit dem 928 setzte Porsche neue Ma\u00dfst\u00e4be. Wir stellen den kultigen Sportwagen im Detail vor und verraten die Highlights.","og_url":"https:\/\/www.sjs-carstyling.com\/blog\/porsche-928-der-gran-turismo-der-80er\/","og_site_name":"SJS Carstyling Oldtimer Magazin","article_published_time":"2025-07-20T22:10:43+00:00","article_modified_time":"2025-09-08T13:06:12+00:00","og_image":[{"width":2000,"height":1500,"url":"https:\/\/www.sjs-carstyling.com\/blog\/wp-content\/uploads\/2025\/07\/Porsche-928-SJS-4.jpg","type":"image\/jpeg"}],"author":"Jennifer Nagel","twitter_card":"summary_large_image","twitter_misc":{"Verfasst von":"Jennifer Nagel","Gesch\u00e4tzte Lesezeit":"6\u00a0Minuten"},"schema":{"@context":"https:\/\/schema.org","@graph":[{"@type":"Article","@id":"https:\/\/www.sjs-carstyling.com\/blog\/porsche-928-der-gran-turismo-der-80er\/#article","isPartOf":{"@id":"https:\/\/www.sjs-carstyling.com\/blog\/porsche-928-der-gran-turismo-der-80er\/"},"author":{"name":"Jennifer Nagel","@id":"https:\/\/www.sjs-carstyling.com\/blog\/#\/schema\/person\/332a47a414a4b472319d5e770d80d8b6"},"headline":"Porsche 928: DER Gran Turismo der 80er","datePublished":"2025-07-20T22:10:43+00:00","dateModified":"2025-09-08T13:06:12+00:00","mainEntityOfPage":{"@id":"https:\/\/www.sjs-carstyling.com\/blog\/porsche-928-der-gran-turismo-der-80er\/"},"wordCount":990,"commentCount":0,"image":{"@id":"https:\/\/www.sjs-carstyling.com\/blog\/porsche-928-der-gran-turismo-der-80er\/#primaryimage"},"thumbnailUrl":"https:\/\/www.sjs-carstyling.com\/blog\/wp-content\/uploads\/2025\/07\/Porsche-928-SJS-4.jpg","keywords":["928 Porsche","928 Porsche GT","928 Porsche GTS","928 Porsche kaufen","928 Porsche Preis","928 Porsche S","928 Porsche S4","928 Porsche V8","Empfohlen","Neu","Porsche 928","Porsche 928 V8"],"articleSection":["Oldtimer Portraits"],"inLanguage":"de","potentialAction":[{"@type":"CommentAction","name":"Comment","target":["https:\/\/www.sjs-carstyling.com\/blog\/porsche-928-der-gran-turismo-der-80er\/#respond"]}]},{"@type":"WebPage","@id":"https:\/\/www.sjs-carstyling.com\/blog\/porsche-928-der-gran-turismo-der-80er\/","url":"https:\/\/www.sjs-carstyling.com\/blog\/porsche-928-der-gran-turismo-der-80er\/","name":"Porsche 928 im Portr\u00e4t: DER Gran Turismo der 80er","isPartOf":{"@id":"https:\/\/www.sjs-carstyling.com\/blog\/#website"},"primaryImageOfPage":{"@id":"https:\/\/www.sjs-carstyling.com\/blog\/porsche-928-der-gran-turismo-der-80er\/#primaryimage"},"image":{"@id":"https:\/\/www.sjs-carstyling.com\/blog\/porsche-928-der-gran-turismo-der-80er\/#primaryimage"},"thumbnailUrl":"https:\/\/www.sjs-carstyling.com\/blog\/wp-content\/uploads\/2025\/07\/Porsche-928-SJS-4.jpg","datePublished":"2025-07-20T22:10:43+00:00","dateModified":"2025-09-08T13:06:12+00:00","author":{"@id":"https:\/\/www.sjs-carstyling.com\/blog\/#\/schema\/person\/332a47a414a4b472319d5e770d80d8b6"},"description":"Mit dem 928 setzte Porsche neue Ma\u00dfst\u00e4be. Wir stellen den kultigen Sportwagen im Detail vor und verraten die Highlights.","inLanguage":"de","potentialAction":[{"@type":"ReadAction","target":["https:\/\/www.sjs-carstyling.com\/blog\/porsche-928-der-gran-turismo-der-80er\/"]}]},{"@type":"ImageObject","inLanguage":"de","@id":"https:\/\/www.sjs-carstyling.com\/blog\/porsche-928-der-gran-turismo-der-80er\/#primaryimage","url":"https:\/\/www.sjs-carstyling.com\/blog\/wp-content\/uploads\/2025\/07\/Porsche-928-SJS-4.jpg","contentUrl":"https:\/\/www.sjs-carstyling.com\/blog\/wp-content\/uploads\/2025\/07\/Porsche-928-SJS-4.jpg","width":2000,"height":1500,"caption":"Bildquelle: SJS Carstyling"},{"@type":"WebSite","@id":"https:\/\/www.sjs-carstyling.com\/blog\/#website","url":"https:\/\/www.sjs-carstyling.com\/blog\/","name":"SJS Carstyling Oldtimer Magazin","description":"Der Blog rund um das liebste Fahrzeug: finde Oldtimer-News, Modellvergleiche, Event-Hinweise und vieles mehr!","potentialAction":[{"@type":"SearchAction","target":{"@type":"EntryPoint","urlTemplate":"https:\/\/www.sjs-carstyling.com\/blog\/?s={search_term_string}"},"query-input":{"@type":"PropertyValueSpecification","valueRequired":true,"valueName":"search_term_string"}}],"inLanguage":"de"},{"@type":"Person","@id":"https:\/\/www.sjs-carstyling.com\/blog\/#\/schema\/person\/332a47a414a4b472319d5e770d80d8b6","name":"Jennifer Nagel","image":{"@type":"ImageObject","inLanguage":"de","@id":"https:\/\/secure.gravatar.com\/avatar\/41e24e4fa721570a85d358a674d8a182b434d7f2e24660c53d8dbbacf2214157?s=96&d=mm&r=g","url":"https:\/\/secure.gravatar.com\/avatar\/41e24e4fa721570a85d358a674d8a182b434d7f2e24660c53d8dbbacf2214157?s=96&d=mm&r=g","contentUrl":"https:\/\/secure.gravatar.com\/avatar\/41e24e4fa721570a85d358a674d8a182b434d7f2e24660c53d8dbbacf2214157?s=96&d=mm&r=g","caption":"Jennifer Nagel"},"description":"Jennifer ist Vielfahrerin und liebt es, bei guter Musik \u00fcber den Asphalt zu rollen. Besonders heimisch f\u00fchlt sie sich auf den Autobahnen rund um Mannheim und Frankfurt. Ihr Herz geh\u00f6rt ihrem Ford Fiesta, der sie zuverl\u00e4ssig an jedes Ziel bringt. Wenn sie nicht gerade im Auto sitzt, schreibt sie mit Freude \u00fcber alles, was vier R\u00e4der hat.","url":"https:\/\/www.sjs-carstyling.com\/blog\/author\/jennifer\/"}]}},"_links":{"self":[{"href":"https:\/\/www.sjs-carstyling.com\/blog\/wp-json\/wp\/v2\/posts\/5745","targetHints":{"allow":["GET"]}}],"collection":[{"href":"https:\/\/www.sjs-carstyling.com\/blog\/wp-json\/wp\/v2\/posts"}],"about":[{"href":"https:\/\/www.sjs-carstyling.com\/blog\/wp-json\/wp\/v2\/types\/post"}],"author":[{"embeddable":true,"href":"https:\/\/www.sjs-carstyling.com\/blog\/wp-json\/wp\/v2\/users\/7"}],"replies":[{"embeddable":true,"href":"https:\/\/www.sjs-carstyling.com\/blog\/wp-json\/wp\/v2\/comments?post=5745"}],"version-history":[{"count":4,"href":"https:\/\/www.sjs-carstyling.com\/blog\/wp-json\/wp\/v2\/posts\/5745\/revisions"}],"predecessor-version":[{"id":5755,"href":"https:\/\/www.sjs-carstyling.com\/blog\/wp-json\/wp\/v2\/posts\/5745\/revisions\/5755"}],"wp:featuredmedia":[{"embeddable":true,"href":"https:\/\/www.sjs-carstyling.com\/blog\/wp-json\/wp\/v2\/media\/5749"}],"wp:attachment":[{"href":"https:\/\/www.sjs-carstyling.com\/blog\/wp-json\/wp\/v2\/media?parent=5745"}],"wp:term":[{"taxonomy":"category","embeddable":true,"href":"https:\/\/www.sjs-carstyling.com\/blog\/wp-json\/wp\/v2\/categories?post=5745"},{"taxonomy":"post_tag","embeddable":true,"href":"https:\/\/www.sjs-carstyling.com\/blog\/wp-json\/wp\/v2\/tags?post=5745"}],"curies":[{"name":"wp","href":"https:\/\/api.w.org\/{rel}","templated":true}]}}