{"id":6001,"date":"2025-10-06T00:15:42","date_gmt":"2025-10-05T22:15:42","guid":{"rendered":"https:\/\/www.sjs-carstyling.com\/blog\/?p=6001"},"modified":"2025-10-06T10:34:41","modified_gmt":"2025-10-06T08:34:41","slug":"50-jahre-3er-bmw-der-heissgeliebte-verkaufsschlager","status":"publish","type":"post","link":"https:\/\/www.sjs-carstyling.com\/blog\/50-jahre-3er-bmw-der-heissgeliebte-verkaufsschlager\/","title":{"rendered":"50 Jahre 3er BMW: der hei\u00dfgeliebte Verkaufsschlager"},"content":{"rendered":"\n\n<div class=\"kk-star-ratings kksr-auto kksr-align-left kksr-valign-top\"\n    data-payload='{&quot;align&quot;:&quot;left&quot;,&quot;id&quot;:&quot;6001&quot;,&quot;slug&quot;:&quot;default&quot;,&quot;valign&quot;:&quot;top&quot;,&quot;ignore&quot;:&quot;&quot;,&quot;reference&quot;:&quot;auto&quot;,&quot;class&quot;:&quot;&quot;,&quot;count&quot;:&quot;2&quot;,&quot;legendonly&quot;:&quot;&quot;,&quot;readonly&quot;:&quot;&quot;,&quot;score&quot;:&quot;5&quot;,&quot;starsonly&quot;:&quot;&quot;,&quot;best&quot;:&quot;5&quot;,&quot;gap&quot;:&quot;5&quot;,&quot;greet&quot;:&quot;Wie hat dir der Beitrag gefallen? 1= langweilig, 5= sehr interessant&quot;,&quot;legend&quot;:&quot;5\\\/5 - (2 Stimmen)&quot;,&quot;size&quot;:&quot;24&quot;,&quot;title&quot;:&quot;50 Jahre 3er BMW: der hei\u00dfgeliebte Verkaufsschlager&quot;,&quot;width&quot;:&quot;142.5&quot;,&quot;_legend&quot;:&quot;{score}\\\/{best} - ({count} Stimmen)&quot;,&quot;font_factor&quot;:&quot;1.25&quot;}'>\n            \n<div class=\"kksr-stars\">\n    \n<div class=\"kksr-stars-inactive\">\n            <div class=\"kksr-star\" data-star=\"1\" style=\"padding-right: 5px\">\n            \n\n<div class=\"kksr-icon\" style=\"width: 24px; height: 24px;\"><\/div>\n        <\/div>\n            <div class=\"kksr-star\" data-star=\"2\" style=\"padding-right: 5px\">\n            \n\n<div class=\"kksr-icon\" style=\"width: 24px; height: 24px;\"><\/div>\n        <\/div>\n            <div class=\"kksr-star\" data-star=\"3\" style=\"padding-right: 5px\">\n            \n\n<div class=\"kksr-icon\" style=\"width: 24px; height: 24px;\"><\/div>\n        <\/div>\n            <div class=\"kksr-star\" data-star=\"4\" style=\"padding-right: 5px\">\n            \n\n<div class=\"kksr-icon\" style=\"width: 24px; height: 24px;\"><\/div>\n        <\/div>\n            <div class=\"kksr-star\" data-star=\"5\" style=\"padding-right: 5px\">\n            \n\n<div class=\"kksr-icon\" style=\"width: 24px; height: 24px;\"><\/div>\n        <\/div>\n    <\/div>\n    \n<div class=\"kksr-stars-active\" style=\"width: 142.5px;\">\n            <div class=\"kksr-star\" style=\"padding-right: 5px\">\n            \n\n<div class=\"kksr-icon\" style=\"width: 24px; height: 24px;\"><\/div>\n        <\/div>\n            <div class=\"kksr-star\" style=\"padding-right: 5px\">\n            \n\n<div class=\"kksr-icon\" style=\"width: 24px; height: 24px;\"><\/div>\n        <\/div>\n            <div class=\"kksr-star\" style=\"padding-right: 5px\">\n            \n\n<div class=\"kksr-icon\" style=\"width: 24px; height: 24px;\"><\/div>\n        <\/div>\n            <div class=\"kksr-star\" style=\"padding-right: 5px\">\n            \n\n<div class=\"kksr-icon\" style=\"width: 24px; height: 24px;\"><\/div>\n        <\/div>\n            <div class=\"kksr-star\" style=\"padding-right: 5px\">\n            \n\n<div class=\"kksr-icon\" style=\"width: 24px; height: 24px;\"><\/div>\n        <\/div>\n    <\/div>\n<\/div>\n                \n\n<div class=\"kksr-legend\" style=\"font-size: 19.2px;\">\n            5\/5 - (2 Stimmen)    <\/div>\n    <\/div>\n<p><span style=\"font-weight: 400;\">Als <strong>Ende der 1970er Jahre<\/strong> die letzten <\/span><a href=\"https:\/\/www.sjs-carstyling.com\/Kaefer\"><span style=\"font-weight: 400;\">VW K\u00e4fer<\/span><\/a><span style=\"font-weight: 400;\"> (in Deutschland) gebaut wurden, rollte gleichzeitig der <strong>erste 3er BMW <\/strong>vom Band. 2025 feiert der BMW 3er sein <strong>50-j\u00e4hriges Jubil\u00e4um <\/strong>\u2013 mit mehr als 20 Millionen verkauften Exemplaren seit 1975 und insgesamt <strong>sieben Generationen<\/strong>. Wir blicken auf die Entwicklung, die Meilensteine und die Bedeutung f\u00fcr den Automobilbau zur\u00fcck.<\/span><\/p>\n<blockquote><p>Mit \u00fcber 20 Millionen verkauften Exemplaren gilt der 3er als eines der <strong>meistverkauften-Premium-Fahrzeuge aller Zeiten. <\/strong>Nur sechs Jahre nach dem Start erreichte der 3er die Millionenmarke \u2013 schneller als jedes andere BMW-Modell zuvor.<\/p><\/blockquote>\n<h2><b>BMW 3er kombiniert Sportlichkeit und Komfort<\/b><\/h2>\n<p><span style=\"font-weight: 400;\"><strong>2025 ist das Jahr der Auto-Geburtstage.<\/strong> Der <\/span><a href=\"https:\/\/www.sjs-carstyling.com\/blog\/karmann-ghia-alles-gute-zum-70-geburtstag\/\"><span style=\"font-weight: 400;\">VW Karmann Ghia wird 70<\/span><\/a><span style=\"font-weight: 400;\"> und der <\/span><a href=\"https:\/\/www.sjs-carstyling.com\/blog\/75-jahre-vw-bulli-interview-mit-lucas-von-old-bulli-berlin\/\"><span style=\"font-weight: 400;\">VW Bulli feiert seinen 75. Geburtstag<\/span><\/a><span style=\"font-weight: 400;\">. Der <\/span><b>BMW 3er<\/b><span style=\"font-weight: 400;\"> bereichert die automobile Geschichte seit <\/span><b>50 Jahren<\/b><span style=\"font-weight: 400;\"> und rollte 1975 als <\/span><b>sportliche, kompakte und komfortable Limousine<\/b><span style=\"font-weight: 400;\"> vom Band. Ziel war es, <\/span><b>Fahrdynamik und Alltagstauglichkeit<\/b><span style=\"font-weight: 400;\"> zu kombinieren.<\/span><\/p>\n<p><span style=\"font-weight: 400;\">Passend zu diesem Ziel wurde die Baureihe bereits seit ihrer Geburtsstunde <\/span><b>von modernen Merkmalen gepr\u00e4gt<\/b><span style=\"font-weight: 400;\">, zu denen etwa ein <\/span><b>pr\u00e4zises Lenkverhalten<\/b><span style=\"font-weight: 400;\">, eine <\/span><b>hochwertige Ausstattung<\/b><span style=\"font-weight: 400;\"> und eine serienm\u00e4\u00dfige <\/span><b>hintere Einzelradaufh\u00e4ngung<\/b><span style=\"font-weight: 400;\"> geh\u00f6rten. Zu den Highlights geh\u00f6rten au\u00dferdem der Heckantrieb, das fahrerorientierte Cockpit und das ber\u00fchmte<strong> BMW-Nierendesign.<\/strong><\/span><\/p>\n<p class=\"my-2 [&amp;+p]:mt-4 [&amp;_strong:has(+br)]:inline-block [&amp;_strong:has(+br)]:pb-2\">Beim Marktstart 1975 war der 3er <strong>ausschlie\u00dflich als Zweit\u00fcrer verf\u00fcgbar<\/strong>, mit sportlichen Vierzylindern und ab 1977 sogar Reihensechszylinder.<\/p>\n<p><span style=\"font-weight: 400;\">Im Segment der <\/span><b>sportlichen Mittelklasse<\/b><span style=\"font-weight: 400;\"> setzte der 3er <\/span><a href=\"https:\/\/www.sjs-carstyling.com\/BMW\"><span style=\"font-weight: 400;\">BMW<\/span><\/a><span style=\"font-weight: 400;\"> nachhaltige Ma\u00dfst\u00e4be und galt oft als <\/span><b>Benchmark-Modell<\/b><span style=\"font-weight: 400;\">, an dem andere Hersteller ihre Modelle ma\u00dfen. Viele K\u00e4ufer genossen mit dem BMW 3er einen <\/span><b>sportlichen Alltag<\/b><span style=\"font-weight: 400;\"> und die <\/span><b>\u201eFreude am Fahren\u201c<\/b><span style=\"font-weight: 400;\">, die der bayerische Automobilhersteller stets zu betonen wusste.<\/span><\/p>\n<div id=\"attachment_6009\" style=\"width: 1720px\" class=\"wp-caption alignnone\"><img decoding=\"async\" aria-describedby=\"caption-attachment-6009\" class=\"size-full wp-image-6009\" src=\"https:\/\/www.sjs-carstyling.com\/blog\/wp-content\/uploads\/2025\/10\/50-Jahre-BMW-3er-bei-SJS-Carstyling-5.jpg\" alt=\"50 Jahre BMW 3er bei SJS Carstyling (5)\" width=\"1710\" height=\"820\" srcset=\"https:\/\/www.sjs-carstyling.com\/blog\/wp-content\/uploads\/2025\/10\/50-Jahre-BMW-3er-bei-SJS-Carstyling-5.jpg 1710w, https:\/\/www.sjs-carstyling.com\/blog\/wp-content\/uploads\/2025\/10\/50-Jahre-BMW-3er-bei-SJS-Carstyling-5-1280x614.jpg 1280w, https:\/\/www.sjs-carstyling.com\/blog\/wp-content\/uploads\/2025\/10\/50-Jahre-BMW-3er-bei-SJS-Carstyling-5-980x470.jpg 980w, https:\/\/www.sjs-carstyling.com\/blog\/wp-content\/uploads\/2025\/10\/50-Jahre-BMW-3er-bei-SJS-Carstyling-5-480x230.jpg 480w\" sizes=\"(min-width: 0px) and (max-width: 480px) 480px, (min-width: 481px) and (max-width: 980px) 980px, (min-width: 981px) and (max-width: 1280px) 1280px, (min-width: 1281px) 1710px, 100vw\" \/><p id=\"caption-attachment-6009\" class=\"wp-caption-text\">Bildquelle: nakhon100 (https:\/\/commons.wikimedia.org\/wiki\/File:BMW_325ti_(pre-facelift).jpg), \u201eBMW 325ti (pre-facelift)\u201c, https:\/\/creativecommons.org\/licenses\/by\/2.0\/legalcode<\/p><\/div>\n<h2><strong>Der kontroverseste 3er aller Zeiten? E46 Compact<\/strong><\/h2>\n<p>Der BMW 3er Compact (E46) <strong>polarisiert besonders wegen seiner au\u00dfergew\u00f6hnlichen Frontscheinwerfe<\/strong>r, die im Vergleich zu den restlichen Modellen der Baureihe sehr gew\u00f6hnungsbed\u00fcrftig wirken. Die sogenannten \u201eKnopfaugen\u201c sind kleiner und kantiger als die klassischen Rundscheinwerfer der Limousine und des Coup\u00e9s, was viele Fans st\u00f6rte. Zusammen mit den kontroversen, oft als unattraktiv empfundenen Heckleuchten macht das den Compact zum <strong>kontroversesten 3er aller Zeiten.<\/strong> Trotz des kritisierten Designs erfreut sich das Fahrverhalten und die Verarbeitung des E46 Compact gro\u00dfer Beliebtheit, bleibt aber in der Optik ein <strong>Dauerstreitpunkt in der BMW-Community.<\/strong><\/p>\n<p><iframe title=\"BMW 3er \u2014 50 Jahre Faszination in sieben Generationen | auto motor und sport\" width=\"1080\" height=\"608\" src=\"https:\/\/www.youtube.com\/embed\/iaHa7T049Es?feature=oembed\"  allow=\"accelerometer; autoplay; clipboard-write; encrypted-media; gyroscope; picture-in-picture; web-share\" referrerpolicy=\"strict-origin-when-cross-origin\" allowfullscreen><\/iframe><\/p>\n<h2><b>Limousine, Cabrio, Touring: Modelle aus sieben Generationen im \u00dcberblick<\/b><\/h2>\n<p><span style=\"font-weight: 400;\">In den letzten 50 Jahren entstanden sieben Generationen. Jede brachte Innovationen mit sich, die von effizienteren Moren und Leichtbauweise \u00fcber Fahrerassistenzsysteme bis hin zu Komfortausstattungen reichten.<\/span><\/p>\n<ul>\n<li><b>E21 (1975 \u2013 1983):<\/b><span style=\"font-weight: 400;\"> Erste Generation mit 90 PS, simplen, klaren Formen und sportlichem Fahrverhalten im Fokus \u2013 gezeichnet vom legend\u00e4ren Designer Paul Bracq.<\/span><\/li>\n<li><b>E30 (1982 \u2013 1994):<\/b><span style=\"font-weight: 400;\"> Zweite Generation, die erstmals auch als Cabrio und Touring angeboten wurde. Besonders beliebt waren der 325i und der 318i.<\/span><\/li>\n<li><b>E36 (1990 \u2013 2000):<\/b><span style=\"font-weight: 400;\"> Dritte Generation mit moderner Technik, neuer Designsprache und Sechszylinder-Motoren (die gab es aber auch schon bei fr\u00fcheren Baureihen).<\/span><\/li>\n<li><b>E46 (1998 \u2013 2006):<\/b><span style=\"font-weight: 400;\"> Vierte Generation mit elektronischen Helfern und einem modernen Fahrwerk. Das Modell gilt bei vielen als beste 3er-Generation.<\/span><\/li>\n<li><b>E90, E91, E92, E93 (2005 bis 2013):<\/b><span style=\"font-weight: 400;\"> F\u00fcnfte Generation mit vier- und f\u00fcnft\u00fcrigen Limousinen, Coup\u00e9, Cabrio- und Touring-Varianten.<\/span><\/li>\n<li><b>F30, F31, F34 (2011 \u2013 2019): <\/b><span style=\"font-weight: 400;\">Sechste Generation mit neuen, effizienteren Motoren und \u201eTwinPower\u201c-Technik.<\/span><\/li>\n<li><b>G20, G21, G28 (seit 2018):<\/b><span style=\"font-weight: 400;\"> Siebte Generation mit modernen Hybridantrieben, xDrive Technologie, digitalem Infotainment und Assistenzsystemen.<\/span><\/li>\n<\/ul>\n<blockquote><p><b>Beliebte BMW-Modelle: <\/b><span style=\"font-weight: 400;\">Bis heute gilt die BMW 3er Limousine M3 als sportlicher Gipfel der Baureihe. Mit Blick auf die seit 1972 angebotene 5er Baureihe genie\u00dft \u00fcbrigens der <\/span><a href=\"https:\/\/www.sjs-carstyling.com\/blog\/bmw-e39-ein-youngtimer-mit-zeitloser-eleganz\/\"><span style=\"font-weight: 400;\">E39<\/span><\/a><span style=\"font-weight: 400;\"> die gr\u00f6\u00dfte Beliebtheit. Der BMW 750i der 7er-Baureihe schaffte es sogar als <\/span><a href=\"https:\/\/www.sjs-carstyling.com\/blog\/james-bond-007-von-aston-martin-bis-zum-lotus-esprit\/\"><span style=\"font-weight: 400;\">James Bond Auto<\/span><\/a><span style=\"font-weight: 400;\"> in \u201eDer Morgen stirbt nie\u201c ins Kino.<\/span><\/p><\/blockquote>\n<p><iframe title=\"50 Years of Driving the BMW 3 Series POV.\" width=\"1080\" height=\"608\" src=\"https:\/\/www.youtube.com\/embed\/gxaNuiZxkE8?feature=oembed\"  allow=\"accelerometer; autoplay; clipboard-write; encrypted-media; gyroscope; picture-in-picture; web-share\" referrerpolicy=\"strict-origin-when-cross-origin\" allowfullscreen><\/iframe><\/p>\n<h2><b>Von der klassischen BMW 3er Limousine zum modernen Plug-in-Hybrid<\/b><\/h2>\n<p><span style=\"font-weight: 400;\">In TV-Krimis wie Derrick und Tatort wurde der <a href=\"https:\/\/de.wikipedia.org\/wiki\/BMW_3er\" target=\"_blank\" rel=\"noopener\">BMW 3er<\/a> mehrfach zum <\/span><b>Heldenauto<\/b><span style=\"font-weight: 400;\">. Kein anderes BMW-Modell war so h\u00e4ufig im Rampenlicht. Er gilt als <\/span><b>Symbol f\u00fcr einen urbanen Lebensstil<\/b><span style=\"font-weight: 400;\"> und ist ideal f\u00fcr ein <\/span><b>Posing auf dem Kurf\u00fcrstendamm<\/b><span style=\"font-weight: 400;\"> \u2013 was vor allem <\/span><a href=\"https:\/\/www.sjs-carstyling.com\/blog\/carspotting-beliebte-foto-spots-und-tipps-fuer-carspotter\/\"><span style=\"font-weight: 400;\">Carspotter<\/span><\/a><span style=\"font-weight: 400;\"> freuen d\u00fcrfte.\u00a0<\/span><\/p>\n<blockquote><p><strong>Apropos Derrick:<\/strong> Die markanten Tr\u00e4nens\u00e4cke des kultigen TV-Kommissars dienten einem Autojournalisten als Inspiration, den 3er-BMW des Modelljahres 1998 wegen seiner Scheinwerferform augenzwinkernd <strong>\u201eModell Derrick\u201c<\/strong> zu taufen. Der Spitzname verbreitete sich rasch in der Fachpresse und unter Lesern \u2013 und fand schlie\u00dflich sogar intern bei BMW-Mitarbeitern zeitweise Verwendung.<\/p><\/blockquote>\n<p><span style=\"font-weight: 400;\">Von der \u00d6lkrise bis zur Elektromobilit\u00e4t hat der 3er Generationen durch <\/span><b>Wandel und Innovation<\/b><span style=\"font-weight: 400;\"> begleitet und sich selbst vom <\/span><b>sportlichen Vierzylinder<\/b><span style=\"font-weight: 400;\"> zum <\/span><b>modernen Plug-in-Hybrid<\/b><span style=\"font-weight: 400;\"> entwickelt. <\/span><span style=\"font-weight: 400;\">Doch auch heute sind nicht nur die Neuwagen der Baureihe interessant. Keine Frage: Die <\/span><b>klassischen Modelle<\/b><span style=\"font-weight: 400;\"> stehen mit ihrem <\/span><b>nostalgischen Flair<\/b><span style=\"font-weight: 400;\"> hoch im Kurs und begeistern vor allem <\/span><b>Liebhaber historischer Wagen<\/b><span style=\"font-weight: 400;\">.<\/span><\/p>\n<h2><strong>Was kostete ein 3er fr\u00fcher und was kostet er heute?<\/strong><\/h2>\n<p>Ein BMW 3er kostete 1975 als Einstiegsmodell (316)<strong> etwa 6.954 \u20ac<\/strong> (umgerechnet aus DM). Heute startet der Neupreis f\u00fcr das Basismodell (318i) bei<strong> rund 46.400 \u20ac.<\/strong> F\u00fcr st\u00e4rkere Modelle und Sonderausstattungen stieg der Preis in den sp\u00e4ten 1970ern, z. B. f\u00fcr den 320i auf ca. 17.400 DM (entspricht ca. 27.800 \u20ac inflationsbereinigt). Heute kosten Topmodelle wie der M340i xDrive mit Allradantrieb \u00fcber 75.000 \u20ac.<\/p>\n<div id=\"attachment_6006\" style=\"width: 2010px\" class=\"wp-caption alignnone\"><img decoding=\"async\" aria-describedby=\"caption-attachment-6006\" class=\"size-full wp-image-6006\" src=\"https:\/\/www.sjs-carstyling.com\/blog\/wp-content\/uploads\/2025\/10\/50-Jahre-BMW-3er-bei-SJS-Carstyling-4.jpg\" alt=\"50 Jahre BMW 3er bei SJS Carstyling (4)\" width=\"2000\" height=\"1333\" srcset=\"https:\/\/www.sjs-carstyling.com\/blog\/wp-content\/uploads\/2025\/10\/50-Jahre-BMW-3er-bei-SJS-Carstyling-4.jpg 2000w, https:\/\/www.sjs-carstyling.com\/blog\/wp-content\/uploads\/2025\/10\/50-Jahre-BMW-3er-bei-SJS-Carstyling-4-1280x853.jpg 1280w, https:\/\/www.sjs-carstyling.com\/blog\/wp-content\/uploads\/2025\/10\/50-Jahre-BMW-3er-bei-SJS-Carstyling-4-980x653.jpg 980w, https:\/\/www.sjs-carstyling.com\/blog\/wp-content\/uploads\/2025\/10\/50-Jahre-BMW-3er-bei-SJS-Carstyling-4-480x320.jpg 480w\" sizes=\"(min-width: 0px) and (max-width: 480px) 480px, (min-width: 481px) and (max-width: 980px) 980px, (min-width: 981px) and (max-width: 1280px) 1280px, (min-width: 1281px) 2000px, 100vw\" \/><p id=\"caption-attachment-6006\" class=\"wp-caption-text\">Bildquelle: press.bmwgroup.com (BMW Art Cars von K. Done, S. Chia, M.J. Nelson)<\/p><\/div>\n<p><span style=\"font-weight: 400;\">Zum <\/span><b>50-j\u00e4hrigen Jubil\u00e4um<\/b><span style=\"font-weight: 400;\"> waren alle Fans der Baureihe eingeladen, denn die Bayern <\/span><b>feierten alle sieben Generationen<\/b><span style=\"font-weight: 400;\"> mit einer <\/span><a href=\"https:\/\/www.bmw-welt.com\/de\/specials\/50-jahre-bmw-3er-reihe.html\" target=\"_blank\" rel=\"noopener\"><b>gro\u00dfen Ausstellung<\/b><\/a> in der BMW Welt M\u00fcnchen<span style=\"font-weight: 400;\"> &#8211; mit dabei: <\/span><b>Sondermodelle<\/b><span style=\"font-weight: 400;\"> mit einer <\/span><b>\u201eIconic Glow\u201c-Niere<\/b><span style=\"font-weight: 400;\"> und <\/span><b>exklusive Farben<\/b><span style=\"font-weight: 400;\"> wie Thundernight Metallic. Auch bei den Art Cars ist die 3er Reihe prominent: Der <strong>BMW M3 GTR von Sandro Chia<\/strong> und andere M3-Versionen werden im Rahmen des <a href=\"https:\/\/www.press.bmwgroup.com\/deutschland\/article\/detail\/T0450740DE\/zwei-jubilaeen-eine-sonderausstellung:-50-jahre-bmw-art-cars-und-bmw-3er-serie-im-bmw-museum?language=de\" target=\"_blank\" rel=\"noopener\">ebenfalls stattfinden Art Cars-Jubil\u00e4ums<\/a> bis Anfang 2026 im BMW-Museum ausgestellt<\/span><\/p>\n<p><iframe title=\"Erster Dreitag zum 50j\u00e4hrigen Jubil\u00e4um vom BMW 3er beim BMW Museum und der BMW Welt am Vierzylinder\" width=\"1080\" height=\"608\" src=\"https:\/\/www.youtube.com\/embed\/2v_iZennNVg?feature=oembed\"  allow=\"accelerometer; autoplay; clipboard-write; encrypted-media; gyroscope; picture-in-picture; web-share\" referrerpolicy=\"strict-origin-when-cross-origin\" allowfullscreen><\/iframe><\/p>\n<h2><strong>Wann kommt ein neuer 3er auf den Markt?<\/strong><\/h2>\n<p>Die n\u00e4chste BMW 3er-Generation<strong> (Code G50)<\/strong> kommt voraussichtlich Ende 2026 auf den Markt, <strong>mit Modellstart im fr\u00fchen 2027.<\/strong> Sie kombiniert verbesserte Verbrenner-Motoren mit vollelektrischer Variante (i3) auf der neuen \u201eNeue Klasse\u201c-Plattform. Das Design orientiert sich am modernen<strong> \u201eNeue Klasse\u201c-Look,<\/strong> die Technik verspricht mehr Effizienz, Digitalisierung und neue Ausstattungslinien. Der Fokus liegt auf sportlicher Fahrdynamik und moderner Technologie.<\/p>\n<h2><b>SJS-Carstyling: Ersatzeile f\u00fcr Ihren 3er &#8211; und vieles mehr<\/b><\/h2>\n<p><b>Jeder Oldtimer verdient eine sorgf\u00e4ltige<\/b><span style=\"font-weight: 400;\"> Pflege und Ersatzteilversorgung \u2013 egal, ob <a href=\"https:\/\/www.sjs-carstyling.com\/search\/?qs=3er+bmw\">3er BMW<\/a>, <\/span><a href=\"https:\/\/www.sjs-carstyling.com\/blog\/im-portraet-porsche-911\/\"><span style=\"font-weight: 400;\">Porsche 911<\/span><\/a><span style=\"font-weight: 400;\"> oder <\/span><a href=\"https:\/\/www.sjs-carstyling.com\/blog\/w124-die-erste-mercedes-benz-e-klasse-im-portraet\/\"><span style=\"font-weight: 400;\">Mercedes-Benz W124<\/span><\/a><span style=\"font-weight: 400;\">. Damit Sie Ihr automobiles Sch\u00e4tzchen <\/span><b>in einem Top-Zustand erhalten<\/b><span style=\"font-weight: 400;\"> k\u00f6nnen, bietet <\/span><a href=\"https:\/\/www.sjs-carstyling.com\/\"><span style=\"font-weight: 400;\">SJS-Carstyling<\/span><\/a><span style=\"font-weight: 400;\"> Ihnen ein <\/span><b>breites Sortiment<\/b><span style=\"font-weight: 400;\">, das von <\/span><b>gepr\u00fcften Ersatzteilen<\/b><span style=\"font-weight: 400;\"> \u00fcber <\/span><b>hochwertige <\/b><a href=\"https:\/\/www.sjs-carstyling.com\/KFZ-Pflege-und-Wartung\"><span style=\"font-weight: 400;\">Produkte zur Autopflege<\/span><\/a><span style=\"font-weight: 400;\"> bis hin zu <\/span><a href=\"https:\/\/www.sjs-carstyling.com\/blog\/autosattlerei-berlin\/\"><span style=\"font-weight: 400;\">erstklassigen Sattlerarbeiten<\/span><\/a><span style=\"font-weight: 400;\"> reicht.<\/span><\/p>\n<div id=\"attachment_6008\" style=\"width: 1286px\" class=\"wp-caption alignnone\"><a href=\"https:\/\/www.sjs-carstyling.com\/search\/?qs=3er+bmw\"><img decoding=\"async\" aria-describedby=\"caption-attachment-6008\" class=\"wp-image-6008 size-full\" src=\"https:\/\/www.sjs-carstyling.com\/blog\/wp-content\/uploads\/2025\/10\/50-Jahre-BMW-3er-bei-SJS-Carstyling-2.jpg\" alt=\"50 Jahre BMW 3er bei SJS Carstyling (2)\" width=\"1276\" height=\"860\" srcset=\"https:\/\/www.sjs-carstyling.com\/blog\/wp-content\/uploads\/2025\/10\/50-Jahre-BMW-3er-bei-SJS-Carstyling-2.jpg 1276w, https:\/\/www.sjs-carstyling.com\/blog\/wp-content\/uploads\/2025\/10\/50-Jahre-BMW-3er-bei-SJS-Carstyling-2-980x661.jpg 980w, https:\/\/www.sjs-carstyling.com\/blog\/wp-content\/uploads\/2025\/10\/50-Jahre-BMW-3er-bei-SJS-Carstyling-2-480x324.jpg 480w\" sizes=\"(min-width: 0px) and (max-width: 480px) 480px, (min-width: 481px) and (max-width: 980px) 980px, (min-width: 981px) 1276px, 100vw\" \/><\/a><p id=\"caption-attachment-6008\" class=\"wp-caption-text\">Bildquelle: Screenshot SJS Carstyling<\/p><\/div>\n<p><span style=\"font-weight: 400;\">Auf unserem <\/span><a href=\"https:\/\/www.sjs-carstyling.com\/blog\/\"><span style=\"font-weight: 400;\">exklusiven Oldtimerblog<\/span><\/a><span style=\"font-weight: 400;\"> widmen wir uns au\u00dferdem <\/span><b>regelm\u00e4\u00dfig neuen Themen aus der Oldtimer-Szene<\/b><span style=\"font-weight: 400;\">, die <\/span><b>fundiertes Fachwissen<\/b><span style=\"font-weight: 400;\">, <\/span><b>spannende Fun Facts<\/b><span style=\"font-weight: 400;\"> und <\/span><b>interessante News<\/b><span style=\"font-weight: 400;\"> umfassen \u2013 von den <\/span><a href=\"https:\/\/www.sjs-carstyling.com\/blog\/coole-musik-die-fuenf-besten-songs-zum-oldtimerfahren\/\"><span style=\"font-weight: 400;\">besten Songs zum Oldtimerfahren<\/span><\/a><span style=\"font-weight: 400;\"> \u00fcber <\/span><a href=\"https:\/\/www.sjs-carstyling.com\/blog\/auktionen-fuer-oldtimer-so-holen-sie-das-beste-raus\/\"><span style=\"font-weight: 400;\">Tipps f\u00fcr Oldtimer-Auktionen<\/span><\/a><span style=\"font-weight: 400;\"> bis hin zu den <\/span><a href=\"https:\/\/www.sjs-carstyling.com\/blog\/vorschau-die-groessten-oldtimertreffen-2025\/\"><span style=\"font-weight: 400;\">gr\u00f6\u00dften Oldtimertreffen 2025<\/span><\/a><span style=\"font-weight: 400;\">.<\/span><\/p>\n<hr \/>\n<p>Bildquelle Titelbild: Rojo &#8211; stock.adobe.com<\/p>\n","protected":false},"excerpt":{"rendered":"<p>Als Ende der 1970er Jahre die letzten VW K\u00e4fer (in Deutschland) gebaut wurden, rollte gleichzeitig der erste 3er BMW vom Band. 2025 feiert der BMW 3er sein 50-j\u00e4hriges Jubil\u00e4um \u2013 mit mehr als 20 Millionen verkauften Exemplaren seit 1975 und insgesamt sieben Generationen. Wir blicken auf die Entwicklung, die Meilensteine und die Bedeutung f\u00fcr den [&hellip;]<\/p>\n","protected":false},"author":3,"featured_media":6007,"comment_status":"open","ping_status":"open","sticky":false,"template":"","format":"standard","meta":{"_et_pb_use_builder":"","_et_pb_old_content":"","_et_gb_content_width":"","footnotes":""},"categories":[6],"tags":[876,878,875,879,877,881,880,883,882],"class_list":["post-6001","post","type-post","status-publish","format-standard","has-post-thumbnail","hentry","category-oldtimer-portraits","tag-3er-bmw","tag-3er-bmw-kombi","tag-bmw-3er","tag-bmw-3er-kombi","tag-bmw-3er-touring","tag-bmw-4er","tag-bmw-f30","tag-bmw-g20","tag-bmw-m3-touring"],"yoast_head":"<!-- This site is optimized with the Yoast SEO plugin v27.5 - https:\/\/yoast.com\/product\/yoast-seo-wordpress\/ -->\n<title>50 Jahre BMW 3er: Von der Limousine \u00fcber Cabrio bis zum Touring<\/title>\n<meta name=\"description\" content=\"Von der klassischen Limousine bis zum Plug-in-Hybrid hat der BMW 3er viele Generationen begeistert. Wir zollen dem Erfolgsmodell Tribut.\" \/>\n<meta name=\"robots\" content=\"index, follow, max-snippet:-1, max-image-preview:large, max-video-preview:-1\" \/>\n<link rel=\"canonical\" href=\"https:\/\/www.sjs-carstyling.com\/blog\/50-jahre-3er-bmw-der-heissgeliebte-verkaufsschlager\/\" \/>\n<meta property=\"og:locale\" content=\"de_DE\" \/>\n<meta property=\"og:type\" content=\"article\" \/>\n<meta property=\"og:title\" content=\"50 Jahre BMW 3er: Von der Limousine \u00fcber Cabrio bis zum Touring\" \/>\n<meta property=\"og:description\" content=\"Von der klassischen Limousine bis zum Plug-in-Hybrid hat der BMW 3er viele Generationen begeistert. Wir zollen dem Erfolgsmodell Tribut.\" \/>\n<meta property=\"og:url\" content=\"https:\/\/www.sjs-carstyling.com\/blog\/50-jahre-3er-bmw-der-heissgeliebte-verkaufsschlager\/\" \/>\n<meta property=\"og:site_name\" content=\"SJS Carstyling Oldtimer Magazin\" \/>\n<meta property=\"article:published_time\" content=\"2025-10-05T22:15:42+00:00\" \/>\n<meta property=\"article:modified_time\" content=\"2025-10-06T08:34:41+00:00\" \/>\n<meta property=\"og:image\" content=\"https:\/\/www.sjs-carstyling.com\/blog\/wp-content\/uploads\/2025\/10\/50-Jahre-BMW-3er-bei-SJS-Carstyling-1.jpg\" \/>\n\t<meta property=\"og:image:width\" content=\"2000\" \/>\n\t<meta property=\"og:image:height\" content=\"1333\" \/>\n\t<meta property=\"og:image:type\" content=\"image\/jpeg\" \/>\n<meta name=\"author\" content=\"Fabian Alber\" \/>\n<meta name=\"twitter:card\" content=\"summary_large_image\" \/>\n<meta name=\"twitter:label1\" content=\"Verfasst von\" \/>\n\t<meta name=\"twitter:data1\" content=\"Fabian Alber\" \/>\n\t<meta name=\"twitter:label2\" content=\"Gesch\u00e4tzte Lesezeit\" \/>\n\t<meta name=\"twitter:data2\" content=\"7\u00a0Minuten\" \/>\n<script type=\"application\/ld+json\" class=\"yoast-schema-graph\">{\"@context\":\"https:\\\/\\\/schema.org\",\"@graph\":[{\"@type\":\"Article\",\"@id\":\"https:\\\/\\\/www.sjs-carstyling.com\\\/blog\\\/50-jahre-3er-bmw-der-heissgeliebte-verkaufsschlager\\\/#article\",\"isPartOf\":{\"@id\":\"https:\\\/\\\/www.sjs-carstyling.com\\\/blog\\\/50-jahre-3er-bmw-der-heissgeliebte-verkaufsschlager\\\/\"},\"author\":{\"name\":\"Fabian Alber\",\"@id\":\"https:\\\/\\\/www.sjs-carstyling.com\\\/blog\\\/#\\\/schema\\\/person\\\/655b2959eea2cb36b95d258c850d6619\"},\"headline\":\"50 Jahre 3er BMW: der hei\u00dfgeliebte Verkaufsschlager\",\"datePublished\":\"2025-10-05T22:15:42+00:00\",\"dateModified\":\"2025-10-06T08:34:41+00:00\",\"mainEntityOfPage\":{\"@id\":\"https:\\\/\\\/www.sjs-carstyling.com\\\/blog\\\/50-jahre-3er-bmw-der-heissgeliebte-verkaufsschlager\\\/\"},\"wordCount\":1153,\"commentCount\":0,\"image\":{\"@id\":\"https:\\\/\\\/www.sjs-carstyling.com\\\/blog\\\/50-jahre-3er-bmw-der-heissgeliebte-verkaufsschlager\\\/#primaryimage\"},\"thumbnailUrl\":\"https:\\\/\\\/www.sjs-carstyling.com\\\/blog\\\/wp-content\\\/uploads\\\/2025\\\/10\\\/50-Jahre-BMW-3er-bei-SJS-Carstyling-1.jpg\",\"keywords\":[\"3er BMW\",\"3er BMW Kombi\",\"BMW 3er\",\"BMW 3er Kombi\",\"BMW 3er Touring\",\"BMW 4er\",\"BMW F30\",\"BMW G20\",\"BMW M3 Touring\"],\"articleSection\":[\"Oldtimer Portraits\"],\"inLanguage\":\"de\",\"potentialAction\":[{\"@type\":\"CommentAction\",\"name\":\"Comment\",\"target\":[\"https:\\\/\\\/www.sjs-carstyling.com\\\/blog\\\/50-jahre-3er-bmw-der-heissgeliebte-verkaufsschlager\\\/#respond\"]}]},{\"@type\":\"WebPage\",\"@id\":\"https:\\\/\\\/www.sjs-carstyling.com\\\/blog\\\/50-jahre-3er-bmw-der-heissgeliebte-verkaufsschlager\\\/\",\"url\":\"https:\\\/\\\/www.sjs-carstyling.com\\\/blog\\\/50-jahre-3er-bmw-der-heissgeliebte-verkaufsschlager\\\/\",\"name\":\"50 Jahre BMW 3er: Von der Limousine \u00fcber Cabrio bis zum Touring\",\"isPartOf\":{\"@id\":\"https:\\\/\\\/www.sjs-carstyling.com\\\/blog\\\/#website\"},\"primaryImageOfPage\":{\"@id\":\"https:\\\/\\\/www.sjs-carstyling.com\\\/blog\\\/50-jahre-3er-bmw-der-heissgeliebte-verkaufsschlager\\\/#primaryimage\"},\"image\":{\"@id\":\"https:\\\/\\\/www.sjs-carstyling.com\\\/blog\\\/50-jahre-3er-bmw-der-heissgeliebte-verkaufsschlager\\\/#primaryimage\"},\"thumbnailUrl\":\"https:\\\/\\\/www.sjs-carstyling.com\\\/blog\\\/wp-content\\\/uploads\\\/2025\\\/10\\\/50-Jahre-BMW-3er-bei-SJS-Carstyling-1.jpg\",\"datePublished\":\"2025-10-05T22:15:42+00:00\",\"dateModified\":\"2025-10-06T08:34:41+00:00\",\"author\":{\"@id\":\"https:\\\/\\\/www.sjs-carstyling.com\\\/blog\\\/#\\\/schema\\\/person\\\/655b2959eea2cb36b95d258c850d6619\"},\"description\":\"Von der klassischen Limousine bis zum Plug-in-Hybrid hat der BMW 3er viele Generationen begeistert. Wir zollen dem Erfolgsmodell Tribut.\",\"inLanguage\":\"de\",\"potentialAction\":[{\"@type\":\"ReadAction\",\"target\":[\"https:\\\/\\\/www.sjs-carstyling.com\\\/blog\\\/50-jahre-3er-bmw-der-heissgeliebte-verkaufsschlager\\\/\"]}]},{\"@type\":\"ImageObject\",\"inLanguage\":\"de\",\"@id\":\"https:\\\/\\\/www.sjs-carstyling.com\\\/blog\\\/50-jahre-3er-bmw-der-heissgeliebte-verkaufsschlager\\\/#primaryimage\",\"url\":\"https:\\\/\\\/www.sjs-carstyling.com\\\/blog\\\/wp-content\\\/uploads\\\/2025\\\/10\\\/50-Jahre-BMW-3er-bei-SJS-Carstyling-1.jpg\",\"contentUrl\":\"https:\\\/\\\/www.sjs-carstyling.com\\\/blog\\\/wp-content\\\/uploads\\\/2025\\\/10\\\/50-Jahre-BMW-3er-bei-SJS-Carstyling-1.jpg\",\"width\":2000,\"height\":1333,\"caption\":\"Bildquelle: Rojo - stock.adobe.com\"},{\"@type\":\"WebSite\",\"@id\":\"https:\\\/\\\/www.sjs-carstyling.com\\\/blog\\\/#website\",\"url\":\"https:\\\/\\\/www.sjs-carstyling.com\\\/blog\\\/\",\"name\":\"SJS Carstyling Oldtimer Magazin\",\"description\":\"Der Blog rund um das liebste Fahrzeug: finde Oldtimer-News, Modellvergleiche, Event-Hinweise und vieles mehr!\",\"potentialAction\":[{\"@type\":\"SearchAction\",\"target\":{\"@type\":\"EntryPoint\",\"urlTemplate\":\"https:\\\/\\\/www.sjs-carstyling.com\\\/blog\\\/?s={search_term_string}\"},\"query-input\":{\"@type\":\"PropertyValueSpecification\",\"valueRequired\":true,\"valueName\":\"search_term_string\"}}],\"inLanguage\":\"de\"},{\"@type\":\"Person\",\"@id\":\"https:\\\/\\\/www.sjs-carstyling.com\\\/blog\\\/#\\\/schema\\\/person\\\/655b2959eea2cb36b95d258c850d6619\",\"name\":\"Fabian Alber\",\"image\":{\"@type\":\"ImageObject\",\"inLanguage\":\"de\",\"@id\":\"https:\\\/\\\/secure.gravatar.com\\\/avatar\\\/f809d1934e10dc927acfea86889924dbbe0eec76d2ff6133c2c3f31931ad88d4?s=96&d=mm&r=g\",\"url\":\"https:\\\/\\\/secure.gravatar.com\\\/avatar\\\/f809d1934e10dc927acfea86889924dbbe0eec76d2ff6133c2c3f31931ad88d4?s=96&d=mm&r=g\",\"contentUrl\":\"https:\\\/\\\/secure.gravatar.com\\\/avatar\\\/f809d1934e10dc927acfea86889924dbbe0eec76d2ff6133c2c3f31931ad88d4?s=96&d=mm&r=g\",\"caption\":\"Fabian Alber\"},\"description\":\"Fabian ist verantwortlicher Redakteur bei den Mobilit\u00e4tsblogs von SJS Carstyling und steht seit seiner Kindheit auf alles, was vier R\u00e4der hat. Sein Herz geh\u00f6rt den Marken Volkswagen und BMW. Privat f\u00e4hrt er einen VW T-Cross und einen Ford Transit-Camper. Fabian ist Globetrotter und schreibt gerne \u00fcber aktuelle und saisonale Autothemen.\",\"url\":\"https:\\\/\\\/www.sjs-carstyling.com\\\/blog\\\/author\\\/fabian\\\/\"}]}<\/script>\n<!-- \/ Yoast SEO plugin. -->","yoast_head_json":{"title":"50 Jahre BMW 3er: Von der Limousine \u00fcber Cabrio bis zum Touring","description":"Von der klassischen Limousine bis zum Plug-in-Hybrid hat der BMW 3er viele Generationen begeistert. Wir zollen dem Erfolgsmodell Tribut.","robots":{"index":"index","follow":"follow","max-snippet":"max-snippet:-1","max-image-preview":"max-image-preview:large","max-video-preview":"max-video-preview:-1"},"canonical":"https:\/\/www.sjs-carstyling.com\/blog\/50-jahre-3er-bmw-der-heissgeliebte-verkaufsschlager\/","og_locale":"de_DE","og_type":"article","og_title":"50 Jahre BMW 3er: Von der Limousine \u00fcber Cabrio bis zum Touring","og_description":"Von der klassischen Limousine bis zum Plug-in-Hybrid hat der BMW 3er viele Generationen begeistert. Wir zollen dem Erfolgsmodell Tribut.","og_url":"https:\/\/www.sjs-carstyling.com\/blog\/50-jahre-3er-bmw-der-heissgeliebte-verkaufsschlager\/","og_site_name":"SJS Carstyling Oldtimer Magazin","article_published_time":"2025-10-05T22:15:42+00:00","article_modified_time":"2025-10-06T08:34:41+00:00","og_image":[{"width":2000,"height":1333,"url":"https:\/\/www.sjs-carstyling.com\/blog\/wp-content\/uploads\/2025\/10\/50-Jahre-BMW-3er-bei-SJS-Carstyling-1.jpg","type":"image\/jpeg"}],"author":"Fabian Alber","twitter_card":"summary_large_image","twitter_misc":{"Verfasst von":"Fabian Alber","Gesch\u00e4tzte Lesezeit":"7\u00a0Minuten"},"schema":{"@context":"https:\/\/schema.org","@graph":[{"@type":"Article","@id":"https:\/\/www.sjs-carstyling.com\/blog\/50-jahre-3er-bmw-der-heissgeliebte-verkaufsschlager\/#article","isPartOf":{"@id":"https:\/\/www.sjs-carstyling.com\/blog\/50-jahre-3er-bmw-der-heissgeliebte-verkaufsschlager\/"},"author":{"name":"Fabian Alber","@id":"https:\/\/www.sjs-carstyling.com\/blog\/#\/schema\/person\/655b2959eea2cb36b95d258c850d6619"},"headline":"50 Jahre 3er BMW: der hei\u00dfgeliebte Verkaufsschlager","datePublished":"2025-10-05T22:15:42+00:00","dateModified":"2025-10-06T08:34:41+00:00","mainEntityOfPage":{"@id":"https:\/\/www.sjs-carstyling.com\/blog\/50-jahre-3er-bmw-der-heissgeliebte-verkaufsschlager\/"},"wordCount":1153,"commentCount":0,"image":{"@id":"https:\/\/www.sjs-carstyling.com\/blog\/50-jahre-3er-bmw-der-heissgeliebte-verkaufsschlager\/#primaryimage"},"thumbnailUrl":"https:\/\/www.sjs-carstyling.com\/blog\/wp-content\/uploads\/2025\/10\/50-Jahre-BMW-3er-bei-SJS-Carstyling-1.jpg","keywords":["3er BMW","3er BMW Kombi","BMW 3er","BMW 3er Kombi","BMW 3er Touring","BMW 4er","BMW F30","BMW G20","BMW M3 Touring"],"articleSection":["Oldtimer Portraits"],"inLanguage":"de","potentialAction":[{"@type":"CommentAction","name":"Comment","target":["https:\/\/www.sjs-carstyling.com\/blog\/50-jahre-3er-bmw-der-heissgeliebte-verkaufsschlager\/#respond"]}]},{"@type":"WebPage","@id":"https:\/\/www.sjs-carstyling.com\/blog\/50-jahre-3er-bmw-der-heissgeliebte-verkaufsschlager\/","url":"https:\/\/www.sjs-carstyling.com\/blog\/50-jahre-3er-bmw-der-heissgeliebte-verkaufsschlager\/","name":"50 Jahre BMW 3er: Von der Limousine \u00fcber Cabrio bis zum Touring","isPartOf":{"@id":"https:\/\/www.sjs-carstyling.com\/blog\/#website"},"primaryImageOfPage":{"@id":"https:\/\/www.sjs-carstyling.com\/blog\/50-jahre-3er-bmw-der-heissgeliebte-verkaufsschlager\/#primaryimage"},"image":{"@id":"https:\/\/www.sjs-carstyling.com\/blog\/50-jahre-3er-bmw-der-heissgeliebte-verkaufsschlager\/#primaryimage"},"thumbnailUrl":"https:\/\/www.sjs-carstyling.com\/blog\/wp-content\/uploads\/2025\/10\/50-Jahre-BMW-3er-bei-SJS-Carstyling-1.jpg","datePublished":"2025-10-05T22:15:42+00:00","dateModified":"2025-10-06T08:34:41+00:00","author":{"@id":"https:\/\/www.sjs-carstyling.com\/blog\/#\/schema\/person\/655b2959eea2cb36b95d258c850d6619"},"description":"Von der klassischen Limousine bis zum Plug-in-Hybrid hat der BMW 3er viele Generationen begeistert. Wir zollen dem Erfolgsmodell Tribut.","inLanguage":"de","potentialAction":[{"@type":"ReadAction","target":["https:\/\/www.sjs-carstyling.com\/blog\/50-jahre-3er-bmw-der-heissgeliebte-verkaufsschlager\/"]}]},{"@type":"ImageObject","inLanguage":"de","@id":"https:\/\/www.sjs-carstyling.com\/blog\/50-jahre-3er-bmw-der-heissgeliebte-verkaufsschlager\/#primaryimage","url":"https:\/\/www.sjs-carstyling.com\/blog\/wp-content\/uploads\/2025\/10\/50-Jahre-BMW-3er-bei-SJS-Carstyling-1.jpg","contentUrl":"https:\/\/www.sjs-carstyling.com\/blog\/wp-content\/uploads\/2025\/10\/50-Jahre-BMW-3er-bei-SJS-Carstyling-1.jpg","width":2000,"height":1333,"caption":"Bildquelle: Rojo - stock.adobe.com"},{"@type":"WebSite","@id":"https:\/\/www.sjs-carstyling.com\/blog\/#website","url":"https:\/\/www.sjs-carstyling.com\/blog\/","name":"SJS Carstyling Oldtimer Magazin","description":"Der Blog rund um das liebste Fahrzeug: finde Oldtimer-News, Modellvergleiche, Event-Hinweise und vieles mehr!","potentialAction":[{"@type":"SearchAction","target":{"@type":"EntryPoint","urlTemplate":"https:\/\/www.sjs-carstyling.com\/blog\/?s={search_term_string}"},"query-input":{"@type":"PropertyValueSpecification","valueRequired":true,"valueName":"search_term_string"}}],"inLanguage":"de"},{"@type":"Person","@id":"https:\/\/www.sjs-carstyling.com\/blog\/#\/schema\/person\/655b2959eea2cb36b95d258c850d6619","name":"Fabian Alber","image":{"@type":"ImageObject","inLanguage":"de","@id":"https:\/\/secure.gravatar.com\/avatar\/f809d1934e10dc927acfea86889924dbbe0eec76d2ff6133c2c3f31931ad88d4?s=96&d=mm&r=g","url":"https:\/\/secure.gravatar.com\/avatar\/f809d1934e10dc927acfea86889924dbbe0eec76d2ff6133c2c3f31931ad88d4?s=96&d=mm&r=g","contentUrl":"https:\/\/secure.gravatar.com\/avatar\/f809d1934e10dc927acfea86889924dbbe0eec76d2ff6133c2c3f31931ad88d4?s=96&d=mm&r=g","caption":"Fabian Alber"},"description":"Fabian ist verantwortlicher Redakteur bei den Mobilit\u00e4tsblogs von SJS Carstyling und steht seit seiner Kindheit auf alles, was vier R\u00e4der hat. Sein Herz geh\u00f6rt den Marken Volkswagen und BMW. Privat f\u00e4hrt er einen VW T-Cross und einen Ford Transit-Camper. Fabian ist Globetrotter und schreibt gerne \u00fcber aktuelle und saisonale Autothemen.","url":"https:\/\/www.sjs-carstyling.com\/blog\/author\/fabian\/"}]}},"_links":{"self":[{"href":"https:\/\/www.sjs-carstyling.com\/blog\/wp-json\/wp\/v2\/posts\/6001","targetHints":{"allow":["GET"]}}],"collection":[{"href":"https:\/\/www.sjs-carstyling.com\/blog\/wp-json\/wp\/v2\/posts"}],"about":[{"href":"https:\/\/www.sjs-carstyling.com\/blog\/wp-json\/wp\/v2\/types\/post"}],"author":[{"embeddable":true,"href":"https:\/\/www.sjs-carstyling.com\/blog\/wp-json\/wp\/v2\/users\/3"}],"replies":[{"embeddable":true,"href":"https:\/\/www.sjs-carstyling.com\/blog\/wp-json\/wp\/v2\/comments?post=6001"}],"version-history":[{"count":7,"href":"https:\/\/www.sjs-carstyling.com\/blog\/wp-json\/wp\/v2\/posts\/6001\/revisions"}],"predecessor-version":[{"id":6015,"href":"https:\/\/www.sjs-carstyling.com\/blog\/wp-json\/wp\/v2\/posts\/6001\/revisions\/6015"}],"wp:featuredmedia":[{"embeddable":true,"href":"https:\/\/www.sjs-carstyling.com\/blog\/wp-json\/wp\/v2\/media\/6007"}],"wp:attachment":[{"href":"https:\/\/www.sjs-carstyling.com\/blog\/wp-json\/wp\/v2\/media?parent=6001"}],"wp:term":[{"taxonomy":"category","embeddable":true,"href":"https:\/\/www.sjs-carstyling.com\/blog\/wp-json\/wp\/v2\/categories?post=6001"},{"taxonomy":"post_tag","embeddable":true,"href":"https:\/\/www.sjs-carstyling.com\/blog\/wp-json\/wp\/v2\/tags?post=6001"}],"curies":[{"name":"wp","href":"https:\/\/api.w.org\/{rel}","templated":true}]}}