{"id":6035,"date":"2025-10-20T00:10:16","date_gmt":"2025-10-19T22:10:16","guid":{"rendered":"https:\/\/www.sjs-carstyling.com\/blog\/?p=6035"},"modified":"2025-10-20T10:48:52","modified_gmt":"2025-10-20T08:48:52","slug":"mein-opa-emil-der-autobauer","status":"publish","type":"post","link":"https:\/\/www.sjs-carstyling.com\/blog\/mein-opa-emil-der-autobauer\/","title":{"rendered":"Mein Opa Emil, der Autobauer"},"content":{"rendered":"\n\n<div class=\"kk-star-ratings kksr-auto kksr-align-left kksr-valign-top\"\n    data-payload='{&quot;align&quot;:&quot;left&quot;,&quot;id&quot;:&quot;6035&quot;,&quot;slug&quot;:&quot;default&quot;,&quot;valign&quot;:&quot;top&quot;,&quot;ignore&quot;:&quot;&quot;,&quot;reference&quot;:&quot;auto&quot;,&quot;class&quot;:&quot;&quot;,&quot;count&quot;:&quot;4&quot;,&quot;legendonly&quot;:&quot;&quot;,&quot;readonly&quot;:&quot;&quot;,&quot;score&quot;:&quot;5&quot;,&quot;starsonly&quot;:&quot;&quot;,&quot;best&quot;:&quot;5&quot;,&quot;gap&quot;:&quot;5&quot;,&quot;greet&quot;:&quot;Wie hat dir der Beitrag gefallen? 1= langweilig, 5= sehr interessant&quot;,&quot;legend&quot;:&quot;5\\\/5 - (4 Stimmen)&quot;,&quot;size&quot;:&quot;24&quot;,&quot;title&quot;:&quot;Mein Opa Emil, der Autobauer&quot;,&quot;width&quot;:&quot;142.5&quot;,&quot;_legend&quot;:&quot;{score}\\\/{best} - ({count} Stimmen)&quot;,&quot;font_factor&quot;:&quot;1.25&quot;}'>\n            \n<div class=\"kksr-stars\">\n    \n<div class=\"kksr-stars-inactive\">\n            <div class=\"kksr-star\" data-star=\"1\" style=\"padding-right: 5px\">\n            \n\n<div class=\"kksr-icon\" style=\"width: 24px; height: 24px;\"><\/div>\n        <\/div>\n            <div class=\"kksr-star\" data-star=\"2\" style=\"padding-right: 5px\">\n            \n\n<div class=\"kksr-icon\" style=\"width: 24px; height: 24px;\"><\/div>\n        <\/div>\n            <div class=\"kksr-star\" data-star=\"3\" style=\"padding-right: 5px\">\n            \n\n<div class=\"kksr-icon\" style=\"width: 24px; height: 24px;\"><\/div>\n        <\/div>\n            <div class=\"kksr-star\" data-star=\"4\" style=\"padding-right: 5px\">\n            \n\n<div class=\"kksr-icon\" style=\"width: 24px; height: 24px;\"><\/div>\n        <\/div>\n            <div class=\"kksr-star\" data-star=\"5\" style=\"padding-right: 5px\">\n            \n\n<div class=\"kksr-icon\" style=\"width: 24px; height: 24px;\"><\/div>\n        <\/div>\n    <\/div>\n    \n<div class=\"kksr-stars-active\" style=\"width: 142.5px;\">\n            <div class=\"kksr-star\" style=\"padding-right: 5px\">\n            \n\n<div class=\"kksr-icon\" style=\"width: 24px; height: 24px;\"><\/div>\n        <\/div>\n            <div class=\"kksr-star\" style=\"padding-right: 5px\">\n            \n\n<div class=\"kksr-icon\" style=\"width: 24px; height: 24px;\"><\/div>\n        <\/div>\n            <div class=\"kksr-star\" style=\"padding-right: 5px\">\n            \n\n<div class=\"kksr-icon\" style=\"width: 24px; height: 24px;\"><\/div>\n        <\/div>\n            <div class=\"kksr-star\" style=\"padding-right: 5px\">\n            \n\n<div class=\"kksr-icon\" style=\"width: 24px; height: 24px;\"><\/div>\n        <\/div>\n            <div class=\"kksr-star\" style=\"padding-right: 5px\">\n            \n\n<div class=\"kksr-icon\" style=\"width: 24px; height: 24px;\"><\/div>\n        <\/div>\n    <\/div>\n<\/div>\n                \n\n<div class=\"kksr-legend\" style=\"font-size: 19.2px;\">\n            5\/5 - (4 Stimmen)    <\/div>\n    <\/div>\n<p><strong>Mein Opa hie\u00df Emil Alber.<\/strong> Er starb am 17. Oktober 1964 im Alter von 43 Jahren v\u00f6llig \u00fcberraschend an einem Herzschlag. Mein Vater war da gerade einmal 13 Jahre alt.<strong> Ich konnte ihn leider nie pers\u00f6nlich kennenlernen.<\/strong> Alles, was ich von ihm wei\u00df, wei\u00df ich von Erz\u00e4hlungen meines Papas. Emil Alber war ein riesiger Autofan, der sogar zwei Fahrzeuge selbst &#8222;erschuf&#8220; und zusammenbaute &#8211; so etwas war damals noch m\u00f6glich.<strong> Heutzutage undenkbar, oder?<\/strong> Die Fahrzeuge waren zugelassen und er fuhr damit sogar bis nach Italien. <strong>Das ist seine Geschichte.<\/strong><\/p>\n<div id=\"attachment_6045\" style=\"width: 871px\" class=\"wp-caption alignnone\"><img decoding=\"async\" aria-describedby=\"caption-attachment-6045\" class=\"size-full wp-image-6045\" src=\"https:\/\/www.sjs-carstyling.com\/blog\/wp-content\/uploads\/2025\/10\/Emil-Alber-der-Autobauer-1.jpg\" alt=\"Emil Alber, der Autobauer - 1\" width=\"861\" height=\"1069\" srcset=\"https:\/\/www.sjs-carstyling.com\/blog\/wp-content\/uploads\/2025\/10\/Emil-Alber-der-Autobauer-1.jpg 861w, https:\/\/www.sjs-carstyling.com\/blog\/wp-content\/uploads\/2025\/10\/Emil-Alber-der-Autobauer-1-480x596.jpg 480w\" sizes=\"(min-width: 0px) and (max-width: 480px) 480px, (min-width: 481px) 861px, 100vw\" \/><p id=\"caption-attachment-6045\" class=\"wp-caption-text\">Passfoto von Emil Alber in jungen Jahren &#8211; Bildquelle: Privat<\/p><\/div>\n<p><strong>Retromanie ist ein Oldtimer-Blog, das sich der Liebe zu alten Fahrzeugen widmet.<\/strong> Aber zu jedem Auto geh\u00f6rt auch immer eine pers\u00f6nliche, menschliche Geschichte. Schlie\u00dflich ist jedes Auto auch nur ein Mensch, wie wir wissen. Dieses kleine digitale Denkmal widme ich meinem Gro\u00dfvater und meinem Vater, mit dem ich heute noch gerne an Autos herumbastle und -schraube, wie ich es bereits als kleiner Junge getan hatte.<strong> Ich w\u00fcnsche euch allen viel Spa\u00df beim Lesen und Entdecken der Fotos.<\/strong><\/p>\n<blockquote><p>Die Liebe zum Automobil verbindet Generationen.<\/p><\/blockquote>\n<h2><strong>Vom selbstgebauten Bob zum selbstgebauten Sportwagen<\/strong><\/h2>\n<p><strong>Geboren wurde mein Opa am 16. Februar 1921 in Schramberg im Schwarzwald<\/strong> &#8211; dort, wo auch ich 63 Jahre sp\u00e4ter das Licht der Welt erblicken sollte. Es folgten eine Mechaniker-Lehre bei der Firma <a href=\"https:\/\/de.wikipedia.org\/wiki\/Junghans\" target=\"_blank\" rel=\"noopener\">Junghans AG<\/a> (seinerzeit die weltweit gr\u00f6\u00dfte Uhrenfabrik mit mehreren Tausend Besch\u00e4ftigten) und ein Studium an der Staatlichen Ingenieurschule in Konstanz am Bodensee (Abschluss im Juni 1948 als staatlich gepr\u00fcfter Ingenieur f\u00fcr allgemeinen Maschinenbau). <strong>Anschlie\u00dfend kehrte Emil als Konstrukteur zu Junghans zur\u00fcck.<\/strong><\/p>\n<div id=\"attachment_6047\" style=\"width: 1542px\" class=\"wp-caption alignnone\"><img decoding=\"async\" aria-describedby=\"caption-attachment-6047\" class=\"size-full wp-image-6047\" src=\"https:\/\/www.sjs-carstyling.com\/blog\/wp-content\/uploads\/2025\/10\/Emil-Alber-der-Autobauer-3.jpg\" alt=\"Emil Alber, der Autobauer - 3\" width=\"1532\" height=\"954\" srcset=\"https:\/\/www.sjs-carstyling.com\/blog\/wp-content\/uploads\/2025\/10\/Emil-Alber-der-Autobauer-3.jpg 1532w, https:\/\/www.sjs-carstyling.com\/blog\/wp-content\/uploads\/2025\/10\/Emil-Alber-der-Autobauer-3-1280x797.jpg 1280w, https:\/\/www.sjs-carstyling.com\/blog\/wp-content\/uploads\/2025\/10\/Emil-Alber-der-Autobauer-3-980x610.jpg 980w, https:\/\/www.sjs-carstyling.com\/blog\/wp-content\/uploads\/2025\/10\/Emil-Alber-der-Autobauer-3-480x299.jpg 480w\" sizes=\"(min-width: 0px) and (max-width: 480px) 480px, (min-width: 481px) and (max-width: 980px) 980px, (min-width: 981px) and (max-width: 1280px) 1280px, (min-width: 1281px) 1532px, 100vw\" \/><p id=\"caption-attachment-6047\" class=\"wp-caption-text\">Firma Junghans Uhren in Schramberg im Schwarzwald &#8211; hier war Emil Alber als Konstrukteur t\u00e4tig &#8211; Bildquelle: Privat<\/p><\/div>\n<blockquote><p>Not macht erfinderisch. Kurzerhand erbaute sich der Maschinenbauingenieur im Nachkriegsdeuschland seine eigenen schnittigen Sportwagen &#8211; das sorgte in den 50er Jahren f\u00fcr Aufsehen im beschaulichen Schwarzwald-St\u00e4dtchen Schramberg.<\/p><\/blockquote>\n<p><strong>Basteln, konstruieren und Technik selbst erschaffen<\/strong> &#8211; das steckte dem Schwaben in den Genen. Bereits als junger Mann baute er ca. 1937 einen eigenen Bob, auf dem er im Winter auf der unger\u00e4umten Kreisstra\u00dfe mit hoher Geschwindigkeit ins Tal hinunterdonnerte &#8211; bei einem schweren Sturz zog er sich eine Narbe an der Stirn zu &#8211; stoppen konnte ihn das jedoch nicht&#8230;<\/p>\n<div id=\"attachment_6048\" style=\"width: 858px\" class=\"wp-caption alignnone\"><img decoding=\"async\" aria-describedby=\"caption-attachment-6048\" class=\"size-full wp-image-6048\" src=\"https:\/\/www.sjs-carstyling.com\/blog\/wp-content\/uploads\/2025\/10\/Emil-Alber-der-Autobauer-4.jpg\" alt=\"Emil Alber, der Autobauer - 4\" width=\"848\" height=\"614\" srcset=\"https:\/\/www.sjs-carstyling.com\/blog\/wp-content\/uploads\/2025\/10\/Emil-Alber-der-Autobauer-4.jpg 848w, https:\/\/www.sjs-carstyling.com\/blog\/wp-content\/uploads\/2025\/10\/Emil-Alber-der-Autobauer-4-480x348.jpg 480w\" sizes=\"(min-width: 0px) and (max-width: 480px) 480px, (min-width: 481px) 848px, 100vw\" \/><p id=\"caption-attachment-6048\" class=\"wp-caption-text\">Mit einem selbstgebauten Bob fing alles an&#8230; &#8211; Bildquelle: Privat<\/p><\/div>\n<p><strong>Ca. 1949 war dann die Zeit gekommen f\u00fcr das erste, &#8222;richtige&#8220; selbstgebaute Fahrzeug:<\/strong> Ein befreundeter Flaschner half dabei, Karosserie und Bleche zusammenzuschwei\u00dfen und -h\u00e4mmern. <strong>Aufgetrieben wurden alle nur erdenklichen Teile<\/strong>, welche die jungen M\u00e4nner in der sp\u00e4rlichen Nachkriegszeit auftreiben konnten. T\u00fcren hatte der Flitzer keine &#8211; daf\u00fcr ein gr\u00f6\u00dferes Loch am Kardantunnel, praktisch, um bei Regen ganz ohne Aussteigen seine kleine Notdurft zu verrichten. Die erste Karosserie war bugatti\u00e4hnlich hell. <strong>Angetrieben wurde der selbstgebaute Flizer vom BMW-Motor eines Wehrmachts-Motorrad-Gespanns.<\/strong><\/p>\n<div id=\"attachment_6052\" style=\"width: 2010px\" class=\"wp-caption alignnone\"><img decoding=\"async\" aria-describedby=\"caption-attachment-6052\" class=\"wp-image-6052 size-full\" src=\"https:\/\/www.sjs-carstyling.com\/blog\/wp-content\/uploads\/2025\/10\/Emil-Alber-der-Autobauer-8.jpg\" alt=\"Emil Alber, der Autobauer - 8\" width=\"2000\" height=\"1542\" srcset=\"https:\/\/www.sjs-carstyling.com\/blog\/wp-content\/uploads\/2025\/10\/Emil-Alber-der-Autobauer-8.jpg 2000w, https:\/\/www.sjs-carstyling.com\/blog\/wp-content\/uploads\/2025\/10\/Emil-Alber-der-Autobauer-8-1280x987.jpg 1280w, https:\/\/www.sjs-carstyling.com\/blog\/wp-content\/uploads\/2025\/10\/Emil-Alber-der-Autobauer-8-980x756.jpg 980w, https:\/\/www.sjs-carstyling.com\/blog\/wp-content\/uploads\/2025\/10\/Emil-Alber-der-Autobauer-8-480x370.jpg 480w\" sizes=\"(min-width: 0px) and (max-width: 480px) 480px, (min-width: 481px) and (max-width: 980px) 980px, (min-width: 981px) and (max-width: 1280px) 1280px, (min-width: 1281px) 2000px, 100vw\" \/><p id=\"caption-attachment-6052\" class=\"wp-caption-text\">Das bugatti\u00e4hnliche Erstlingswerk von Emil Alber &#8211; der Konstrukteur sitzt stolz am Steuer &#8211; Bildquelle: Privat<\/p><\/div>\n<h2><strong>Der Nachfolger: ein &#8222;Schramberger Silberpfeil&#8220;<\/strong><\/h2>\n<p>Auf der gleichen Chassis entstand dann ein paar Jahre sp\u00e4ter ein weiteres Fahrzeug, <strong>im Stil der ber\u00fchmten Silberpfeile von <a href=\"https:\/\/www.sjs-carstyling.com\/search\/?qs=mercedes\">Mercedes-Benz<\/a>.<\/strong> Jetzt hatte der Wagen auch ein Verdeck und war perfekt f\u00fcr die kleine Familie tauglich. Der Sohnemann Edgar (mein Vater) wurde zwischen Fahrer und Beifahrerin &#8222;eingequetscht&#8220; &#8211; der \u201eSicherheitsgurt\u201c der 1950er Jahre. In der letzten Bauphase wurde die Karosserie dunkelrot gespritzt und erhielt Sto\u00dfstangen.<strong> Die Technik war sehr robust, sodass Reisen nach Bayern, und sogar bis an den Gardasee m\u00f6glich waren.<\/strong> Der Bruder Ernst hatte mit seiner Lambretta das Nachsehen.<\/p>\n<div id=\"attachment_6046\" style=\"width: 2010px\" class=\"wp-caption alignnone\"><img decoding=\"async\" aria-describedby=\"caption-attachment-6046\" class=\"size-full wp-image-6046\" src=\"https:\/\/www.sjs-carstyling.com\/blog\/wp-content\/uploads\/2025\/10\/Emil-Alber-der-Autobauer-2.jpg\" alt=\"Emil Alber, der Autobauer - 2\" width=\"2000\" height=\"1500\" srcset=\"https:\/\/www.sjs-carstyling.com\/blog\/wp-content\/uploads\/2025\/10\/Emil-Alber-der-Autobauer-2.jpg 2000w, https:\/\/www.sjs-carstyling.com\/blog\/wp-content\/uploads\/2025\/10\/Emil-Alber-der-Autobauer-2-1280x960.jpg 1280w, https:\/\/www.sjs-carstyling.com\/blog\/wp-content\/uploads\/2025\/10\/Emil-Alber-der-Autobauer-2-980x735.jpg 980w, https:\/\/www.sjs-carstyling.com\/blog\/wp-content\/uploads\/2025\/10\/Emil-Alber-der-Autobauer-2-480x360.jpg 480w\" sizes=\"(min-width: 0px) and (max-width: 480px) 480px, (min-width: 481px) and (max-width: 980px) 980px, (min-width: 981px) and (max-width: 1280px) 1280px, (min-width: 1281px) 2000px, 100vw\" \/><p id=\"caption-attachment-6046\" class=\"wp-caption-text\">Milit\u00e4r-Motorrad BMW R75 &#8211; aus so einem \u00e4hnlichen Motorrad stammte der Motor f\u00fcr den selbstgebauten Wagen. Bildquelle: ermess &#8211; stock.adobe.com<\/p><\/div>\n<blockquote><p>Der Verbleib der selbstgebauten Fahrzeuge ist ungekl\u00e4rt. Sachdienliche Hinweise werden gerne von der SJS Carstyling Online-Redaktion entgegengenommen. \ud83d\ude09<\/p><\/blockquote>\n<p>1955 wurde das Auto dann doch zu eng und unkomfortabel, sodass Emil Alber es schlu\u00dfendlich verkaufte. An wen genau, ist nicht mehr \u00fcberliefert, Interessenten gab es auf jeden Fall einige, denn Sportwagen waren zu der Zeit noch rar ges\u00e4t. Wer wei\u00df? <strong>Vielleicht schlummert der Albersche Silberpfeil heute noch irgendwo in der Republik in einer Garage den Dornr\u00f6schenschlaf?<\/strong><\/p>\n<div id=\"attachment_6054\" style=\"width: 2010px\" class=\"wp-caption alignnone\"><img decoding=\"async\" aria-describedby=\"caption-attachment-6054\" class=\"wp-image-6054 size-full\" src=\"https:\/\/www.sjs-carstyling.com\/blog\/wp-content\/uploads\/2025\/10\/Emil-Alber-der-Autobauer-9.jpg\" alt=\"Emil Alber, der Autobauer - 9\" width=\"2000\" height=\"1314\" srcset=\"https:\/\/www.sjs-carstyling.com\/blog\/wp-content\/uploads\/2025\/10\/Emil-Alber-der-Autobauer-9.jpg 2000w, https:\/\/www.sjs-carstyling.com\/blog\/wp-content\/uploads\/2025\/10\/Emil-Alber-der-Autobauer-9-1280x841.jpg 1280w, https:\/\/www.sjs-carstyling.com\/blog\/wp-content\/uploads\/2025\/10\/Emil-Alber-der-Autobauer-9-980x644.jpg 980w, https:\/\/www.sjs-carstyling.com\/blog\/wp-content\/uploads\/2025\/10\/Emil-Alber-der-Autobauer-9-480x315.jpg 480w\" sizes=\"(min-width: 0px) and (max-width: 480px) 480px, (min-width: 481px) and (max-width: 980px) 980px, (min-width: 981px) and (max-width: 1280px) 1280px, (min-width: 1281px) 2000px, 100vw\" \/><p id=\"caption-attachment-6054\" class=\"wp-caption-text\">Silberpfeil \u00e0 la Emil Alber &#8211; auf der Haube sitzt mein Vater Edgar als kleiner Bub &#8211; Bildquelle: Privat<\/p><\/div>\n<h2><strong>1.000 Kilometer am St\u00fcck bis nach Italien &#8211; echte Autofans brauchen keine Pausen<\/strong><\/h2>\n<p><strong>Anschlie\u00dfend schaffte Emil Alber einen Ford Taunus 15m<\/strong> mit Weltkugel im Grill an (Rechnungen und Fahrtenbuch sind bis heute im Familienbesitz vorhanden). Sehr stolz war der junge Familienvater darauf, dass es der 15m mit 55PS den Fohrenb\u00fchlpass (800m) im 3.Gang bezwang. Den 4.Gang musste Emil optional dazu kaufen. Besonders stolz war der Auto-Fanatiker auch <strong>auf die Wei\u00dfwandreifen, die einmal w\u00f6chentlich mit Akopads gereinigt wurden.<\/strong> Im Winter wurden alle Autos bis zu diesem Zeitpunkt abgemeldet und in einer gro\u00dfen Omnibusgarage \u00fcberwintert. Das sparte und schonte.<\/p>\n<div id=\"attachment_6056\" style=\"width: 794px\" class=\"wp-caption alignnone\"><img decoding=\"async\" aria-describedby=\"caption-attachment-6056\" class=\"size-full wp-image-6056\" src=\"https:\/\/www.sjs-carstyling.com\/blog\/wp-content\/uploads\/2025\/10\/Emil-Alber-der-Autobauer-10.jpg\" alt=\"Emil Alber, der Autobauer (10)\" width=\"784\" height=\"1101\" srcset=\"https:\/\/www.sjs-carstyling.com\/blog\/wp-content\/uploads\/2025\/10\/Emil-Alber-der-Autobauer-10.jpg 784w, https:\/\/www.sjs-carstyling.com\/blog\/wp-content\/uploads\/2025\/10\/Emil-Alber-der-Autobauer-10-480x674.jpg 480w\" sizes=\"(min-width: 0px) and (max-width: 480px) 480px, (min-width: 481px) 784px, 100vw\" \/><p id=\"caption-attachment-6056\" class=\"wp-caption-text\">Rechnung des Ford Taunus, 7.463 DM kostete der Wagen im Jahr 1957. Bildquelle: Privat<\/p><\/div>\n<p><strong>Die Auto-Reisen gingen jetzt bis auf die Insel Elba.<\/strong> Emil nahm seinen ganzen Jahresurlaub am St\u00fcck. So konnte die Familie 6 Wochen nonstop in Italien (Elba\/Monte Argentario) sein. <strong>Die 1.000 km fuhr er immer durch.<\/strong> Nachts um 1 Uhr ging es los, so dass die Albers abends um19 Uhr die vorbestellte F\u00e4hre nach Elba bekamen. Alles ohne Servolenkung und Autobahnen. Mitten durch Milano war nichts f\u00fcr schwache Nerven. Die Autostrada del Sole war sp\u00e4ter eine Riesenerleichterung.<\/p>\n<div id=\"attachment_6062\" style=\"width: 2010px\" class=\"wp-caption alignnone\"><img decoding=\"async\" aria-describedby=\"caption-attachment-6062\" class=\"size-full wp-image-6062\" src=\"https:\/\/www.sjs-carstyling.com\/blog\/wp-content\/uploads\/2025\/10\/Emil-Alber-der-Autobauer-14.jpg\" alt=\"Emil Alber, der Autobauer (14)\" width=\"2000\" height=\"1459\" srcset=\"https:\/\/www.sjs-carstyling.com\/blog\/wp-content\/uploads\/2025\/10\/Emil-Alber-der-Autobauer-14.jpg 2000w, https:\/\/www.sjs-carstyling.com\/blog\/wp-content\/uploads\/2025\/10\/Emil-Alber-der-Autobauer-14-1280x934.jpg 1280w, https:\/\/www.sjs-carstyling.com\/blog\/wp-content\/uploads\/2025\/10\/Emil-Alber-der-Autobauer-14-980x715.jpg 980w, https:\/\/www.sjs-carstyling.com\/blog\/wp-content\/uploads\/2025\/10\/Emil-Alber-der-Autobauer-14-480x350.jpg 480w\" sizes=\"(min-width: 0px) and (max-width: 480px) 480px, (min-width: 481px) and (max-width: 980px) 980px, (min-width: 981px) and (max-width: 1280px) 1280px, (min-width: 1281px) 2000px, 100vw\" \/><p id=\"caption-attachment-6062\" class=\"wp-caption-text\">Emil Alber im Gl\u00fcck. Mit Taunus und FIAT nach Italien in den Urlaub. Bildquelle: Privat<\/p><\/div>\n<p><strong>1961 wurde ein FIAT 1800b in wei\u00df mit Wei\u00dfwandreifen angeschafft<\/strong>. Dieser begeisterte den Technikfreak durch seinen seidenweichen Sechszylinder-Sound und die serienm\u00e4\u00dfigen vier Scheibenbremsen.<strong>1963 g\u00f6nnte sich mein Opa dann einen FIAT 2300.<\/strong> Auf der neuen HAFRABA-Autobahn Hamburg-Basel lief er schon 160 km\/h schnell, sehr beeindruckend und von den Windger\u00e4uschen her auch sehr laut. Emil gelang es, auf einer breiteren Stra\u00dfe im 4. Gang zu wenden. Der Motor war sehr elastisch.<\/p>\n<div id=\"attachment_6059\" style=\"width: 2058px\" class=\"wp-caption alignnone\"><img decoding=\"async\" aria-describedby=\"caption-attachment-6059\" class=\"size-full wp-image-6059\" src=\"https:\/\/www.sjs-carstyling.com\/blog\/wp-content\/uploads\/2025\/10\/Emil-Alber-der-Autobauer-11.jpg\" alt=\"Emil Alber, der Autobauer - 11\" width=\"2048\" height=\"1320\" srcset=\"https:\/\/www.sjs-carstyling.com\/blog\/wp-content\/uploads\/2025\/10\/Emil-Alber-der-Autobauer-11.jpg 2048w, https:\/\/www.sjs-carstyling.com\/blog\/wp-content\/uploads\/2025\/10\/Emil-Alber-der-Autobauer-11-1280x825.jpg 1280w, https:\/\/www.sjs-carstyling.com\/blog\/wp-content\/uploads\/2025\/10\/Emil-Alber-der-Autobauer-11-980x632.jpg 980w, https:\/\/www.sjs-carstyling.com\/blog\/wp-content\/uploads\/2025\/10\/Emil-Alber-der-Autobauer-11-480x309.jpg 480w\" sizes=\"(min-width: 0px) and (max-width: 480px) 480px, (min-width: 481px) and (max-width: 980px) 980px, (min-width: 981px) and (max-width: 1280px) 1280px, (min-width: 1281px) 2048px, 100vw\" \/><p id=\"caption-attachment-6059\" class=\"wp-caption-text\">In diesen Fahrtenb\u00fcchern notierte Emil Alber akribisch die Vebr\u00e4uche &#8211; Bildquelle: Privat<\/p><\/div>\n<div id=\"attachment_6058\" style=\"width: 2035px\" class=\"wp-caption alignnone\"><img decoding=\"async\" aria-describedby=\"caption-attachment-6058\" class=\"size-full wp-image-6058\" src=\"https:\/\/www.sjs-carstyling.com\/blog\/wp-content\/uploads\/2025\/10\/Emil-Alber-der-Autobauer-13.jpg\" alt=\"Emil Alber, der Autobauer - 13\" width=\"2025\" height=\"1440\" srcset=\"https:\/\/www.sjs-carstyling.com\/blog\/wp-content\/uploads\/2025\/10\/Emil-Alber-der-Autobauer-13.jpg 2025w, https:\/\/www.sjs-carstyling.com\/blog\/wp-content\/uploads\/2025\/10\/Emil-Alber-der-Autobauer-13-1280x910.jpg 1280w, https:\/\/www.sjs-carstyling.com\/blog\/wp-content\/uploads\/2025\/10\/Emil-Alber-der-Autobauer-13-980x697.jpg 980w, https:\/\/www.sjs-carstyling.com\/blog\/wp-content\/uploads\/2025\/10\/Emil-Alber-der-Autobauer-13-480x341.jpg 480w\" sizes=\"(min-width: 0px) and (max-width: 480px) 480px, (min-width: 481px) and (max-width: 980px) 980px, (min-width: 981px) and (max-width: 1280px) 1280px, (min-width: 1281px) 2025px, 100vw\" \/><p id=\"caption-attachment-6058\" class=\"wp-caption-text\">Bildquelle: Privat<\/p><\/div>\n<h2><strong>Ordnung muss sein: von Fahrtenb\u00fcchern und Sechszylindern<\/strong><\/h2>\n<div class=\"gs\">\n<div class=\"\">\n<div id=\":1i7\" class=\"ii gt adO\">\n<div id=\":1i6\" class=\"a3s aiL\">\n<div dir=\"ltr\">\n<div>Durch seine sparsame Fahrweise gelang es ihm, einen <strong>Durchschnittsverbrauch von 10 Litern\/100 km zu erreichen.<\/strong> Die Tankwerte wurden in einem Tankheftchen akribisch notiert. Auf einem runden Papierrechenschieber wurde sofort der Durchschnittsverbrauch ermittelt.<\/div>\n<div><strong>Luftgek\u00fchlte Autos mochte Emil hingegen nicht.<\/strong> Besonders verachtete er den Borgward Lloyd . Fuhr so ein Zweitakter vor ihm den Berg hoch, sagte er immer: <strong><em>&#8222;Das ist doch kein Auto, diese Kaffeem\u00fchle!&#8220;<\/em><\/strong><\/div>\n<div><\/div>\n<div>\n<div id=\"attachment_6057\" style=\"width: 2010px\" class=\"wp-caption alignnone\"><img decoding=\"async\" aria-describedby=\"caption-attachment-6057\" class=\"size-full wp-image-6057\" src=\"https:\/\/www.sjs-carstyling.com\/blog\/wp-content\/uploads\/2025\/10\/Emil-Alber-der-Autobauer-12.jpg\" alt=\"Emil Alber, der Autobauer - 12\" width=\"2000\" height=\"1333\" srcset=\"https:\/\/www.sjs-carstyling.com\/blog\/wp-content\/uploads\/2025\/10\/Emil-Alber-der-Autobauer-12.jpg 2000w, https:\/\/www.sjs-carstyling.com\/blog\/wp-content\/uploads\/2025\/10\/Emil-Alber-der-Autobauer-12-1280x853.jpg 1280w, https:\/\/www.sjs-carstyling.com\/blog\/wp-content\/uploads\/2025\/10\/Emil-Alber-der-Autobauer-12-980x653.jpg 980w, https:\/\/www.sjs-carstyling.com\/blog\/wp-content\/uploads\/2025\/10\/Emil-Alber-der-Autobauer-12-480x320.jpg 480w\" sizes=\"(min-width: 0px) and (max-width: 480px) 480px, (min-width: 481px) and (max-width: 980px) 980px, (min-width: 981px) and (max-width: 1280px) 1280px, (min-width: 1281px) 2000px, 100vw\" \/><p id=\"caption-attachment-6057\" class=\"wp-caption-text\">Mit der Fahrzeugmarke Lloyd konnte Emil wenig anfangen. Bildquelle: Santi Rodr\u00edguez &#8211; stock.adobe.com<\/p><\/div>\n<\/div>\n<\/div>\n<blockquote>\n<div>Echte Autos mussten f\u00fcr Emil Alber einen Sechsyzylinder-Motor haben. Alles andere kam ihm nicht in unter die Haube.<\/div>\n<\/blockquote>\n<\/div>\n<\/div>\n<div id=\"avWBGd-328\" class=\"WhmR8e\" data-hash=\"0\"><strong>1964 sollte ein &#8222;SPRITE Musketeer&#8220;-Wohnwagen angeschafft werden.<\/strong> Diesen Moment durfte Emil leider nicht mehr erleben. Sein pl\u00f6tzlicher Tod war ein Schock f\u00fcr alle Menschen, die ihm nahestanden. Die Liebe zu Autos lebt aber bis heute in seinen Nachfahren weiter. <strong>Ruhe in Frieden, lieber Emil Alber.<\/strong><\/div>\n<\/div>\n<\/div>\n<h2><strong>Wir \u2764\ufe0f Autos und deren Geschichte(n) &#8211; SJS Carstyling<\/strong><\/h2>\n<p><strong>Ihr habt auch eine sch\u00f6ne pers\u00f6nliche Autogeschichte?<\/strong> Dann nichts wie her damit: <a href=\"redaktion@sjs-carstyling.com\">redaktion@sjs-carstyling.com<\/a>. Wir freuen uns immer \u00fcber elektronische Post. \ud83d\ude42<\/p>\n<p>Und nicht vergessen: Ersatzteile in h\u00f6chster Qualit\u00e4t gibt es nat\u00fcrlich bei uns im <a href=\"https:\/\/www.sjs-carstyling.com\/\" target=\"_blank\" rel=\"noopener\">Shop<\/a> &#8211; an der gro\u00dfen Auswahl zu fairen Preisen <strong>h\u00e4tte auch der sparsame Schwabe Emil Alber sicherlich eine gro\u00dfe Freude!<\/strong><\/p>\n<hr \/>\n<p>Bildquellen Titelbild-Collage: Privat<\/p>\n","protected":false},"excerpt":{"rendered":"<p>Mein Opa hie\u00df Emil Alber. Er starb am 17. Oktober 1964 im Alter von 43 Jahren v\u00f6llig \u00fcberraschend an einem Herzschlag. Mein Vater war da gerade einmal 13 Jahre alt. Ich konnte ihn leider nie pers\u00f6nlich kennenlernen. Alles, was ich von ihm wei\u00df, wei\u00df ich von Erz\u00e4hlungen meines Papas. Emil Alber war ein riesiger Autofan, [&hellip;]<\/p>\n","protected":false},"author":3,"featured_media":6049,"comment_status":"open","ping_status":"open","sticky":false,"template":"","format":"standard","meta":{"_et_pb_use_builder":"","_et_pb_old_content":"","_et_gb_content_width":"","footnotes":""},"categories":[76],"tags":[893,895,894,897,898,112,900,902,896,901,899],"class_list":["post-6035","post","type-post","status-publish","format-standard","has-post-thumbnail","hentry","category-persoenliche-geschichten","tag-autokonstruktion","tag-autoliebe","tag-familiengeschichte","tag-fiat-1800b","tag-fiat-2300","tag-ford-taunus","tag-junghans","tag-maschinenbau","tag-persoenliche-geschichte","tag-schramberg","tag-silberpfeil"],"yoast_head":"<!-- This site is optimized with the Yoast SEO plugin v27.5 - https:\/\/yoast.com\/product\/yoast-seo-wordpress\/ -->\n<title>Mein Opa Emil, der Autobauer<\/title>\n<meta name=\"description\" content=\"Eine pers\u00f6nliche Geschichte \u00fcber Emil Alber, Maschinenbauingenieur bei Junghans, der zwei Fahrzeuge im Nachkriegsdeutschland selbst erschuf.\" \/>\n<meta name=\"robots\" content=\"index, follow, max-snippet:-1, max-image-preview:large, max-video-preview:-1\" \/>\n<link rel=\"canonical\" href=\"https:\/\/www.sjs-carstyling.com\/blog\/mein-opa-emil-der-autobauer\/\" \/>\n<meta property=\"og:locale\" content=\"de_DE\" \/>\n<meta property=\"og:type\" content=\"article\" \/>\n<meta property=\"og:title\" content=\"Mein Opa Emil, der Autobauer\" \/>\n<meta property=\"og:description\" content=\"Eine pers\u00f6nliche Geschichte \u00fcber Emil Alber, Maschinenbauingenieur bei Junghans, der zwei Fahrzeuge im Nachkriegsdeutschland selbst erschuf.\" \/>\n<meta property=\"og:url\" content=\"https:\/\/www.sjs-carstyling.com\/blog\/mein-opa-emil-der-autobauer\/\" \/>\n<meta property=\"og:site_name\" content=\"SJS Carstyling Oldtimer Magazin\" \/>\n<meta property=\"article:published_time\" content=\"2025-10-19T22:10:16+00:00\" \/>\n<meta property=\"article:modified_time\" content=\"2025-10-20T08:48:52+00:00\" \/>\n<meta property=\"og:image\" content=\"https:\/\/www.sjs-carstyling.com\/blog\/wp-content\/uploads\/2025\/10\/Emil-Alber-der-Autobauer-7.jpg\" \/>\n\t<meta property=\"og:image:width\" content=\"2000\" \/>\n\t<meta property=\"og:image:height\" content=\"1542\" \/>\n\t<meta property=\"og:image:type\" content=\"image\/jpeg\" \/>\n<meta name=\"author\" content=\"Fabian Alber\" \/>\n<meta name=\"twitter:card\" content=\"summary_large_image\" \/>\n<meta name=\"twitter:label1\" content=\"Verfasst von\" \/>\n\t<meta name=\"twitter:data1\" content=\"Fabian Alber\" \/>\n\t<meta name=\"twitter:label2\" content=\"Gesch\u00e4tzte Lesezeit\" \/>\n\t<meta name=\"twitter:data2\" content=\"9\u00a0Minuten\" \/>\n<script type=\"application\/ld+json\" class=\"yoast-schema-graph\">{\"@context\":\"https:\\\/\\\/schema.org\",\"@graph\":[{\"@type\":\"Article\",\"@id\":\"https:\\\/\\\/www.sjs-carstyling.com\\\/blog\\\/mein-opa-emil-der-autobauer\\\/#article\",\"isPartOf\":{\"@id\":\"https:\\\/\\\/www.sjs-carstyling.com\\\/blog\\\/mein-opa-emil-der-autobauer\\\/\"},\"author\":{\"name\":\"Fabian Alber\",\"@id\":\"https:\\\/\\\/www.sjs-carstyling.com\\\/blog\\\/#\\\/schema\\\/person\\\/655b2959eea2cb36b95d258c850d6619\"},\"headline\":\"Mein Opa Emil, der Autobauer\",\"datePublished\":\"2025-10-19T22:10:16+00:00\",\"dateModified\":\"2025-10-20T08:48:52+00:00\",\"mainEntityOfPage\":{\"@id\":\"https:\\\/\\\/www.sjs-carstyling.com\\\/blog\\\/mein-opa-emil-der-autobauer\\\/\"},\"wordCount\":1321,\"commentCount\":2,\"image\":{\"@id\":\"https:\\\/\\\/www.sjs-carstyling.com\\\/blog\\\/mein-opa-emil-der-autobauer\\\/#primaryimage\"},\"thumbnailUrl\":\"https:\\\/\\\/www.sjs-carstyling.com\\\/blog\\\/wp-content\\\/uploads\\\/2025\\\/10\\\/Emil-Alber-der-Autobauer-7.jpg\",\"keywords\":[\"Autokonstruktion\",\"Autoliebe\",\"Familiengeschichte\",\"Fiat 1800B\",\"Fiat 2300\",\"Ford Taunus\",\"Junghans\",\"Maschinenbau\",\"Pers\u00f6nliche Geschichte\",\"Schramberg\",\"Silberpfeil\"],\"articleSection\":[\"Pers\u00f6nliche Geschichten\"],\"inLanguage\":\"de\",\"potentialAction\":[{\"@type\":\"CommentAction\",\"name\":\"Comment\",\"target\":[\"https:\\\/\\\/www.sjs-carstyling.com\\\/blog\\\/mein-opa-emil-der-autobauer\\\/#respond\"]}]},{\"@type\":\"WebPage\",\"@id\":\"https:\\\/\\\/www.sjs-carstyling.com\\\/blog\\\/mein-opa-emil-der-autobauer\\\/\",\"url\":\"https:\\\/\\\/www.sjs-carstyling.com\\\/blog\\\/mein-opa-emil-der-autobauer\\\/\",\"name\":\"Mein Opa Emil, der Autobauer\",\"isPartOf\":{\"@id\":\"https:\\\/\\\/www.sjs-carstyling.com\\\/blog\\\/#website\"},\"primaryImageOfPage\":{\"@id\":\"https:\\\/\\\/www.sjs-carstyling.com\\\/blog\\\/mein-opa-emil-der-autobauer\\\/#primaryimage\"},\"image\":{\"@id\":\"https:\\\/\\\/www.sjs-carstyling.com\\\/blog\\\/mein-opa-emil-der-autobauer\\\/#primaryimage\"},\"thumbnailUrl\":\"https:\\\/\\\/www.sjs-carstyling.com\\\/blog\\\/wp-content\\\/uploads\\\/2025\\\/10\\\/Emil-Alber-der-Autobauer-7.jpg\",\"datePublished\":\"2025-10-19T22:10:16+00:00\",\"dateModified\":\"2025-10-20T08:48:52+00:00\",\"author\":{\"@id\":\"https:\\\/\\\/www.sjs-carstyling.com\\\/blog\\\/#\\\/schema\\\/person\\\/655b2959eea2cb36b95d258c850d6619\"},\"description\":\"Eine pers\u00f6nliche Geschichte \u00fcber Emil Alber, Maschinenbauingenieur bei Junghans, der zwei Fahrzeuge im Nachkriegsdeutschland selbst erschuf.\",\"inLanguage\":\"de\",\"potentialAction\":[{\"@type\":\"ReadAction\",\"target\":[\"https:\\\/\\\/www.sjs-carstyling.com\\\/blog\\\/mein-opa-emil-der-autobauer\\\/\"]}]},{\"@type\":\"ImageObject\",\"inLanguage\":\"de\",\"@id\":\"https:\\\/\\\/www.sjs-carstyling.com\\\/blog\\\/mein-opa-emil-der-autobauer\\\/#primaryimage\",\"url\":\"https:\\\/\\\/www.sjs-carstyling.com\\\/blog\\\/wp-content\\\/uploads\\\/2025\\\/10\\\/Emil-Alber-der-Autobauer-7.jpg\",\"contentUrl\":\"https:\\\/\\\/www.sjs-carstyling.com\\\/blog\\\/wp-content\\\/uploads\\\/2025\\\/10\\\/Emil-Alber-der-Autobauer-7.jpg\",\"width\":2000,\"height\":1542,\"caption\":\"Bildquelle: Privat\"},{\"@type\":\"WebSite\",\"@id\":\"https:\\\/\\\/www.sjs-carstyling.com\\\/blog\\\/#website\",\"url\":\"https:\\\/\\\/www.sjs-carstyling.com\\\/blog\\\/\",\"name\":\"SJS Carstyling Oldtimer Magazin\",\"description\":\"Der Blog rund um das liebste Fahrzeug: finde Oldtimer-News, Modellvergleiche, Event-Hinweise und vieles mehr!\",\"potentialAction\":[{\"@type\":\"SearchAction\",\"target\":{\"@type\":\"EntryPoint\",\"urlTemplate\":\"https:\\\/\\\/www.sjs-carstyling.com\\\/blog\\\/?s={search_term_string}\"},\"query-input\":{\"@type\":\"PropertyValueSpecification\",\"valueRequired\":true,\"valueName\":\"search_term_string\"}}],\"inLanguage\":\"de\"},{\"@type\":\"Person\",\"@id\":\"https:\\\/\\\/www.sjs-carstyling.com\\\/blog\\\/#\\\/schema\\\/person\\\/655b2959eea2cb36b95d258c850d6619\",\"name\":\"Fabian Alber\",\"image\":{\"@type\":\"ImageObject\",\"inLanguage\":\"de\",\"@id\":\"https:\\\/\\\/secure.gravatar.com\\\/avatar\\\/f809d1934e10dc927acfea86889924dbbe0eec76d2ff6133c2c3f31931ad88d4?s=96&d=mm&r=g\",\"url\":\"https:\\\/\\\/secure.gravatar.com\\\/avatar\\\/f809d1934e10dc927acfea86889924dbbe0eec76d2ff6133c2c3f31931ad88d4?s=96&d=mm&r=g\",\"contentUrl\":\"https:\\\/\\\/secure.gravatar.com\\\/avatar\\\/f809d1934e10dc927acfea86889924dbbe0eec76d2ff6133c2c3f31931ad88d4?s=96&d=mm&r=g\",\"caption\":\"Fabian Alber\"},\"description\":\"Fabian ist verantwortlicher Redakteur bei den Mobilit\u00e4tsblogs von SJS Carstyling und steht seit seiner Kindheit auf alles, was vier R\u00e4der hat. Sein Herz geh\u00f6rt den Marken Volkswagen und BMW. Privat f\u00e4hrt er einen VW T-Cross und einen Ford Transit-Camper. Fabian ist Globetrotter und schreibt gerne \u00fcber aktuelle und saisonale Autothemen.\",\"url\":\"https:\\\/\\\/www.sjs-carstyling.com\\\/blog\\\/author\\\/fabian\\\/\"}]}<\/script>\n<!-- \/ Yoast SEO plugin. -->","yoast_head_json":{"title":"Mein Opa Emil, der Autobauer","description":"Eine pers\u00f6nliche Geschichte \u00fcber Emil Alber, Maschinenbauingenieur bei Junghans, der zwei Fahrzeuge im Nachkriegsdeutschland selbst erschuf.","robots":{"index":"index","follow":"follow","max-snippet":"max-snippet:-1","max-image-preview":"max-image-preview:large","max-video-preview":"max-video-preview:-1"},"canonical":"https:\/\/www.sjs-carstyling.com\/blog\/mein-opa-emil-der-autobauer\/","og_locale":"de_DE","og_type":"article","og_title":"Mein Opa Emil, der Autobauer","og_description":"Eine pers\u00f6nliche Geschichte \u00fcber Emil Alber, Maschinenbauingenieur bei Junghans, der zwei Fahrzeuge im Nachkriegsdeutschland selbst erschuf.","og_url":"https:\/\/www.sjs-carstyling.com\/blog\/mein-opa-emil-der-autobauer\/","og_site_name":"SJS Carstyling Oldtimer Magazin","article_published_time":"2025-10-19T22:10:16+00:00","article_modified_time":"2025-10-20T08:48:52+00:00","og_image":[{"width":2000,"height":1542,"url":"https:\/\/www.sjs-carstyling.com\/blog\/wp-content\/uploads\/2025\/10\/Emil-Alber-der-Autobauer-7.jpg","type":"image\/jpeg"}],"author":"Fabian Alber","twitter_card":"summary_large_image","twitter_misc":{"Verfasst von":"Fabian Alber","Gesch\u00e4tzte Lesezeit":"9\u00a0Minuten"},"schema":{"@context":"https:\/\/schema.org","@graph":[{"@type":"Article","@id":"https:\/\/www.sjs-carstyling.com\/blog\/mein-opa-emil-der-autobauer\/#article","isPartOf":{"@id":"https:\/\/www.sjs-carstyling.com\/blog\/mein-opa-emil-der-autobauer\/"},"author":{"name":"Fabian Alber","@id":"https:\/\/www.sjs-carstyling.com\/blog\/#\/schema\/person\/655b2959eea2cb36b95d258c850d6619"},"headline":"Mein Opa Emil, der Autobauer","datePublished":"2025-10-19T22:10:16+00:00","dateModified":"2025-10-20T08:48:52+00:00","mainEntityOfPage":{"@id":"https:\/\/www.sjs-carstyling.com\/blog\/mein-opa-emil-der-autobauer\/"},"wordCount":1321,"commentCount":2,"image":{"@id":"https:\/\/www.sjs-carstyling.com\/blog\/mein-opa-emil-der-autobauer\/#primaryimage"},"thumbnailUrl":"https:\/\/www.sjs-carstyling.com\/blog\/wp-content\/uploads\/2025\/10\/Emil-Alber-der-Autobauer-7.jpg","keywords":["Autokonstruktion","Autoliebe","Familiengeschichte","Fiat 1800B","Fiat 2300","Ford Taunus","Junghans","Maschinenbau","Pers\u00f6nliche Geschichte","Schramberg","Silberpfeil"],"articleSection":["Pers\u00f6nliche Geschichten"],"inLanguage":"de","potentialAction":[{"@type":"CommentAction","name":"Comment","target":["https:\/\/www.sjs-carstyling.com\/blog\/mein-opa-emil-der-autobauer\/#respond"]}]},{"@type":"WebPage","@id":"https:\/\/www.sjs-carstyling.com\/blog\/mein-opa-emil-der-autobauer\/","url":"https:\/\/www.sjs-carstyling.com\/blog\/mein-opa-emil-der-autobauer\/","name":"Mein Opa Emil, der Autobauer","isPartOf":{"@id":"https:\/\/www.sjs-carstyling.com\/blog\/#website"},"primaryImageOfPage":{"@id":"https:\/\/www.sjs-carstyling.com\/blog\/mein-opa-emil-der-autobauer\/#primaryimage"},"image":{"@id":"https:\/\/www.sjs-carstyling.com\/blog\/mein-opa-emil-der-autobauer\/#primaryimage"},"thumbnailUrl":"https:\/\/www.sjs-carstyling.com\/blog\/wp-content\/uploads\/2025\/10\/Emil-Alber-der-Autobauer-7.jpg","datePublished":"2025-10-19T22:10:16+00:00","dateModified":"2025-10-20T08:48:52+00:00","author":{"@id":"https:\/\/www.sjs-carstyling.com\/blog\/#\/schema\/person\/655b2959eea2cb36b95d258c850d6619"},"description":"Eine pers\u00f6nliche Geschichte \u00fcber Emil Alber, Maschinenbauingenieur bei Junghans, der zwei Fahrzeuge im Nachkriegsdeutschland selbst erschuf.","inLanguage":"de","potentialAction":[{"@type":"ReadAction","target":["https:\/\/www.sjs-carstyling.com\/blog\/mein-opa-emil-der-autobauer\/"]}]},{"@type":"ImageObject","inLanguage":"de","@id":"https:\/\/www.sjs-carstyling.com\/blog\/mein-opa-emil-der-autobauer\/#primaryimage","url":"https:\/\/www.sjs-carstyling.com\/blog\/wp-content\/uploads\/2025\/10\/Emil-Alber-der-Autobauer-7.jpg","contentUrl":"https:\/\/www.sjs-carstyling.com\/blog\/wp-content\/uploads\/2025\/10\/Emil-Alber-der-Autobauer-7.jpg","width":2000,"height":1542,"caption":"Bildquelle: Privat"},{"@type":"WebSite","@id":"https:\/\/www.sjs-carstyling.com\/blog\/#website","url":"https:\/\/www.sjs-carstyling.com\/blog\/","name":"SJS Carstyling Oldtimer Magazin","description":"Der Blog rund um das liebste Fahrzeug: finde Oldtimer-News, Modellvergleiche, Event-Hinweise und vieles mehr!","potentialAction":[{"@type":"SearchAction","target":{"@type":"EntryPoint","urlTemplate":"https:\/\/www.sjs-carstyling.com\/blog\/?s={search_term_string}"},"query-input":{"@type":"PropertyValueSpecification","valueRequired":true,"valueName":"search_term_string"}}],"inLanguage":"de"},{"@type":"Person","@id":"https:\/\/www.sjs-carstyling.com\/blog\/#\/schema\/person\/655b2959eea2cb36b95d258c850d6619","name":"Fabian Alber","image":{"@type":"ImageObject","inLanguage":"de","@id":"https:\/\/secure.gravatar.com\/avatar\/f809d1934e10dc927acfea86889924dbbe0eec76d2ff6133c2c3f31931ad88d4?s=96&d=mm&r=g","url":"https:\/\/secure.gravatar.com\/avatar\/f809d1934e10dc927acfea86889924dbbe0eec76d2ff6133c2c3f31931ad88d4?s=96&d=mm&r=g","contentUrl":"https:\/\/secure.gravatar.com\/avatar\/f809d1934e10dc927acfea86889924dbbe0eec76d2ff6133c2c3f31931ad88d4?s=96&d=mm&r=g","caption":"Fabian Alber"},"description":"Fabian ist verantwortlicher Redakteur bei den Mobilit\u00e4tsblogs von SJS Carstyling und steht seit seiner Kindheit auf alles, was vier R\u00e4der hat. Sein Herz geh\u00f6rt den Marken Volkswagen und BMW. Privat f\u00e4hrt er einen VW T-Cross und einen Ford Transit-Camper. Fabian ist Globetrotter und schreibt gerne \u00fcber aktuelle und saisonale Autothemen.","url":"https:\/\/www.sjs-carstyling.com\/blog\/author\/fabian\/"}]}},"_links":{"self":[{"href":"https:\/\/www.sjs-carstyling.com\/blog\/wp-json\/wp\/v2\/posts\/6035","targetHints":{"allow":["GET"]}}],"collection":[{"href":"https:\/\/www.sjs-carstyling.com\/blog\/wp-json\/wp\/v2\/posts"}],"about":[{"href":"https:\/\/www.sjs-carstyling.com\/blog\/wp-json\/wp\/v2\/types\/post"}],"author":[{"embeddable":true,"href":"https:\/\/www.sjs-carstyling.com\/blog\/wp-json\/wp\/v2\/users\/3"}],"replies":[{"embeddable":true,"href":"https:\/\/www.sjs-carstyling.com\/blog\/wp-json\/wp\/v2\/comments?post=6035"}],"version-history":[{"count":20,"href":"https:\/\/www.sjs-carstyling.com\/blog\/wp-json\/wp\/v2\/posts\/6035\/revisions"}],"predecessor-version":[{"id":6069,"href":"https:\/\/www.sjs-carstyling.com\/blog\/wp-json\/wp\/v2\/posts\/6035\/revisions\/6069"}],"wp:featuredmedia":[{"embeddable":true,"href":"https:\/\/www.sjs-carstyling.com\/blog\/wp-json\/wp\/v2\/media\/6049"}],"wp:attachment":[{"href":"https:\/\/www.sjs-carstyling.com\/blog\/wp-json\/wp\/v2\/media?parent=6035"}],"wp:term":[{"taxonomy":"category","embeddable":true,"href":"https:\/\/www.sjs-carstyling.com\/blog\/wp-json\/wp\/v2\/categories?post=6035"},{"taxonomy":"post_tag","embeddable":true,"href":"https:\/\/www.sjs-carstyling.com\/blog\/wp-json\/wp\/v2\/tags?post=6035"}],"curies":[{"name":"wp","href":"https:\/\/api.w.org\/{rel}","templated":true}]}}