{"id":6071,"date":"2025-10-27T00:10:04","date_gmt":"2025-10-26T23:10:04","guid":{"rendered":"https:\/\/www.sjs-carstyling.com\/blog\/?p=6071"},"modified":"2025-10-30T20:06:03","modified_gmt":"2025-10-30T19:06:03","slug":"bmw-museum-und-bmw-welt-muenchen","status":"publish","type":"post","link":"https:\/\/www.sjs-carstyling.com\/blog\/bmw-museum-und-bmw-welt-muenchen\/","title":{"rendered":"BMW Museum und BMW Welt M\u00fcnchen"},"content":{"rendered":"\n\n<div class=\"kk-star-ratings kksr-auto kksr-align-left kksr-valign-top\"\n    data-payload='{&quot;align&quot;:&quot;left&quot;,&quot;id&quot;:&quot;6071&quot;,&quot;slug&quot;:&quot;default&quot;,&quot;valign&quot;:&quot;top&quot;,&quot;ignore&quot;:&quot;&quot;,&quot;reference&quot;:&quot;auto&quot;,&quot;class&quot;:&quot;&quot;,&quot;count&quot;:&quot;3&quot;,&quot;legendonly&quot;:&quot;&quot;,&quot;readonly&quot;:&quot;&quot;,&quot;score&quot;:&quot;5&quot;,&quot;starsonly&quot;:&quot;&quot;,&quot;best&quot;:&quot;5&quot;,&quot;gap&quot;:&quot;5&quot;,&quot;greet&quot;:&quot;Wie hat dir der Beitrag gefallen? 1= langweilig, 5= sehr interessant&quot;,&quot;legend&quot;:&quot;5\\\/5 - (3 Stimmen)&quot;,&quot;size&quot;:&quot;24&quot;,&quot;title&quot;:&quot;BMW Museum und BMW Welt M\u00fcnchen&quot;,&quot;width&quot;:&quot;142.5&quot;,&quot;_legend&quot;:&quot;{score}\\\/{best} - ({count} Stimmen)&quot;,&quot;font_factor&quot;:&quot;1.25&quot;}'>\n            \n<div class=\"kksr-stars\">\n    \n<div class=\"kksr-stars-inactive\">\n            <div class=\"kksr-star\" data-star=\"1\" style=\"padding-right: 5px\">\n            \n\n<div class=\"kksr-icon\" style=\"width: 24px; height: 24px;\"><\/div>\n        <\/div>\n            <div class=\"kksr-star\" data-star=\"2\" style=\"padding-right: 5px\">\n            \n\n<div class=\"kksr-icon\" style=\"width: 24px; height: 24px;\"><\/div>\n        <\/div>\n            <div class=\"kksr-star\" data-star=\"3\" style=\"padding-right: 5px\">\n            \n\n<div class=\"kksr-icon\" style=\"width: 24px; height: 24px;\"><\/div>\n        <\/div>\n            <div class=\"kksr-star\" data-star=\"4\" style=\"padding-right: 5px\">\n            \n\n<div class=\"kksr-icon\" style=\"width: 24px; height: 24px;\"><\/div>\n        <\/div>\n            <div class=\"kksr-star\" data-star=\"5\" style=\"padding-right: 5px\">\n            \n\n<div class=\"kksr-icon\" style=\"width: 24px; height: 24px;\"><\/div>\n        <\/div>\n    <\/div>\n    \n<div class=\"kksr-stars-active\" style=\"width: 142.5px;\">\n            <div class=\"kksr-star\" style=\"padding-right: 5px\">\n            \n\n<div class=\"kksr-icon\" style=\"width: 24px; height: 24px;\"><\/div>\n        <\/div>\n            <div class=\"kksr-star\" style=\"padding-right: 5px\">\n            \n\n<div class=\"kksr-icon\" style=\"width: 24px; height: 24px;\"><\/div>\n        <\/div>\n            <div class=\"kksr-star\" style=\"padding-right: 5px\">\n            \n\n<div class=\"kksr-icon\" style=\"width: 24px; height: 24px;\"><\/div>\n        <\/div>\n            <div class=\"kksr-star\" style=\"padding-right: 5px\">\n            \n\n<div class=\"kksr-icon\" style=\"width: 24px; height: 24px;\"><\/div>\n        <\/div>\n            <div class=\"kksr-star\" style=\"padding-right: 5px\">\n            \n\n<div class=\"kksr-icon\" style=\"width: 24px; height: 24px;\"><\/div>\n        <\/div>\n    <\/div>\n<\/div>\n                \n\n<div class=\"kksr-legend\" style=\"font-size: 19.2px;\">\n            5\/5 - (3 Stimmen)    <\/div>\n    <\/div>\n<p><span style=\"font-weight: 400;\">F\u00fcr <\/span><b>Auto- und Designliebhaber<\/b><span style=\"font-weight: 400;\"> der bayerischen Erfolgsmarke ist das <\/span><a href=\"https:\/\/www.bmw-welt.com\/de\/ausstellungen\/ausstellungen-im-bmw-museum\/uebersicht.html\"><span style=\"font-weight: 400;\">BMW Museum M\u00fcnchen<\/span><\/a><span style=\"font-weight: 400;\"> ein wahres <\/span><b>Paradies<\/b><span style=\"font-weight: 400;\">. Es verbindet \u00fcber <\/span><b>100 Jahre Markengeschichte<\/b><span style=\"font-weight: 400;\"> mit modernster Pr\u00e4sentationstechnik und <\/span><b>eindrucksvollen Exponaten<\/b><span style=\"font-weight: 400;\">. Neben der Dauerausstellung locken wechselnde Events und die benachbarte BMW Welt. <\/span><b>Wir stellen Ihnen die Highlights vor<\/b><span style=\"font-weight: 400;\">.<\/span><\/p>\n<div id=\"attachment_6079\" style=\"width: 2010px\" class=\"wp-caption alignnone\"><img decoding=\"async\" aria-describedby=\"caption-attachment-6079\" class=\"size-full wp-image-6079\" src=\"https:\/\/www.sjs-carstyling.com\/blog\/wp-content\/uploads\/2025\/10\/BMW-Museum-Welt-Muenchen-3.jpg\" alt=\"BMW Museum Welt M\u00fcnchen - 3\" width=\"2000\" height=\"991\" srcset=\"https:\/\/www.sjs-carstyling.com\/blog\/wp-content\/uploads\/2025\/10\/BMW-Museum-Welt-Muenchen-3.jpg 2000w, https:\/\/www.sjs-carstyling.com\/blog\/wp-content\/uploads\/2025\/10\/BMW-Museum-Welt-Muenchen-3-1280x634.jpg 1280w, https:\/\/www.sjs-carstyling.com\/blog\/wp-content\/uploads\/2025\/10\/BMW-Museum-Welt-Muenchen-3-980x486.jpg 980w, https:\/\/www.sjs-carstyling.com\/blog\/wp-content\/uploads\/2025\/10\/BMW-Museum-Welt-Muenchen-3-480x238.jpg 480w\" sizes=\"(min-width: 0px) and (max-width: 480px) 480px, (min-width: 481px) and (max-width: 980px) 980px, (min-width: 981px) and (max-width: 1280px) 1280px, (min-width: 1281px) 2000px, 100vw\" \/><p id=\"caption-attachment-6079\" class=\"wp-caption-text\">Die BMW-Welt von au\u00dfen. Bildquelle: 4kclips &#8211; stock.adobe.com<\/p><\/div>\n<h2><b>Wie sieht die regul\u00e4re Ausstellung im BMW Museum M\u00fcnchen aus?<\/b><\/h2>\n<p><span style=\"font-weight: 400;\">Im ikonischen Rundbau neben dem BMW-Hochhaus pr\u00e4sentiert die Marke <\/span><a href=\"https:\/\/www.sjs-carstyling.com\/BMW\"><span style=\"font-weight: 400;\">BMW<\/span><\/a><span style=\"font-weight: 400;\"> mehr als <\/span><b>125 Originalfahrzeuge<\/b><span style=\"font-weight: 400;\">, <\/span><b>Motoren<\/b><span style=\"font-weight: 400;\"> und <\/span><b>Designstudien<\/b><span style=\"font-weight: 400;\">, die sich auf eine <\/span><b>Fl\u00e4che von mehr als 4.000 Quadratmeter<\/b><span style=\"font-weight: 400;\"> erstrecken. Die Ausstellung f\u00fchrt Besucher durch die wichtigsten <\/span><b>Kapitel der Unternehmensgeschichte<\/b><span style=\"font-weight: 400;\"> und reicht von den ersten Flugmotoren \u00fcber historische Klassiker bis hin zu modernen Konzeptfahrzeugen wie dem Vision iNEXT. Jeder Bereich der <\/span><b>Dauerausstellung<\/b><span style=\"font-weight: 400;\"> ist <\/span><b>visuell und interaktiv<\/b><span style=\"font-weight: 400;\"> gestaltet, wodurch Sie bei einem Besuch einen <\/span><b>abwechslungsreichen Rundgang<\/b><span style=\"font-weight: 400;\"> genie\u00dfen und die <\/span><b>Markengeschichte hautnah erleben<\/b><span style=\"font-weight: 400;\"> k\u00f6nnen.<\/span><\/p>\n<blockquote><p><b>Weitere Ausflugstipps:<\/b><span style=\"font-weight: 400;\"> Auch das <\/span><a href=\"https:\/\/www.sjs-carstyling.com\/blog\/audi-museum-mobile-die-ausstellung-im-audi-forum-ingolstadt-im-ueberblick\/\"><span style=\"font-weight: 400;\">Audi museum mobile<\/span><\/a><span style=\"font-weight: 400;\">, das <\/span><a href=\"https:\/\/www.sjs-carstyling.com\/blog\/ausflugstipp-nationales-automuseum-the-loh-collection\/\"><span style=\"font-weight: 400;\">Nationale Automuseum<\/span><\/a><span style=\"font-weight: 400;\">, die <\/span><a href=\"https:\/\/www.sjs-carstyling.com\/blog\/autostadt-wolfsburg-reise-durch-die-welt-der-mobilitaet\/\"><span style=\"font-weight: 400;\">Autostadt Wolfsburg<\/span><\/a><span style=\"font-weight: 400;\"> und das <\/span><a href=\"https:\/\/www.sjs-carstyling.com\/blog\/rasanter-ausflugstipp-porsche-museum-stuttgart\/\"><span style=\"font-weight: 400;\">Porsche Museum Stuttgart<\/span><\/a><span style=\"font-weight: 400;\"> sind einen Besuch wert.<\/span><\/p><\/blockquote>\n<div id=\"attachment_6073\" style=\"width: 2010px\" class=\"wp-caption alignnone\"><img decoding=\"async\" aria-describedby=\"caption-attachment-6073\" class=\"size-full wp-image-6073\" src=\"https:\/\/www.sjs-carstyling.com\/blog\/wp-content\/uploads\/2025\/10\/BMW-Museum-Welt-Muenchen-4.jpg\" alt=\"BMW Museum Welt M\u00fcnchen - 4\" width=\"2000\" height=\"1333\" srcset=\"https:\/\/www.sjs-carstyling.com\/blog\/wp-content\/uploads\/2025\/10\/BMW-Museum-Welt-Muenchen-4.jpg 2000w, https:\/\/www.sjs-carstyling.com\/blog\/wp-content\/uploads\/2025\/10\/BMW-Museum-Welt-Muenchen-4-1280x853.jpg 1280w, https:\/\/www.sjs-carstyling.com\/blog\/wp-content\/uploads\/2025\/10\/BMW-Museum-Welt-Muenchen-4-980x653.jpg 980w, https:\/\/www.sjs-carstyling.com\/blog\/wp-content\/uploads\/2025\/10\/BMW-Museum-Welt-Muenchen-4-480x320.jpg 480w\" sizes=\"(min-width: 0px) and (max-width: 480px) 480px, (min-width: 481px) and (max-width: 980px) 980px, (min-width: 981px) and (max-width: 1280px) 1280px, (min-width: 1281px) 2000px, 100vw\" \/><p id=\"caption-attachment-6073\" class=\"wp-caption-text\">2025 stand der Dreier im Mittelpunkt &#8211; er feierte 50. Jubil\u00e4um &#8211; hier dessen Vorg\u00e4nger, ein 2002 &#8211; Bildquelle: lester120 &#8211; stock.adobe.com<\/p><\/div>\n<h2><b>Welche 10 Highlights sollte ich im BMW Museum M\u00fcnchen nicht verpassen?<\/b><\/h2>\n<ol>\n<li style=\"font-weight: 400;\" aria-level=\"1\"><b>BMW 328 Roadster<\/b><span style=\"font-weight: 400;\"> \u2013 eine Sportwagenlegende der 1930er<\/span><\/li>\n<li style=\"font-weight: 400;\" aria-level=\"1\"><b>BMW 507<\/b><span style=\"font-weight: 400;\"> \u2013 das wei\u00dfe Lieblingscabrio von Elvis Presley<\/span><\/li>\n<li style=\"font-weight: 400;\" aria-level=\"1\"><b>BMW M1 Procar<\/b><span style=\"font-weight: 400;\"> \u2013 eine Ikone des Motorsports<\/span><\/li>\n<li style=\"font-weight: 400;\" aria-level=\"1\"><b>Arts Car Collection<\/b><span style=\"font-weight: 400;\"> \u2013 rollende Kunstwerke, gestaltet von weltber\u00fchmten K\u00fcnstlern<\/span><\/li>\n<li style=\"font-weight: 400;\" aria-level=\"1\"><b>BMW Isetta<\/b><span style=\"font-weight: 400;\"> \u2013 die \u201eKnutschkugel\u201c der Nachkriegszeit<\/span><\/li>\n<li style=\"font-weight: 400;\" aria-level=\"1\"><b>Wasserstoff-7er<\/b><span style=\"font-weight: 400;\"> \u2013 ein Pionierprojekt f\u00fcr alternative Antriebe<\/span><\/li>\n<li style=\"font-weight: 400;\" aria-level=\"1\"><b>Designstudie Vision Next 100<\/b><span style=\"font-weight: 400;\"> \u2013 ein Blick in die Zukunft der Mobilit\u00e4t<\/span><\/li>\n<li style=\"font-weight: 400;\" aria-level=\"1\"><b>Motorrad R 32<\/b><span style=\"font-weight: 400;\"> \u2013 das erste BMW-Bike von 1923<\/span><\/li>\n<li style=\"font-weight: 400;\" aria-level=\"1\"><b>BMW Vierzylinder-Hochhaus<\/b><span style=\"font-weight: 400;\"> \u2013 ein spannendes Symbol der Marke<\/span><\/li>\n<li style=\"font-weight: 400;\" aria-level=\"1\"><b>Futuristische Licht- und Soundinszenierungen<\/b><span style=\"font-weight: 400;\">, die Sie direkt in der Ausstellungskugel erleben k\u00f6nnen<\/span><\/li>\n<\/ol>\n<blockquote><p><b>Von \u201eKnutschkugel\u201c bis Glaserati:<\/b><span style=\"font-weight: 400;\"> In einem weiteren Beitrag verraten wir Ihnen die <\/span><a href=\"https:\/\/www.sjs-carstyling.com\/blog\/die-lustigsten-auto-spitznamen-aller-zeiten-teil-i\/\"><span style=\"font-weight: 400;\">lustigsten Spitznamen,<\/span><\/a><span style=\"font-weight: 400;\"> die sich Fahrzeuge jemals eingehandelt haben. Wer m\u00f6chte, kann zudem direkt in unserem <\/span><a href=\"https:\/\/www.sjs-carstyling.com\/blog\/die-lustigsten-auto-spitznamen-aller-zeiten-teil-ii\/\"><span style=\"font-weight: 400;\">zweiten Teil<\/span><\/a><span style=\"font-weight: 400;\"> weiterlesen.<\/span><\/p><\/blockquote>\n<div id=\"attachment_6082\" style=\"width: 2010px\" class=\"wp-caption alignnone\"><img decoding=\"async\" aria-describedby=\"caption-attachment-6082\" class=\"wp-image-6082 size-full\" src=\"https:\/\/www.sjs-carstyling.com\/blog\/wp-content\/uploads\/2025\/10\/BMW-Museum-Welt-Muenchen-8.jpg\" alt=\"BMW Museum Welt M\u00fcnchen - 8\" width=\"2000\" height=\"1333\" srcset=\"https:\/\/www.sjs-carstyling.com\/blog\/wp-content\/uploads\/2025\/10\/BMW-Museum-Welt-Muenchen-8.jpg 2000w, https:\/\/www.sjs-carstyling.com\/blog\/wp-content\/uploads\/2025\/10\/BMW-Museum-Welt-Muenchen-8-1280x853.jpg 1280w, https:\/\/www.sjs-carstyling.com\/blog\/wp-content\/uploads\/2025\/10\/BMW-Museum-Welt-Muenchen-8-980x653.jpg 980w, https:\/\/www.sjs-carstyling.com\/blog\/wp-content\/uploads\/2025\/10\/BMW-Museum-Welt-Muenchen-8-480x320.jpg 480w\" sizes=\"(min-width: 0px) and (max-width: 480px) 480px, (min-width: 481px) and (max-width: 980px) 980px, (min-width: 981px) and (max-width: 1280px) 1280px, (min-width: 1281px) 2000px, 100vw\" \/><p id=\"caption-attachment-6082\" class=\"wp-caption-text\">Der BMW M1 wurde vom italienischen Designer Giugiaro gezeichnet und ist bis heute eine echte Augenweide &#8211; Belogorodov &#8211; stock.adobe.com<\/p><\/div>\n<h2><b>Welche aktuellen Events und Sonderausstellungen gibt es zurzeit im BMW Museum?<\/b><\/h2>\n<p><span style=\"font-weight: 400;\">Das Museum organisiert <\/span><b>regelm\u00e4\u00dfig wechselnde Sonderausstellungen<\/b><span style=\"font-weight: 400;\"> zu Themen wie Design, Motorsport und Nachhaltigkeit. 2025 stehen \u201e<\/span><a href=\"https:\/\/www.bmw-welt.com\/de\/ausstellungen\/ausstellungen-im-bmw-museum\/belle-macchine.html\"><span style=\"font-weight: 400;\">Belle Macchine \u2013 Italienisches Autodesign bei BMW<\/span><\/a><span style=\"font-weight: 400;\">\u201c und \u201e<\/span><a href=\"https:\/\/www.bmw-welt.com\/de\/ausstellungen\/ausstellungen-im-bmw-museum\/bmw-art-cars.html\"><span style=\"font-weight: 400;\">BMW Arts Cars<\/span><\/a><span style=\"font-weight: 400;\">\u201c im Mittelpunkt. Ersteres verbindet <\/span><b>italienisches Design mit deutscher Ingenieurskunst<\/b><span style=\"font-weight: 400;\">, w\u00e4hrend zweiteres <\/span><b>Design und Motorsport <\/b><span style=\"font-weight: 400;\">verbindet.<\/span><\/p>\n<blockquote><p><b>Im Detail:<\/b><span style=\"font-weight: 400;\"> \u00dcber <\/span><a href=\"https:\/\/www.sjs-carstyling.com\/blog\/autodesign-im-wandel-von-heckflosse-bis-retro-elektro\/\"><span style=\"font-weight: 400;\">Autodesign im Wandel der Zeit<\/span><\/a><span style=\"font-weight: 400;\"> haben wir uns gemeinsam mit Christopher Reim Gedanken gemacht. Au\u00dferdem stellen wir Ihnen in einem weiteren Beitrag <\/span><a href=\"https:\/\/www.sjs-carstyling.com\/blog\/die-sieben-genialsten-autodesigns-von-giugiaro\/\"><span style=\"font-weight: 400;\">die sieben genialsten Autodesigns von Giorgetto Giugiaro<\/span><\/a><span style=\"font-weight: 400;\"> vor.<\/span><\/p><\/blockquote>\n<p><span style=\"font-weight: 400;\">Neben diesen Sonderausstellungen gibt es im BMW Museum <\/span><b>regelm\u00e4\u00dfig F\u00fchrungen, Workshops und Events<\/b><span style=\"font-weight: 400;\">. Letztere reichen <\/span><b>von Pop Up Yoga \u00fcber SIM-Racing bis hin zum Candlelight-Konzert<\/b><span style=\"font-weight: 400;\">. <\/span><a href=\"https:\/\/www.bmw-welt.com\/de\/workshops-und-unterhaltung\/veranstaltungen\/uebersicht.html\"><span style=\"font-weight: 400;\">Aktuelle Events<\/span><\/a><span style=\"font-weight: 400;\"> lassen sich rund ums Jahr auf der Website des BMW Museums M\u00fcnchen einsehen, sodass Sie <\/span><b>nichts Interessantes verpassen<\/b><span style=\"font-weight: 400;\">.<\/span><\/p>\n<p><iframe title=\"Mit Stil: BMW 507 von Elvis Presley | Motor mobil\" width=\"1080\" height=\"608\" src=\"https:\/\/www.youtube.com\/embed\/6CqkXInmX3w?feature=oembed\"  allow=\"accelerometer; autoplay; clipboard-write; encrypted-media; gyroscope; picture-in-picture; web-share\" referrerpolicy=\"strict-origin-when-cross-origin\" allowfullscreen><\/iframe><\/p>\n<h2><b>Was ist die BMW Welt und l\u00e4sst sie sich mit dem BMW Museum kombinieren?<\/b><\/h2>\n<p><span style=\"font-weight: 400;\">Die <\/span><a href=\"https:\/\/www.bmw-welt.com\/de\/index.html\"><span style=\"font-weight: 400;\">BMW Welt<\/span><\/a><span style=\"font-weight: 400;\"> versteht sich als <\/span><b>modernes Schaufenster der Marke<\/b><span style=\"font-weight: 400;\"> und liegt direkt gegen\u00fcber dem BMW Museum. Mit der <\/span><b>gl\u00e4sernen und geschwungenen Konstruktion<\/b><span style=\"font-weight: 400;\"> pr\u00e4sentiert sich die BMW Welt als <\/span><b>architektonisches Highlight<\/b><span style=\"font-weight: 400;\"> und erg\u00e4nzt das Museum optimal. W\u00e4hrend dieses die Historie der BMW Group Classic erz\u00e4hlt, visualisiert die BMW Welt die <\/span><b>Gegenwart und Zukunft der Marke<\/b><span style=\"font-weight: 400;\"> \u2013 mit aktuellen Modellen von BMW, MINI, Rolls-Royce und BMW-Motorrad.<\/span><\/p>\n<div id=\"attachment_6078\" style=\"width: 2010px\" class=\"wp-caption alignnone\"><img decoding=\"async\" aria-describedby=\"caption-attachment-6078\" class=\"size-full wp-image-6078\" src=\"https:\/\/www.sjs-carstyling.com\/blog\/wp-content\/uploads\/2025\/10\/BMW-Museum-Welt-Muenchen-2.jpg\" alt=\"BMW Museum Welt M\u00fcnchen - 2\" width=\"2000\" height=\"1334\" srcset=\"https:\/\/www.sjs-carstyling.com\/blog\/wp-content\/uploads\/2025\/10\/BMW-Museum-Welt-Muenchen-2.jpg 2000w, https:\/\/www.sjs-carstyling.com\/blog\/wp-content\/uploads\/2025\/10\/BMW-Museum-Welt-Muenchen-2-1280x854.jpg 1280w, https:\/\/www.sjs-carstyling.com\/blog\/wp-content\/uploads\/2025\/10\/BMW-Museum-Welt-Muenchen-2-980x654.jpg 980w, https:\/\/www.sjs-carstyling.com\/blog\/wp-content\/uploads\/2025\/10\/BMW-Museum-Welt-Muenchen-2-480x320.jpg 480w\" sizes=\"(min-width: 0px) and (max-width: 480px) 480px, (min-width: 481px) and (max-width: 980px) 980px, (min-width: 981px) and (max-width: 1280px) 1280px, (min-width: 1281px) 2000px, 100vw\" \/><p id=\"caption-attachment-6078\" class=\"wp-caption-text\">Und die BMW-Welt von innen&#8230; Bildquelle: Mike Mareen &#8211; stock.adobe.com<\/p><\/div>\n<p><span style=\"font-weight: 400;\">Zu den <\/span><b>Highlights<\/b><span style=\"font-weight: 400;\"> geh\u00f6ren die <\/span><b>Fahrzeugabholung in feierlicher Atmosph\u00e4re<\/b><span style=\"font-weight: 400;\">, wechselnde <\/span><b>Ausstellungen zu Innovation, Design und Elektromobilit\u00e4t<\/b><span style=\"font-weight: 400;\"> und der <\/span><b>Junior Campus<\/b><span style=\"font-weight: 400;\"> f\u00fcr Kinder und Familien. Auch die <\/span><b>Gastronomie<\/b><span style=\"font-weight: 400;\"> kann sich sehen lassen und verf\u00fcgt beispielsweise \u00fcber das <\/span><b>Restaurant \u201eEssZimmer by K\u00e4fer\u201c<\/b><span style=\"font-weight: 400;\">.<\/span><\/p>\n<blockquote><p><b>Gut zu wissen:<\/b><span style=\"font-weight: 400;\"> Die <a href=\"https:\/\/de.wikipedia.org\/wiki\/BMW\" target=\"_blank\" rel=\"noopener\">BMW<\/a> Welt ist montags bis samstags und an Feiertagen von 09:00 bis 18:00 Uhr ge\u00f6ffnet. Das Parkhaus ist montags bis samstags von 07:30 bis 24 Uhr ge\u00f6ffnet sowie an Feiertagen von 09:00 bis 24:00 Uhr.<\/span><\/p><\/blockquote>\n<div id=\"attachment_6076\" style=\"width: 2010px\" class=\"wp-caption alignnone\"><img decoding=\"async\" aria-describedby=\"caption-attachment-6076\" class=\"size-full wp-image-6076\" src=\"https:\/\/www.sjs-carstyling.com\/blog\/wp-content\/uploads\/2025\/10\/BMW-Museum-Welt-Muenchen-7.jpg\" alt=\"BMW Museum Welt M\u00fcnchen - 7\" width=\"2000\" height=\"1500\" srcset=\"https:\/\/www.sjs-carstyling.com\/blog\/wp-content\/uploads\/2025\/10\/BMW-Museum-Welt-Muenchen-7.jpg 2000w, https:\/\/www.sjs-carstyling.com\/blog\/wp-content\/uploads\/2025\/10\/BMW-Museum-Welt-Muenchen-7-1280x960.jpg 1280w, https:\/\/www.sjs-carstyling.com\/blog\/wp-content\/uploads\/2025\/10\/BMW-Museum-Welt-Muenchen-7-980x735.jpg 980w, https:\/\/www.sjs-carstyling.com\/blog\/wp-content\/uploads\/2025\/10\/BMW-Museum-Welt-Muenchen-7-480x360.jpg 480w\" sizes=\"(min-width: 0px) and (max-width: 480px) 480px, (min-width: 481px) and (max-width: 980px) 980px, (min-width: 981px) and (max-width: 1280px) 1280px, (min-width: 1281px) 2000px, 100vw\" \/><p id=\"caption-attachment-6076\" class=\"wp-caption-text\">Mit Flugzeugmotoren fing bei BMW alles an&#8230; Bildquelle: littlemagic &#8211; stock.adobe.com<\/p><\/div>\n<h2><b>Was sollte ich vor einem Besuch im BMW Museum und in der BMW Welt wissen?<\/b><\/h2>\n<ul>\n<li><b>Lage:<\/b><span style=\"font-weight: 400;\"> Das BMW Museum liegt direkt am Olympiapark M\u00fcnchen und ist per Auto und U-Bahn erreichbar.<\/span><\/li>\n<li><b>\u00d6ffnungszeiten:<\/b><span style=\"font-weight: 400;\"> Das Museum ist dienstags bis sonntags jeweils von 10:00 bis 18:00 Uhr ge\u00f6ffnet. Montag ist Ruhetag.<\/span><\/li>\n<li><b>Dauer:<\/b><span style=\"font-weight: 400;\"> F\u00fcr Ihren Besuch im Museum sollten Sie zwischen zwei und drei Stunden einplanen. F\u00fcr die BMW Welt ist ein halber Tag empfehlenswert.<\/span><\/li>\n<li><b>Tickets:<\/b><span style=\"font-weight: 400;\"> Am Wochenende lohnt es sich, Tickets online zu kaufen, um lange Wartezeiten zu vermeiden.<\/span><\/li>\n<li><b>Gut zu wissen:<\/b><span style=\"font-weight: 400;\"> Vor Ort ist keine Barzahlung m\u00f6glich.<\/span><\/li>\n<\/ul>\n<blockquote><p><span style=\"font-weight: 400;\">F\u00fcr das BMW Museum M\u00fcnchen und die BMW Welt gibt es au\u00dferdem <\/span><b>verschiedene Tickets<\/b><span style=\"font-weight: 400;\">, die von <\/span><b>Erwachsenen<\/b><span style=\"font-weight: 400;\"> und <\/span><b>Gruppen<\/b><span style=\"font-weight: 400;\"> bis hin zu <\/span><b>Familienkarten<\/b><span style=\"font-weight: 400;\"> und <\/span><b>Erm\u00e4\u00dfigten<\/b><span style=\"font-weight: 400;\"> reichen. Sie k\u00f6nnen die Tickets entweder <\/span><b>vor Ort erwerben<\/b><span style=\"font-weight: 400;\"> oder <\/span><a href=\"https:\/\/tkts.bmw-welt.com\/de\"><span style=\"font-weight: 400;\">direkt online buchen<\/span><\/a><span style=\"font-weight: 400;\">. Wer online bucht, vermeidet Wartezeiten und kann sich direkt durch alle F\u00fchrungen und Sonderangebote klicken.<\/span><\/p><\/blockquote>\n<p><iframe title=\"BMW Welt - Museum -  Headquarters | Munich, Germany Company Factory\" width=\"1080\" height=\"608\" src=\"https:\/\/www.youtube.com\/embed\/UYcn96nTZhk?feature=oembed\"  allow=\"accelerometer; autoplay; clipboard-write; encrypted-media; gyroscope; picture-in-picture; web-share\" referrerpolicy=\"strict-origin-when-cross-origin\" allowfullscreen><\/iframe><\/p>\n<h2><b>SJS-Carstyling: ob Mercedes oder BMW &#8211; wir sind f\u00fcr Ihr Sch\u00e4tzchen da!<\/b><\/h2>\n<p><span style=\"font-weight: 400;\">Egal, ob <\/span><a href=\"https:\/\/www.sjs-carstyling.com\/blog\/bmw-e39-ein-youngtimer-mit-zeitloser-eleganz\/\"><span style=\"font-weight: 400;\">BMW E39<\/span><\/a><span style=\"font-weight: 400;\">, <\/span><a href=\"https:\/\/www.sjs-carstyling.com\/blog\/porsche-928-der-gran-turismo-der-80er\/\"><span style=\"font-weight: 400;\">Porsche 928<\/span><\/a><span style=\"font-weight: 400;\"> oder <\/span><a href=\"https:\/\/www.sjs-carstyling.com\/blog\/w124-die-erste-mercedes-benz-e-klasse-im-portraet\/\"><span style=\"font-weight: 400;\">W124<\/span><\/a><span style=\"font-weight: 400;\"> \u2013 <\/span><b>jeder Oldtimer verdient eine sorgf\u00e4ltige und regelm\u00e4\u00dfige Pflege<\/b><span style=\"font-weight: 400;\">. Nicht nur, wenn er in einem Museum steht, sondern auch wenn Sie ihn Ihr Eigen nennen. Damit Sie <\/span><b>Ihr automobiles Sch\u00e4tzchen optimal pflegen<\/b><span style=\"font-weight: 400;\"> k\u00f6nnen, finden Sie bei <\/span><a href=\"https:\/\/www.sjs-carstyling.com\/\"><span style=\"font-weight: 400;\">SJS-Carstyling<\/span><\/a><span style=\"font-weight: 400;\"> (fast) alles, was Sie f\u00fcr die <\/span><b>Oldtimerpflege<\/b><span style=\"font-weight: 400;\"> brauchen \u2013 von <\/span><a href=\"https:\/\/www.sjs-carstyling.com\/Innenausstattung\"><span style=\"font-weight: 400;\">Interieur<\/span><\/a><span style=\"font-weight: 400;\"> und <\/span><a href=\"https:\/\/www.sjs-carstyling.com\/Exterieur\"><span style=\"font-weight: 400;\">Exterieur<\/span><\/a><span style=\"font-weight: 400;\"> \u00fcber <\/span><a href=\"https:\/\/www.sjs-carstyling.com\/Felgen-Reifen\"><span style=\"font-weight: 400;\">Reifen und Felgen<\/span><\/a><span style=\"font-weight: 400;\"> bis hin zu <\/span><a href=\"https:\/\/www.sjs-carstyling.com\/blog\/autosattlerei-berlin\/\"><span style=\"font-weight: 400;\">erstklassigen Sattlerarbeiten<\/span><\/a><span style=\"font-weight: 400;\">.<\/span><\/p>\n<p>Und selbstverst\u00e4ndlich finden Sie bei uns auch <strong>eine gro\u00dfe Auswahl an hochwertigen <a href=\"https:\/\/www.sjs-carstyling.com\/search\/?qs=bmw\">BMW-Ersatzeilen<\/a><\/strong> &#8211; zu echt fairen Preisen.<\/p>\n<p><span style=\"font-weight: 400;\">Auf unserem <\/span><a href=\"https:\/\/www.sjs-carstyling.com\/blog\/\"><span style=\"font-weight: 400;\">exklusiven Oldtimerblog<\/span><\/a><span style=\"font-weight: 400;\"> informieren wir Sie au\u00dferdem \u00fcber <\/span><b>spannende News aus der Oldtimerwelt<\/b><span style=\"font-weight: 400;\"> und teilen mit Ihnen <\/span><b>fundiertes Fachwissen<\/b><span style=\"font-weight: 400;\"> \u2013 von den <\/span><a href=\"https:\/\/www.sjs-carstyling.com\/blog\/die-sieben-coolsten-instagram-oldtimer-auftritte\/\"><span style=\"font-weight: 400;\">sieben coolsten Oldtimerauftritten bei Instagram<\/span><\/a><span style=\"font-weight: 400;\"> \u00fcber <\/span><a href=\"https:\/\/www.sjs-carstyling.com\/blog\/10-lifehacks-zum-thema-kabelbaeume\/\"><span style=\"font-weight: 400;\">zehn Lifehacks f\u00fcr Kabelb\u00e4ume<\/span><\/a><span style=\"font-weight: 400;\"> bis hin zur <\/span><a href=\"https:\/\/www.sjs-carstyling.com\/blog\/alte-reifen-umrechnen-umrechnung-der-reifengroesse-mit-umruesttabelle\/\"><span style=\"font-weight: 400;\">Umrechnung alter Reifen<\/span><\/a><span style=\"font-weight: 400;\">.<\/span><\/p>\n<hr \/>\n<p>Bildquelle Titelbild: a_medvedkov &#8211; stock.adobe.com<\/p>\n","protected":false},"excerpt":{"rendered":"<p>F\u00fcr Auto- und Designliebhaber der bayerischen Erfolgsmarke ist das BMW Museum M\u00fcnchen ein wahres Paradies. Es verbindet \u00fcber 100 Jahre Markengeschichte mit modernster Pr\u00e4sentationstechnik und eindrucksvollen Exponaten. Neben der Dauerausstellung locken wechselnde Events und die benachbarte BMW Welt. Wir stellen Ihnen die Highlights vor. Wie sieht die regul\u00e4re Ausstellung im BMW Museum M\u00fcnchen aus? Im [&hellip;]<\/p>\n","protected":false},"author":7,"featured_media":6075,"comment_status":"open","ping_status":"open","sticky":false,"template":"","format":"standard","meta":{"_et_pb_use_builder":"","_et_pb_old_content":"","_et_gb_content_width":"","footnotes":""},"categories":[39],"tags":[908,903,904,906,907,909,905],"class_list":["post-6071","post","type-post","status-publish","format-standard","has-post-thumbnail","hentry","category-oldtimer-museen","tag-bmw-muenchen","tag-bmw-museum","tag-bmw-museum-muenchen","tag-bmw-museum-tickets","tag-bmw-welt","tag-bmw-welt-muenchen","tag-muenchen-bmw-museum"],"yoast_head":"<!-- This site is optimized with the Yoast SEO plugin v27.5 - https:\/\/yoast.com\/product\/yoast-seo-wordpress\/ -->\n<title>BMW Museum M\u00fcnchen | Zwischen Geschichte und Zukunft<\/title>\n<meta name=\"description\" content=\"Das BMW Museum M\u00fcnchen pr\u00e4sentiert die Geschichte der Marke und zahlreiche, eindrucksvolle Exponate. Wir verraten Ihnen die Highlights.\" \/>\n<meta name=\"robots\" content=\"index, follow, max-snippet:-1, max-image-preview:large, max-video-preview:-1\" \/>\n<link rel=\"canonical\" href=\"https:\/\/www.sjs-carstyling.com\/blog\/bmw-museum-und-bmw-welt-muenchen\/\" \/>\n<meta property=\"og:locale\" content=\"de_DE\" \/>\n<meta property=\"og:type\" content=\"article\" \/>\n<meta property=\"og:title\" content=\"BMW Museum M\u00fcnchen | Zwischen Geschichte und Zukunft\" \/>\n<meta property=\"og:description\" content=\"Das BMW Museum M\u00fcnchen pr\u00e4sentiert die Geschichte der Marke und zahlreiche, eindrucksvolle Exponate. Wir verraten Ihnen die Highlights.\" \/>\n<meta property=\"og:url\" content=\"https:\/\/www.sjs-carstyling.com\/blog\/bmw-museum-und-bmw-welt-muenchen\/\" \/>\n<meta property=\"og:site_name\" content=\"SJS Carstyling Oldtimer Magazin\" \/>\n<meta property=\"article:published_time\" content=\"2025-10-26T23:10:04+00:00\" \/>\n<meta property=\"article:modified_time\" content=\"2025-10-30T19:06:03+00:00\" \/>\n<meta property=\"og:image\" content=\"https:\/\/www.sjs-carstyling.com\/blog\/wp-content\/uploads\/2025\/10\/BMW-Museum-Welt-Muenchen-6.jpg\" \/>\n\t<meta property=\"og:image:width\" content=\"2000\" \/>\n\t<meta property=\"og:image:height\" content=\"1333\" \/>\n\t<meta property=\"og:image:type\" content=\"image\/jpeg\" \/>\n<meta name=\"author\" content=\"Jennifer Nagel\" \/>\n<meta name=\"twitter:card\" content=\"summary_large_image\" \/>\n<meta name=\"twitter:label1\" content=\"Verfasst von\" \/>\n\t<meta name=\"twitter:data1\" content=\"Jennifer Nagel\" \/>\n\t<meta name=\"twitter:label2\" content=\"Gesch\u00e4tzte Lesezeit\" \/>\n\t<meta name=\"twitter:data2\" content=\"6\u00a0Minuten\" \/>\n<script type=\"application\/ld+json\" class=\"yoast-schema-graph\">{\"@context\":\"https:\\\/\\\/schema.org\",\"@graph\":[{\"@type\":\"Article\",\"@id\":\"https:\\\/\\\/www.sjs-carstyling.com\\\/blog\\\/bmw-museum-und-bmw-welt-muenchen\\\/#article\",\"isPartOf\":{\"@id\":\"https:\\\/\\\/www.sjs-carstyling.com\\\/blog\\\/bmw-museum-und-bmw-welt-muenchen\\\/\"},\"author\":{\"name\":\"Jennifer Nagel\",\"@id\":\"https:\\\/\\\/www.sjs-carstyling.com\\\/blog\\\/#\\\/schema\\\/person\\\/332a47a414a4b472319d5e770d80d8b6\"},\"headline\":\"BMW Museum und BMW Welt M\u00fcnchen\",\"datePublished\":\"2025-10-26T23:10:04+00:00\",\"dateModified\":\"2025-10-30T19:06:03+00:00\",\"mainEntityOfPage\":{\"@id\":\"https:\\\/\\\/www.sjs-carstyling.com\\\/blog\\\/bmw-museum-und-bmw-welt-muenchen\\\/\"},\"wordCount\":1036,\"commentCount\":0,\"image\":{\"@id\":\"https:\\\/\\\/www.sjs-carstyling.com\\\/blog\\\/bmw-museum-und-bmw-welt-muenchen\\\/#primaryimage\"},\"thumbnailUrl\":\"https:\\\/\\\/www.sjs-carstyling.com\\\/blog\\\/wp-content\\\/uploads\\\/2025\\\/10\\\/BMW-Museum-Welt-Muenchen-6.jpg\",\"keywords\":[\"BMW M\u00fcnchen\",\"BMW Museum\",\"BMW Museum M\u00fcnchen\",\"BMW Museum Tickets\",\"BMW Welt\",\"BMW Welt M\u00fcnchen\",\"M\u00fcnchen BMW Museum\"],\"articleSection\":[\"Oldtimer-Museen\"],\"inLanguage\":\"de\",\"potentialAction\":[{\"@type\":\"CommentAction\",\"name\":\"Comment\",\"target\":[\"https:\\\/\\\/www.sjs-carstyling.com\\\/blog\\\/bmw-museum-und-bmw-welt-muenchen\\\/#respond\"]}]},{\"@type\":\"WebPage\",\"@id\":\"https:\\\/\\\/www.sjs-carstyling.com\\\/blog\\\/bmw-museum-und-bmw-welt-muenchen\\\/\",\"url\":\"https:\\\/\\\/www.sjs-carstyling.com\\\/blog\\\/bmw-museum-und-bmw-welt-muenchen\\\/\",\"name\":\"BMW Museum M\u00fcnchen | Zwischen Geschichte und Zukunft\",\"isPartOf\":{\"@id\":\"https:\\\/\\\/www.sjs-carstyling.com\\\/blog\\\/#website\"},\"primaryImageOfPage\":{\"@id\":\"https:\\\/\\\/www.sjs-carstyling.com\\\/blog\\\/bmw-museum-und-bmw-welt-muenchen\\\/#primaryimage\"},\"image\":{\"@id\":\"https:\\\/\\\/www.sjs-carstyling.com\\\/blog\\\/bmw-museum-und-bmw-welt-muenchen\\\/#primaryimage\"},\"thumbnailUrl\":\"https:\\\/\\\/www.sjs-carstyling.com\\\/blog\\\/wp-content\\\/uploads\\\/2025\\\/10\\\/BMW-Museum-Welt-Muenchen-6.jpg\",\"datePublished\":\"2025-10-26T23:10:04+00:00\",\"dateModified\":\"2025-10-30T19:06:03+00:00\",\"author\":{\"@id\":\"https:\\\/\\\/www.sjs-carstyling.com\\\/blog\\\/#\\\/schema\\\/person\\\/332a47a414a4b472319d5e770d80d8b6\"},\"description\":\"Das BMW Museum M\u00fcnchen pr\u00e4sentiert die Geschichte der Marke und zahlreiche, eindrucksvolle Exponate. Wir verraten Ihnen die Highlights.\",\"inLanguage\":\"de\",\"potentialAction\":[{\"@type\":\"ReadAction\",\"target\":[\"https:\\\/\\\/www.sjs-carstyling.com\\\/blog\\\/bmw-museum-und-bmw-welt-muenchen\\\/\"]}]},{\"@type\":\"ImageObject\",\"inLanguage\":\"de\",\"@id\":\"https:\\\/\\\/www.sjs-carstyling.com\\\/blog\\\/bmw-museum-und-bmw-welt-muenchen\\\/#primaryimage\",\"url\":\"https:\\\/\\\/www.sjs-carstyling.com\\\/blog\\\/wp-content\\\/uploads\\\/2025\\\/10\\\/BMW-Museum-Welt-Muenchen-6.jpg\",\"contentUrl\":\"https:\\\/\\\/www.sjs-carstyling.com\\\/blog\\\/wp-content\\\/uploads\\\/2025\\\/10\\\/BMW-Museum-Welt-Muenchen-6.jpg\",\"width\":2000,\"height\":1333,\"caption\":\"Bildquelle: a_medvedkov - stock.adobe.com\"},{\"@type\":\"WebSite\",\"@id\":\"https:\\\/\\\/www.sjs-carstyling.com\\\/blog\\\/#website\",\"url\":\"https:\\\/\\\/www.sjs-carstyling.com\\\/blog\\\/\",\"name\":\"SJS Carstyling Oldtimer Magazin\",\"description\":\"Der Blog rund um das liebste Fahrzeug: finde Oldtimer-News, Modellvergleiche, Event-Hinweise und vieles mehr!\",\"potentialAction\":[{\"@type\":\"SearchAction\",\"target\":{\"@type\":\"EntryPoint\",\"urlTemplate\":\"https:\\\/\\\/www.sjs-carstyling.com\\\/blog\\\/?s={search_term_string}\"},\"query-input\":{\"@type\":\"PropertyValueSpecification\",\"valueRequired\":true,\"valueName\":\"search_term_string\"}}],\"inLanguage\":\"de\"},{\"@type\":\"Person\",\"@id\":\"https:\\\/\\\/www.sjs-carstyling.com\\\/blog\\\/#\\\/schema\\\/person\\\/332a47a414a4b472319d5e770d80d8b6\",\"name\":\"Jennifer Nagel\",\"image\":{\"@type\":\"ImageObject\",\"inLanguage\":\"de\",\"@id\":\"https:\\\/\\\/secure.gravatar.com\\\/avatar\\\/41e24e4fa721570a85d358a674d8a182b434d7f2e24660c53d8dbbacf2214157?s=96&d=mm&r=g\",\"url\":\"https:\\\/\\\/secure.gravatar.com\\\/avatar\\\/41e24e4fa721570a85d358a674d8a182b434d7f2e24660c53d8dbbacf2214157?s=96&d=mm&r=g\",\"contentUrl\":\"https:\\\/\\\/secure.gravatar.com\\\/avatar\\\/41e24e4fa721570a85d358a674d8a182b434d7f2e24660c53d8dbbacf2214157?s=96&d=mm&r=g\",\"caption\":\"Jennifer Nagel\"},\"description\":\"Jennifer ist Vielfahrerin und liebt es, bei guter Musik \u00fcber den Asphalt zu rollen. Besonders heimisch f\u00fchlt sie sich auf den Autobahnen rund um Mannheim und Frankfurt. Ihr Herz geh\u00f6rt ihrem Ford Fiesta, der sie zuverl\u00e4ssig an jedes Ziel bringt. Wenn sie nicht gerade im Auto sitzt, schreibt sie mit Freude \u00fcber alles, was vier R\u00e4der hat.\",\"url\":\"https:\\\/\\\/www.sjs-carstyling.com\\\/blog\\\/author\\\/jennifer\\\/\"}]}<\/script>\n<!-- \/ Yoast SEO plugin. -->","yoast_head_json":{"title":"BMW Museum M\u00fcnchen | Zwischen Geschichte und Zukunft","description":"Das BMW Museum M\u00fcnchen pr\u00e4sentiert die Geschichte der Marke und zahlreiche, eindrucksvolle Exponate. Wir verraten Ihnen die Highlights.","robots":{"index":"index","follow":"follow","max-snippet":"max-snippet:-1","max-image-preview":"max-image-preview:large","max-video-preview":"max-video-preview:-1"},"canonical":"https:\/\/www.sjs-carstyling.com\/blog\/bmw-museum-und-bmw-welt-muenchen\/","og_locale":"de_DE","og_type":"article","og_title":"BMW Museum M\u00fcnchen | Zwischen Geschichte und Zukunft","og_description":"Das BMW Museum M\u00fcnchen pr\u00e4sentiert die Geschichte der Marke und zahlreiche, eindrucksvolle Exponate. Wir verraten Ihnen die Highlights.","og_url":"https:\/\/www.sjs-carstyling.com\/blog\/bmw-museum-und-bmw-welt-muenchen\/","og_site_name":"SJS Carstyling Oldtimer Magazin","article_published_time":"2025-10-26T23:10:04+00:00","article_modified_time":"2025-10-30T19:06:03+00:00","og_image":[{"width":2000,"height":1333,"url":"https:\/\/www.sjs-carstyling.com\/blog\/wp-content\/uploads\/2025\/10\/BMW-Museum-Welt-Muenchen-6.jpg","type":"image\/jpeg"}],"author":"Jennifer Nagel","twitter_card":"summary_large_image","twitter_misc":{"Verfasst von":"Jennifer Nagel","Gesch\u00e4tzte Lesezeit":"6\u00a0Minuten"},"schema":{"@context":"https:\/\/schema.org","@graph":[{"@type":"Article","@id":"https:\/\/www.sjs-carstyling.com\/blog\/bmw-museum-und-bmw-welt-muenchen\/#article","isPartOf":{"@id":"https:\/\/www.sjs-carstyling.com\/blog\/bmw-museum-und-bmw-welt-muenchen\/"},"author":{"name":"Jennifer Nagel","@id":"https:\/\/www.sjs-carstyling.com\/blog\/#\/schema\/person\/332a47a414a4b472319d5e770d80d8b6"},"headline":"BMW Museum und BMW Welt M\u00fcnchen","datePublished":"2025-10-26T23:10:04+00:00","dateModified":"2025-10-30T19:06:03+00:00","mainEntityOfPage":{"@id":"https:\/\/www.sjs-carstyling.com\/blog\/bmw-museum-und-bmw-welt-muenchen\/"},"wordCount":1036,"commentCount":0,"image":{"@id":"https:\/\/www.sjs-carstyling.com\/blog\/bmw-museum-und-bmw-welt-muenchen\/#primaryimage"},"thumbnailUrl":"https:\/\/www.sjs-carstyling.com\/blog\/wp-content\/uploads\/2025\/10\/BMW-Museum-Welt-Muenchen-6.jpg","keywords":["BMW M\u00fcnchen","BMW Museum","BMW Museum M\u00fcnchen","BMW Museum Tickets","BMW Welt","BMW Welt M\u00fcnchen","M\u00fcnchen BMW Museum"],"articleSection":["Oldtimer-Museen"],"inLanguage":"de","potentialAction":[{"@type":"CommentAction","name":"Comment","target":["https:\/\/www.sjs-carstyling.com\/blog\/bmw-museum-und-bmw-welt-muenchen\/#respond"]}]},{"@type":"WebPage","@id":"https:\/\/www.sjs-carstyling.com\/blog\/bmw-museum-und-bmw-welt-muenchen\/","url":"https:\/\/www.sjs-carstyling.com\/blog\/bmw-museum-und-bmw-welt-muenchen\/","name":"BMW Museum M\u00fcnchen | Zwischen Geschichte und Zukunft","isPartOf":{"@id":"https:\/\/www.sjs-carstyling.com\/blog\/#website"},"primaryImageOfPage":{"@id":"https:\/\/www.sjs-carstyling.com\/blog\/bmw-museum-und-bmw-welt-muenchen\/#primaryimage"},"image":{"@id":"https:\/\/www.sjs-carstyling.com\/blog\/bmw-museum-und-bmw-welt-muenchen\/#primaryimage"},"thumbnailUrl":"https:\/\/www.sjs-carstyling.com\/blog\/wp-content\/uploads\/2025\/10\/BMW-Museum-Welt-Muenchen-6.jpg","datePublished":"2025-10-26T23:10:04+00:00","dateModified":"2025-10-30T19:06:03+00:00","author":{"@id":"https:\/\/www.sjs-carstyling.com\/blog\/#\/schema\/person\/332a47a414a4b472319d5e770d80d8b6"},"description":"Das BMW Museum M\u00fcnchen pr\u00e4sentiert die Geschichte der Marke und zahlreiche, eindrucksvolle Exponate. Wir verraten Ihnen die Highlights.","inLanguage":"de","potentialAction":[{"@type":"ReadAction","target":["https:\/\/www.sjs-carstyling.com\/blog\/bmw-museum-und-bmw-welt-muenchen\/"]}]},{"@type":"ImageObject","inLanguage":"de","@id":"https:\/\/www.sjs-carstyling.com\/blog\/bmw-museum-und-bmw-welt-muenchen\/#primaryimage","url":"https:\/\/www.sjs-carstyling.com\/blog\/wp-content\/uploads\/2025\/10\/BMW-Museum-Welt-Muenchen-6.jpg","contentUrl":"https:\/\/www.sjs-carstyling.com\/blog\/wp-content\/uploads\/2025\/10\/BMW-Museum-Welt-Muenchen-6.jpg","width":2000,"height":1333,"caption":"Bildquelle: a_medvedkov - stock.adobe.com"},{"@type":"WebSite","@id":"https:\/\/www.sjs-carstyling.com\/blog\/#website","url":"https:\/\/www.sjs-carstyling.com\/blog\/","name":"SJS Carstyling Oldtimer Magazin","description":"Der Blog rund um das liebste Fahrzeug: finde Oldtimer-News, Modellvergleiche, Event-Hinweise und vieles mehr!","potentialAction":[{"@type":"SearchAction","target":{"@type":"EntryPoint","urlTemplate":"https:\/\/www.sjs-carstyling.com\/blog\/?s={search_term_string}"},"query-input":{"@type":"PropertyValueSpecification","valueRequired":true,"valueName":"search_term_string"}}],"inLanguage":"de"},{"@type":"Person","@id":"https:\/\/www.sjs-carstyling.com\/blog\/#\/schema\/person\/332a47a414a4b472319d5e770d80d8b6","name":"Jennifer Nagel","image":{"@type":"ImageObject","inLanguage":"de","@id":"https:\/\/secure.gravatar.com\/avatar\/41e24e4fa721570a85d358a674d8a182b434d7f2e24660c53d8dbbacf2214157?s=96&d=mm&r=g","url":"https:\/\/secure.gravatar.com\/avatar\/41e24e4fa721570a85d358a674d8a182b434d7f2e24660c53d8dbbacf2214157?s=96&d=mm&r=g","contentUrl":"https:\/\/secure.gravatar.com\/avatar\/41e24e4fa721570a85d358a674d8a182b434d7f2e24660c53d8dbbacf2214157?s=96&d=mm&r=g","caption":"Jennifer Nagel"},"description":"Jennifer ist Vielfahrerin und liebt es, bei guter Musik \u00fcber den Asphalt zu rollen. Besonders heimisch f\u00fchlt sie sich auf den Autobahnen rund um Mannheim und Frankfurt. Ihr Herz geh\u00f6rt ihrem Ford Fiesta, der sie zuverl\u00e4ssig an jedes Ziel bringt. Wenn sie nicht gerade im Auto sitzt, schreibt sie mit Freude \u00fcber alles, was vier R\u00e4der hat.","url":"https:\/\/www.sjs-carstyling.com\/blog\/author\/jennifer\/"}]}},"_links":{"self":[{"href":"https:\/\/www.sjs-carstyling.com\/blog\/wp-json\/wp\/v2\/posts\/6071","targetHints":{"allow":["GET"]}}],"collection":[{"href":"https:\/\/www.sjs-carstyling.com\/blog\/wp-json\/wp\/v2\/posts"}],"about":[{"href":"https:\/\/www.sjs-carstyling.com\/blog\/wp-json\/wp\/v2\/types\/post"}],"author":[{"embeddable":true,"href":"https:\/\/www.sjs-carstyling.com\/blog\/wp-json\/wp\/v2\/users\/7"}],"replies":[{"embeddable":true,"href":"https:\/\/www.sjs-carstyling.com\/blog\/wp-json\/wp\/v2\/comments?post=6071"}],"version-history":[{"count":7,"href":"https:\/\/www.sjs-carstyling.com\/blog\/wp-json\/wp\/v2\/posts\/6071\/revisions"}],"predecessor-version":[{"id":6088,"href":"https:\/\/www.sjs-carstyling.com\/blog\/wp-json\/wp\/v2\/posts\/6071\/revisions\/6088"}],"wp:featuredmedia":[{"embeddable":true,"href":"https:\/\/www.sjs-carstyling.com\/blog\/wp-json\/wp\/v2\/media\/6075"}],"wp:attachment":[{"href":"https:\/\/www.sjs-carstyling.com\/blog\/wp-json\/wp\/v2\/media?parent=6071"}],"wp:term":[{"taxonomy":"category","embeddable":true,"href":"https:\/\/www.sjs-carstyling.com\/blog\/wp-json\/wp\/v2\/categories?post=6071"},{"taxonomy":"post_tag","embeddable":true,"href":"https:\/\/www.sjs-carstyling.com\/blog\/wp-json\/wp\/v2\/tags?post=6071"}],"curies":[{"name":"wp","href":"https:\/\/api.w.org\/{rel}","templated":true}]}}