{"id":6240,"date":"2025-12-15T00:10:36","date_gmt":"2025-12-14T23:10:36","guid":{"rendered":"https:\/\/www.sjs-carstyling.com\/blog\/?p=6240"},"modified":"2025-12-18T12:26:08","modified_gmt":"2025-12-18T11:26:08","slug":"das-neue-mini-auto-paradies-im-ps-speicher","status":"publish","type":"post","link":"https:\/\/www.sjs-carstyling.com\/blog\/das-neue-mini-auto-paradies-im-ps-speicher\/","title":{"rendered":"Das neue Mini-Auto-Paradies im PS.Speicher"},"content":{"rendered":"\n\n<div class=\"kk-star-ratings kksr-auto kksr-align-left kksr-valign-top\"\n    data-payload='{&quot;align&quot;:&quot;left&quot;,&quot;id&quot;:&quot;6240&quot;,&quot;slug&quot;:&quot;default&quot;,&quot;valign&quot;:&quot;top&quot;,&quot;ignore&quot;:&quot;&quot;,&quot;reference&quot;:&quot;auto&quot;,&quot;class&quot;:&quot;&quot;,&quot;count&quot;:&quot;4&quot;,&quot;legendonly&quot;:&quot;&quot;,&quot;readonly&quot;:&quot;&quot;,&quot;score&quot;:&quot;4.7&quot;,&quot;starsonly&quot;:&quot;&quot;,&quot;best&quot;:&quot;5&quot;,&quot;gap&quot;:&quot;5&quot;,&quot;greet&quot;:&quot;Wie hat dir der Beitrag gefallen? 1= langweilig, 5= sehr interessant&quot;,&quot;legend&quot;:&quot;4.7\\\/5 - (4 Stimmen)&quot;,&quot;size&quot;:&quot;24&quot;,&quot;title&quot;:&quot;Das neue Mini-Auto-Paradies im PS.Speicher&quot;,&quot;width&quot;:&quot;133.8&quot;,&quot;_legend&quot;:&quot;{score}\\\/{best} - ({count} Stimmen)&quot;,&quot;font_factor&quot;:&quot;1.25&quot;}'>\n            \n<div class=\"kksr-stars\">\n    \n<div class=\"kksr-stars-inactive\">\n            <div class=\"kksr-star\" data-star=\"1\" style=\"padding-right: 5px\">\n            \n\n<div class=\"kksr-icon\" style=\"width: 24px; height: 24px;\"><\/div>\n        <\/div>\n            <div class=\"kksr-star\" data-star=\"2\" style=\"padding-right: 5px\">\n            \n\n<div class=\"kksr-icon\" style=\"width: 24px; height: 24px;\"><\/div>\n        <\/div>\n            <div class=\"kksr-star\" data-star=\"3\" style=\"padding-right: 5px\">\n            \n\n<div class=\"kksr-icon\" style=\"width: 24px; height: 24px;\"><\/div>\n        <\/div>\n            <div class=\"kksr-star\" data-star=\"4\" style=\"padding-right: 5px\">\n            \n\n<div class=\"kksr-icon\" style=\"width: 24px; height: 24px;\"><\/div>\n        <\/div>\n            <div class=\"kksr-star\" data-star=\"5\" style=\"padding-right: 5px\">\n            \n\n<div class=\"kksr-icon\" style=\"width: 24px; height: 24px;\"><\/div>\n        <\/div>\n    <\/div>\n    \n<div class=\"kksr-stars-active\" style=\"width: 133.8px;\">\n            <div class=\"kksr-star\" style=\"padding-right: 5px\">\n            \n\n<div class=\"kksr-icon\" style=\"width: 24px; height: 24px;\"><\/div>\n        <\/div>\n            <div class=\"kksr-star\" style=\"padding-right: 5px\">\n            \n\n<div class=\"kksr-icon\" style=\"width: 24px; height: 24px;\"><\/div>\n        <\/div>\n            <div class=\"kksr-star\" style=\"padding-right: 5px\">\n            \n\n<div class=\"kksr-icon\" style=\"width: 24px; height: 24px;\"><\/div>\n        <\/div>\n            <div class=\"kksr-star\" style=\"padding-right: 5px\">\n            \n\n<div class=\"kksr-icon\" style=\"width: 24px; height: 24px;\"><\/div>\n        <\/div>\n            <div class=\"kksr-star\" style=\"padding-right: 5px\">\n            \n\n<div class=\"kksr-icon\" style=\"width: 24px; height: 24px;\"><\/div>\n        <\/div>\n    <\/div>\n<\/div>\n                \n\n<div class=\"kksr-legend\" style=\"font-size: 19.2px;\">\n            4.7\/5 - (4 Stimmen)    <\/div>\n    <\/div>\n<p><strong>Klein, aber oho!<\/strong> Passend zur Advents- und Weihnachtszeit 2025 startet <a href=\"https:\/\/www.ps-speicher.de\/\" target=\"_blank\" rel=\"noopener\">Europas gr\u00f6\u00dftes Oldtimermuseum<\/a> eine neue Attraktion: Eine Miniaturausstellung mit insgesamt \u00fcber 8.000 Fahrzeugmodellen auf 150 Quadratmetern. Quer durch alle Epochen, quer durch alle Modelle, quer durch alle m\u00f6glichen Farbkombinationen lassen sich hier<strong> wundersch\u00f6ne Fahrzeuge auf Augenh\u00f6he erkunden und betrachten<\/strong> &#8211; ohne dass man sich sich die Socken qualmig laufen muss.<\/p>\n<blockquote><p><a href=\"https:\/\/www.instagram.com\/reel\/DSIa-GxDb7_\/\" target=\"_blank\" rel=\"noopener\">Direkt zu unserem Insta-Reel aus der Ausstellung<\/a> &#8211; jetzt anschauen!<\/p><\/blockquote>\n<div id=\"attachment_6246\" style=\"width: 2010px\" class=\"wp-caption alignnone\"><img decoding=\"async\" aria-describedby=\"caption-attachment-6246\" class=\"size-full wp-image-6246\" src=\"https:\/\/www.sjs-carstyling.com\/blog\/wp-content\/uploads\/2025\/12\/Miniaturausstellung-PS.Speicher-Einbeck-9.jpg\" alt=\"Miniaturausstellung PS.Speicher Einbeck (9)\" width=\"2000\" height=\"924\" srcset=\"https:\/\/www.sjs-carstyling.com\/blog\/wp-content\/uploads\/2025\/12\/Miniaturausstellung-PS.Speicher-Einbeck-9.jpg 2000w, https:\/\/www.sjs-carstyling.com\/blog\/wp-content\/uploads\/2025\/12\/Miniaturausstellung-PS.Speicher-Einbeck-9-1280x591.jpg 1280w, https:\/\/www.sjs-carstyling.com\/blog\/wp-content\/uploads\/2025\/12\/Miniaturausstellung-PS.Speicher-Einbeck-9-980x453.jpg 980w, https:\/\/www.sjs-carstyling.com\/blog\/wp-content\/uploads\/2025\/12\/Miniaturausstellung-PS.Speicher-Einbeck-9-480x222.jpg 480w\" sizes=\"(min-width: 0px) and (max-width: 480px) 480px, (min-width: 481px) and (max-width: 980px) 980px, (min-width: 981px) and (max-width: 1280px) 1280px, (min-width: 1281px) 2000px, 100vw\" \/><p id=\"caption-attachment-6246\" class=\"wp-caption-text\">Die kleinen Sch\u00e4tze stapeln sich bis unter das Dach. Bildquelle: SJS Carstyling-Redaktion \/ Fabian Alber<\/p><\/div>\n<p>Besonders hervorzuheben sind die<strong> liebevollen Details, die viele Modelle bieten<\/strong>, zum Beispiel bei der Fahrzeugkolonne der Queen oder des Papstes oder bei verschiedenen Begleitfahrzeugen aus dem Tross der Tour de France. Auch Legenden wie der futuristisch anmutende Schl\u00f6r-Wagen, 007s Aston Martin oder Marty McFlys DeLorean als Zeitmaschine d\u00fcrfen in der fesselnden Modellauto-Show nat\u00fcrlich nicht fehlen.<\/p>\n<p><iframe title=\"Tausende Mini-Modellautos im PS.Speicher in Einbeck zu sehen\" width=\"1080\" height=\"608\" src=\"https:\/\/www.youtube.com\/embed\/lZaIqe52nNI?feature=oembed\"  allow=\"accelerometer; autoplay; clipboard-write; encrypted-media; gyroscope; picture-in-picture; web-share\" referrerpolicy=\"strict-origin-when-cross-origin\" allowfullscreen><\/iframe><\/p>\n<h2><strong>Modellauto-Sammlung, die neue Ma\u00dfst\u00e4be setzt<\/strong><\/h2>\n<p>Insbesondere <strong>franz\u00f6sische Fahrzeugmodelle<\/strong> sind gut vertreten, frankophile Fahrzeugfans kommen also voll auf ihre Kosten, aber es ist garantiert f\u00fcr jeden etwas dabei. Da ist der recht stolze Eintrittspreis von 12 EUR dann auch absolut gerechtfertigt. <strong>Wer will, kann problemlos mehrere Stunden in der Ausstellung verbringen<\/strong> &#8211; und hat selbst dann wahrscheinlich noch immer nicht alles gesehen.<\/p>\n<div id=\"attachment_6248\" style=\"width: 2010px\" class=\"wp-caption alignnone\"><img decoding=\"async\" aria-describedby=\"caption-attachment-6248\" class=\"size-full wp-image-6248\" src=\"https:\/\/www.sjs-carstyling.com\/blog\/wp-content\/uploads\/2025\/12\/Miniaturausstellung-PS.Speicher-Einbeck-1.jpg\" alt=\"Miniaturausstellung PS.Speicher Einbeck (1)\" width=\"2000\" height=\"924\" srcset=\"https:\/\/www.sjs-carstyling.com\/blog\/wp-content\/uploads\/2025\/12\/Miniaturausstellung-PS.Speicher-Einbeck-1.jpg 2000w, https:\/\/www.sjs-carstyling.com\/blog\/wp-content\/uploads\/2025\/12\/Miniaturausstellung-PS.Speicher-Einbeck-1-1280x591.jpg 1280w, https:\/\/www.sjs-carstyling.com\/blog\/wp-content\/uploads\/2025\/12\/Miniaturausstellung-PS.Speicher-Einbeck-1-980x453.jpg 980w, https:\/\/www.sjs-carstyling.com\/blog\/wp-content\/uploads\/2025\/12\/Miniaturausstellung-PS.Speicher-Einbeck-1-480x222.jpg 480w\" sizes=\"(min-width: 0px) and (max-width: 480px) 480px, (min-width: 481px) and (max-width: 980px) 980px, (min-width: 981px) and (max-width: 1280px) 1280px, (min-width: 1281px) 2000px, 100vw\" \/><p id=\"caption-attachment-6248\" class=\"wp-caption-text\">Franz\u00f6sische Modelle sind in der Sammlung gut vertreten. Bildquelle: SJS Carstyling-Redaktion \/ Fabian Alber<\/p><\/div>\n<blockquote><p><em>\u201eWir wollen zeigen, was die Faszination an Miniaturen ausmacht: warum so viele Menschen sammeln, wie vielf\u00e4ltig das sein kann und warum manche diesem Hobby jahrzehntelang treu bleiben. Von au\u00dfen wirkt es vielleicht verr\u00fcckt, Tausende Modellautos in eigenen R\u00e4umen aufzubewahren \u2013 doch genau darin liegt die spannende Frage: Was steckt hinter dieser Leidenschaft?\u201c &#8211; Statement des PS.Speichers aus der Kuratorenrunde<\/em><\/p><\/blockquote>\n<p><em>Kleines Manko:<\/em> Die Autos sind teils so hoch unter das Dach gestapelt, dass ein Teil der Miniatur-Pracht dem normalgro\u00df gewachsenen Besucher leider verborgen bleibt.<\/p>\n<div id=\"attachment_6244\" style=\"width: 2010px\" class=\"wp-caption alignnone\"><img decoding=\"async\" aria-describedby=\"caption-attachment-6244\" class=\"wp-image-6244 size-full\" src=\"https:\/\/www.sjs-carstyling.com\/blog\/wp-content\/uploads\/2025\/12\/Miniaturausstellung-PS.Speicher-Einbeck-7.jpg\" alt=\"Miniaturausstellung PS.Speicher Einbeck (7)\" width=\"2000\" height=\"924\" srcset=\"https:\/\/www.sjs-carstyling.com\/blog\/wp-content\/uploads\/2025\/12\/Miniaturausstellung-PS.Speicher-Einbeck-7.jpg 2000w, https:\/\/www.sjs-carstyling.com\/blog\/wp-content\/uploads\/2025\/12\/Miniaturausstellung-PS.Speicher-Einbeck-7-1280x591.jpg 1280w, https:\/\/www.sjs-carstyling.com\/blog\/wp-content\/uploads\/2025\/12\/Miniaturausstellung-PS.Speicher-Einbeck-7-980x453.jpg 980w, https:\/\/www.sjs-carstyling.com\/blog\/wp-content\/uploads\/2025\/12\/Miniaturausstellung-PS.Speicher-Einbeck-7-480x222.jpg 480w\" sizes=\"(min-width: 0px) and (max-width: 480px) 480px, (min-width: 481px) and (max-width: 980px) 980px, (min-width: 981px) and (max-width: 1280px) 1280px, (min-width: 1281px) 2000px, 100vw\" \/><p id=\"caption-attachment-6244\" class=\"wp-caption-text\">Besonderes Schmankerl. Ein orangeroter BMW M1. Bildquelle: SJS Carstyling-Redaktion \/ Fabian Alber<\/p><\/div>\n<h2><strong>Modellfahrzeuge in H\u00fclle und F\u00fclle: aufgeteilt in zehn Themenr\u00e4ume<\/strong><\/h2>\n<p><em>Und woher stammen die Fahrzeuge?<\/em> Gekauft hat der <a href=\"https:\/\/www.sjs-carstyling.com\/blog\/ps-speicher-einbeck-niedersachsens-automobil-perle\/\">PS.Speicher<\/a> im nieders\u00e4chsischen Einbeck die Modellfahrzeuge <strong>von knapp einem Dutzend unterschiedlicher Sammler<\/strong> &#8211; und das spiegelt sich auch in den verschiedenen Schwerpunkten der Ausstellung mit zehn Themenr\u00e4umen wider, zum Beispiel:<\/p>\n<ul>\n<li>die riesige <strong>Feuerwehr-Modellautoausstellung<\/strong> mit Fahrzeugen aus aller Herren L\u00e4nder<\/li>\n<li>viele historische <strong>Laster-, Zweirad und Campingmodelle <\/strong>sowie ein Modellauto-Highway mit Motor- und Hupger\u00e4uschen<\/li>\n<li><strong>beeindruckende Diaromen<\/strong> mit verschiedenen historischen oder zeitgen\u00f6ssischen Motiven, z.B. ein <a href=\"https:\/\/www.sjs-carstyling.com\/Smart\">smart<\/a>-Turm, eine historische Altstadt oder eine Vintage-Tankstellen-Kulisse<\/li>\n<li><strong>Virtual-Reality-Erlebnisbereiche<\/strong> und ein interaktives Fahrzeug-Quartett<\/li>\n<li>f\u00fcnf Meter hoher <strong>Sammlungsturm und begehbare &#8222;Aussichtsplattformen&#8220;<\/strong><\/li>\n<\/ul>\n<div id=\"attachment_6264\" style=\"width: 2010px\" class=\"wp-caption alignnone\"><img decoding=\"async\" aria-describedby=\"caption-attachment-6264\" class=\"size-full wp-image-6264\" src=\"https:\/\/www.sjs-carstyling.com\/blog\/wp-content\/uploads\/2025\/12\/Miniaturausstellung-PS.Speicher-Einbeck-11.jpg\" alt=\"Miniaturausstellung PS.Speicher Einbeck (11)\" width=\"2000\" height=\"1125\" srcset=\"https:\/\/www.sjs-carstyling.com\/blog\/wp-content\/uploads\/2025\/12\/Miniaturausstellung-PS.Speicher-Einbeck-11.jpg 2000w, https:\/\/www.sjs-carstyling.com\/blog\/wp-content\/uploads\/2025\/12\/Miniaturausstellung-PS.Speicher-Einbeck-11-1280x720.jpg 1280w, https:\/\/www.sjs-carstyling.com\/blog\/wp-content\/uploads\/2025\/12\/Miniaturausstellung-PS.Speicher-Einbeck-11-980x551.jpg 980w, https:\/\/www.sjs-carstyling.com\/blog\/wp-content\/uploads\/2025\/12\/Miniaturausstellung-PS.Speicher-Einbeck-11-480x270.jpg 480w\" sizes=\"(min-width: 0px) and (max-width: 480px) 480px, (min-width: 481px) and (max-width: 980px) 980px, (min-width: 981px) and (max-width: 1280px) 1280px, (min-width: 1281px) 2000px, 100vw\" \/><p id=\"caption-attachment-6264\" class=\"wp-caption-text\">Tat\u00fc Tata, die Mini-Feuerwehr ist da! Bildquelle: SJS Carstyling-Redaktion \/ Fabian Alber<\/p><\/div>\n<blockquote><p>Egal, ob <strong>1:160, 1:120, 1:87, 1:72, 1:64, 1:58, 1:55, 1:43, 1:36, 1:32, 1:24 oder 1:18<\/strong> &#8211; alle Ma\u00dfst\u00e4be werden in der Ausstellung abgebildet.<\/p><\/blockquote>\n<p>Dabei stehen spezielle Modelle im Fokus. Die kleinen und gro\u00dfen Sammlerinnen und Sammler erz\u00e4hlen die Entstehungsgeschichte zu ihren Werken, zum Beispiel ein gewisser Herr Francisco Iorio, der im Jahr 2016 <strong>das Modell eines <a href=\"https:\/\/www.kfzbleche24.de\/blog\/auto-rekorde-teil-i-das-aelteste-auto-der-welt\/\" target=\"_blank\" rel=\"noopener\">Benz Patent-Motorwagens Victoria<\/a><\/strong> einzig und allein aus Papier zusammengebaut hat.<\/p>\n<div id=\"attachment_6251\" style=\"width: 2010px\" class=\"wp-caption alignnone\"><img decoding=\"async\" aria-describedby=\"caption-attachment-6251\" class=\"size-full wp-image-6251\" src=\"https:\/\/www.sjs-carstyling.com\/blog\/wp-content\/uploads\/2025\/12\/Miniaturausstellung-PS.Speicher-Einbeck-4.jpg\" alt=\"Miniaturausstellung PS.Speicher Einbeck (4)\" width=\"2000\" height=\"924\" srcset=\"https:\/\/www.sjs-carstyling.com\/blog\/wp-content\/uploads\/2025\/12\/Miniaturausstellung-PS.Speicher-Einbeck-4.jpg 2000w, https:\/\/www.sjs-carstyling.com\/blog\/wp-content\/uploads\/2025\/12\/Miniaturausstellung-PS.Speicher-Einbeck-4-1280x591.jpg 1280w, https:\/\/www.sjs-carstyling.com\/blog\/wp-content\/uploads\/2025\/12\/Miniaturausstellung-PS.Speicher-Einbeck-4-980x453.jpg 980w, https:\/\/www.sjs-carstyling.com\/blog\/wp-content\/uploads\/2025\/12\/Miniaturausstellung-PS.Speicher-Einbeck-4-480x222.jpg 480w\" sizes=\"(min-width: 0px) and (max-width: 480px) 480px, (min-width: 481px) and (max-width: 980px) 980px, (min-width: 981px) and (max-width: 1280px) 1280px, (min-width: 1281px) 2000px, 100vw\" \/><p id=\"caption-attachment-6251\" class=\"wp-caption-text\">Verschiedene Dioramen machen die Zeitreise perfekt. Bildquelle: SJS Carstyling-Redaktion \/ Fabian Alber<\/p><\/div>\n<h2><strong>Wer sammelt eigenlich Modellfahrzeuge?<\/strong><\/h2>\n<p>Modelle faszinieren Menschen jeden Alters: Kinder starten oft spielerisch, Erwachsene suchen gezielt besondere St\u00fccke. Laut der Fachzeitschrift &#8222;MODELL FAHRZEUG&#8220; geben Sammlerinnen und Sammler im Schnitt <strong>rund 2.500 Euro pro Jahr<\/strong> f\u00fcr ihr Hobby aus. Etwa 60 Prozent der Metallguss-Modelle kaufen Erwachsene zwischen 25 und 60.<\/p>\n<p>Zwar dominieren noch M\u00e4nner, doch der Anteil an Frauen w\u00e4chst deutlich. Auch Kinder bleiben eine wichtige Gruppe \u2013 f\u00fcr viele beginnt damit eine Sammelreise, die ein Leben lang anh\u00e4lt. Weltweit ist die Community breit aufgestellt: In Europa, Nordamerika und im asiatisch-pazifischen Raum trifft das Hobby auf starke Auto-Kultur. Soziale Medien verbinden heute Fans \u00fcberall miteinander und <strong>ziehen zunehmend j\u00fcngere Menschen an.<\/strong><\/p>\n<div id=\"attachment_6250\" style=\"width: 2010px\" class=\"wp-caption alignnone\"><img decoding=\"async\" aria-describedby=\"caption-attachment-6250\" class=\"size-full wp-image-6250\" src=\"https:\/\/www.sjs-carstyling.com\/blog\/wp-content\/uploads\/2025\/12\/Miniaturausstellung-PS.Speicher-Einbeck-3.jpg\" alt=\"Miniaturausstellung PS.Speicher Einbeck (2)\" width=\"2000\" height=\"924\" srcset=\"https:\/\/www.sjs-carstyling.com\/blog\/wp-content\/uploads\/2025\/12\/Miniaturausstellung-PS.Speicher-Einbeck-3.jpg 2000w, https:\/\/www.sjs-carstyling.com\/blog\/wp-content\/uploads\/2025\/12\/Miniaturausstellung-PS.Speicher-Einbeck-3-1280x591.jpg 1280w, https:\/\/www.sjs-carstyling.com\/blog\/wp-content\/uploads\/2025\/12\/Miniaturausstellung-PS.Speicher-Einbeck-3-980x453.jpg 980w, https:\/\/www.sjs-carstyling.com\/blog\/wp-content\/uploads\/2025\/12\/Miniaturausstellung-PS.Speicher-Einbeck-3-480x222.jpg 480w\" sizes=\"(min-width: 0px) and (max-width: 480px) 480px, (min-width: 481px) and (max-width: 980px) 980px, (min-width: 981px) and (max-width: 1280px) 1280px, (min-width: 1281px) 2000px, 100vw\" \/><p id=\"caption-attachment-6250\" class=\"wp-caption-text\">Alle g\u00e4ngigen Ma\u00dfst\u00e4be sind vertreten. Hier ein richtig gro\u00dfer &#8222;Klopper&#8220;. Bildquelle: SJS Carstyling-Redaktion \/ Fabian Alber<\/p><\/div>\n<h2><strong>PS.Speicher macht Kinder froh &#8211; und Erwachs&#8217;ne ebenso<\/strong><\/h2>\n<p>Lust bekommen, die Faszination Miniatur selbst zu erkunden? <strong>Dann nichts wie hin nach Einbeck.<\/strong> Vor dem Museum gibt es einen gro\u00dfen, kostenfreien Auto-Parkplatz. Und neben der Mini-Ausstellung gibt es vor Ort noch eine Vielzahl weiterer Auto-Sammlungen und Erlebnis-Angebote (sowie einen riesigen originellen Shop-Bereich) f\u00fcr alle mit Benzin im Blut. Hier noch die weiteren Infos im \u00dcberblick:<\/p>\n<ul>\n<li>\n<p data-start=\"41\" data-end=\"58\"><strong data-start=\"41\" data-end=\"56\">Preisstufen f\u00fcr die <a href=\"https:\/\/www.ps-speicher.de\/sammlung-modellfahrzeuge?_gl=1*dxvvck*_up*MQ..*_gs*MQ..&amp;gclid=Cj0KCQiA9OnJBhD-ARIsAPV51xOfS1bSp0E0jj3RjSn-eldRbbUdxg4_kEHjAcr19OMdzbACRGoIHYoaAn1UEALw_wcB&amp;gbraid=0AAAAADD1KhrgtT3u9HJCKcME5CviNE40U\" target=\"_blank\" rel=\"noopener\">Tickets<\/a>: <\/strong>Standard: 12 \u20ac, Erm\u00e4\u00dfigt (Sch\u00fcler, Studierende, Ehrenamtskarte, Schwerbehindertenausweis): 8 \u20ac<\/p>\n<\/li>\n<li><strong>\u00d6ffnungszeiten:<\/strong> Von Dienstag bis Freitag ist der PS.Speicher in der Regel zwischen 11 und 17 Uhr ge\u00f6ffnet, am Wochenende von 10 bis 18 Uhr, am Montag ist Ruhetag. Auch an den Feiertagen ist regul\u00e4r ge\u00f6ffnet.<\/li>\n<\/ul>\n<div id=\"attachment_6245\" style=\"width: 2010px\" class=\"wp-caption alignnone\"><img decoding=\"async\" aria-describedby=\"caption-attachment-6245\" class=\"size-full wp-image-6245\" src=\"https:\/\/www.sjs-carstyling.com\/blog\/wp-content\/uploads\/2025\/12\/Miniaturausstellung-PS.Speicher-Einbeck-8.jpg\" alt=\"Miniaturausstellung PS.Speicher Einbeck (8)\" width=\"2000\" height=\"924\" srcset=\"https:\/\/www.sjs-carstyling.com\/blog\/wp-content\/uploads\/2025\/12\/Miniaturausstellung-PS.Speicher-Einbeck-8.jpg 2000w, https:\/\/www.sjs-carstyling.com\/blog\/wp-content\/uploads\/2025\/12\/Miniaturausstellung-PS.Speicher-Einbeck-8-1280x591.jpg 1280w, https:\/\/www.sjs-carstyling.com\/blog\/wp-content\/uploads\/2025\/12\/Miniaturausstellung-PS.Speicher-Einbeck-8-980x453.jpg 980w, https:\/\/www.sjs-carstyling.com\/blog\/wp-content\/uploads\/2025\/12\/Miniaturausstellung-PS.Speicher-Einbeck-8-480x222.jpg 480w\" sizes=\"(min-width: 0px) and (max-width: 480px) 480px, (min-width: 481px) and (max-width: 980px) 980px, (min-width: 981px) and (max-width: 1280px) 1280px, (min-width: 1281px) 2000px, 100vw\" \/><p id=\"caption-attachment-6245\" class=\"wp-caption-text\">Europas gr\u00f6\u00dftes Oldtimer-Museum ist um eine neue Attraktion reicher. Bildquelle: SJS Carstyling-Redaktion \/ Fabian Alber<\/p><\/div>\n<p>\u00dcbrigens &#8211; wir haben f\u00fcr Sie noch <strong>viele weitere Oldtimer-Museen<\/strong> unter die redaktionelle Lupe genommen. Wie w\u00e4re es mit einem Ausflug&#8230;<\/p>\n<ul>\n<li><a href=\"https:\/\/www.sjs-carstyling.com\/blog\/rasanter-ausflugstipp-porsche-museum-stuttgart\/\">ins Porsche Museum Stuttgart?<\/a><\/li>\n<li><a href=\"https:\/\/www.sjs-carstyling.com\/blog\/oldtimer-museum-ruegen-historische-technik-aus-ddr-brd\/\">ins Oldtimer Museum R\u00fcgen?<\/a><\/li>\n<li><a href=\"https:\/\/www.sjs-carstyling.com\/blog\/ausflugstipp-nationales-automuseum-the-loh-collection\/\">oder ins Nationale Automuseum The Loh Collection?<\/a><\/li>\n<\/ul>\n<div id=\"attachment_6243\" style=\"width: 2010px\" class=\"wp-caption alignnone\"><img decoding=\"async\" aria-describedby=\"caption-attachment-6243\" class=\"size-full wp-image-6243\" src=\"https:\/\/www.sjs-carstyling.com\/blog\/wp-content\/uploads\/2025\/12\/Miniaturausstellung-PS.Speicher-Einbeck-6.jpg\" alt=\"Miniaturausstellung PS.Speicher Einbeck (6)\" width=\"2000\" height=\"924\" srcset=\"https:\/\/www.sjs-carstyling.com\/blog\/wp-content\/uploads\/2025\/12\/Miniaturausstellung-PS.Speicher-Einbeck-6.jpg 2000w, https:\/\/www.sjs-carstyling.com\/blog\/wp-content\/uploads\/2025\/12\/Miniaturausstellung-PS.Speicher-Einbeck-6-1280x591.jpg 1280w, https:\/\/www.sjs-carstyling.com\/blog\/wp-content\/uploads\/2025\/12\/Miniaturausstellung-PS.Speicher-Einbeck-6-980x453.jpg 980w, https:\/\/www.sjs-carstyling.com\/blog\/wp-content\/uploads\/2025\/12\/Miniaturausstellung-PS.Speicher-Einbeck-6-480x222.jpg 480w\" sizes=\"(min-width: 0px) and (max-width: 480px) 480px, (min-width: 481px) and (max-width: 980px) 980px, (min-width: 981px) and (max-width: 1280px) 1280px, (min-width: 1281px) 2000px, 100vw\" \/><p id=\"caption-attachment-6243\" class=\"wp-caption-text\">Historische Camping-Gespanne f\u00fcr jeden Geschmack. Bildquelle: SJS Carstyling-Redaktion \/ Fabian Alber<\/p><\/div>\n<h2><strong>SJS Carstyling: Weil wir alle Autos lieben<\/strong><\/h2>\n<p>Ob klein oder gro\u00df, Youngtimer oder Oldtimer, bei <a href=\"https:\/\/www.sjs-carstyling.com\/\">SJS Carstyling<\/a> sind klassische Fahrzeuge seit \u00fcber zwei Jahrzehnten in besten H\u00e4nden. Gleichzeitig sind wir mehr als ein hochqualitativer Ersatzeil-Shop: Hinter dem Angebot steht<strong> eine aktive Community aus Menschen, die alte Automobile gern erhalten, reparieren und fahren.<\/strong> Durch den Austausch mit <a href=\"https:\/\/www.sjs-carstyling.com\/blog\/fachbetriebe-und-spezialisten\/\">Werkst\u00e4tten und erfahrenen Schraubern<\/a> flie\u00dfen praktische Tipps direkt in unsere Arbeit ein. Ach \u00fcbrigens: Kennen Sie schon unsere kompetente <a href=\"https:\/\/www.sjs-carstyling.com\/blog\/autosattlerei-berlin\/\">Autosattlerei<\/a>, in der wir h\u00e4ngende Dachhimmel reparieren und die Innenausstattung von liebensw\u00fcrdigen alten Fahrzeugen wieder in den Topzustand versetzen?<\/p>\n<hr \/>\n<p>Bildquelle Titelbild: SJS Carstyling-Redaktion \/ Fabian Alber<\/p>\n","protected":false},"excerpt":{"rendered":"<p>Klein, aber oho! Passend zur Advents- und Weihnachtszeit 2025 startet Europas gr\u00f6\u00dftes Oldtimermuseum eine neue Attraktion: Eine Miniaturausstellung mit insgesamt \u00fcber 8.000 Fahrzeugmodellen auf 150 Quadratmetern. Quer durch alle Epochen, quer durch alle Modelle, quer durch alle m\u00f6glichen Farbkombinationen lassen sich hier wundersch\u00f6ne Fahrzeuge auf Augenh\u00f6he erkunden und betrachten &#8211; ohne dass man sich sich [&hellip;]<\/p>\n","protected":false},"author":3,"featured_media":6249,"comment_status":"open","ping_status":"open","sticky":false,"template":"","format":"standard","meta":{"_et_pb_use_builder":"","_et_pb_old_content":"","_et_gb_content_width":"","footnotes":""},"categories":[39],"tags":[950,951,953,952,949,120,954,955],"class_list":["post-6240","post","type-post","status-publish","format-standard","has-post-thumbnail","hentry","category-oldtimer-museen","tag-modellauto-sammlung","tag-modellautos-sammlung","tag-modellbau-einbeck","tag-modellfahrzeuge","tag-ps-speicher","tag-ps-speicher-einbeck","tag-sp-speicher-einbeck","tag-tickets-fuer-ps-speicher"],"yoast_head":"<!-- This site is optimized with the Yoast SEO plugin v27.5 - https:\/\/yoast.com\/product\/yoast-seo-wordpress\/ -->\n<title>Neue Miniaturausstellung im PS.Speicher<\/title>\n<meta name=\"description\" content=\"Kleine Modelle, ganz gro\u00df in Szene gesetzt. \u00dcber 8.000 Modellfahrzeuge auf 150\u202fm\u00b2, Dioramen, Virtual Reality und mehr. Jetzt alles erfahren!\" \/>\n<meta name=\"robots\" content=\"index, follow, max-snippet:-1, max-image-preview:large, max-video-preview:-1\" \/>\n<link rel=\"canonical\" href=\"https:\/\/www.sjs-carstyling.com\/blog\/das-neue-mini-auto-paradies-im-ps-speicher\/\" \/>\n<meta property=\"og:locale\" content=\"de_DE\" \/>\n<meta property=\"og:type\" content=\"article\" \/>\n<meta property=\"og:title\" content=\"Neue Miniaturausstellung im PS.Speicher\" \/>\n<meta property=\"og:description\" content=\"Kleine Modelle, ganz gro\u00df in Szene gesetzt. \u00dcber 8.000 Modellfahrzeuge auf 150\u202fm\u00b2, Dioramen, Virtual Reality und mehr. Jetzt alles erfahren!\" \/>\n<meta property=\"og:url\" content=\"https:\/\/www.sjs-carstyling.com\/blog\/das-neue-mini-auto-paradies-im-ps-speicher\/\" \/>\n<meta property=\"og:site_name\" content=\"SJS Carstyling Oldtimer Magazin\" \/>\n<meta property=\"article:published_time\" content=\"2025-12-14T23:10:36+00:00\" \/>\n<meta property=\"article:modified_time\" content=\"2025-12-18T11:26:08+00:00\" \/>\n<meta property=\"og:image\" content=\"https:\/\/www.sjs-carstyling.com\/blog\/wp-content\/uploads\/2025\/12\/Miniaturausstellung-PS.Speicher-Einbeck-2.jpg\" \/>\n\t<meta property=\"og:image:width\" content=\"2000\" \/>\n\t<meta property=\"og:image:height\" content=\"1125\" \/>\n\t<meta property=\"og:image:type\" content=\"image\/jpeg\" \/>\n<meta name=\"author\" content=\"Fabian Alber\" \/>\n<meta name=\"twitter:card\" content=\"summary_large_image\" \/>\n<meta name=\"twitter:label1\" content=\"Verfasst von\" \/>\n\t<meta name=\"twitter:data1\" content=\"Fabian Alber\" \/>\n\t<meta name=\"twitter:label2\" content=\"Gesch\u00e4tzte Lesezeit\" \/>\n\t<meta name=\"twitter:data2\" content=\"7\u00a0Minuten\" \/>\n<script type=\"application\/ld+json\" class=\"yoast-schema-graph\">{\"@context\":\"https:\\\/\\\/schema.org\",\"@graph\":[{\"@type\":\"Article\",\"@id\":\"https:\\\/\\\/www.sjs-carstyling.com\\\/blog\\\/das-neue-mini-auto-paradies-im-ps-speicher\\\/#article\",\"isPartOf\":{\"@id\":\"https:\\\/\\\/www.sjs-carstyling.com\\\/blog\\\/das-neue-mini-auto-paradies-im-ps-speicher\\\/\"},\"author\":{\"name\":\"Fabian Alber\",\"@id\":\"https:\\\/\\\/www.sjs-carstyling.com\\\/blog\\\/#\\\/schema\\\/person\\\/655b2959eea2cb36b95d258c850d6619\"},\"headline\":\"Das neue Mini-Auto-Paradies im PS.Speicher\",\"datePublished\":\"2025-12-14T23:10:36+00:00\",\"dateModified\":\"2025-12-18T11:26:08+00:00\",\"mainEntityOfPage\":{\"@id\":\"https:\\\/\\\/www.sjs-carstyling.com\\\/blog\\\/das-neue-mini-auto-paradies-im-ps-speicher\\\/\"},\"wordCount\":995,\"commentCount\":0,\"image\":{\"@id\":\"https:\\\/\\\/www.sjs-carstyling.com\\\/blog\\\/das-neue-mini-auto-paradies-im-ps-speicher\\\/#primaryimage\"},\"thumbnailUrl\":\"https:\\\/\\\/www.sjs-carstyling.com\\\/blog\\\/wp-content\\\/uploads\\\/2025\\\/12\\\/Miniaturausstellung-PS.Speicher-Einbeck-2.jpg\",\"keywords\":[\"Modellauto Sammlung\",\"Modellautos Sammlung\",\"Modellbau Einbeck\",\"Modellfahrzeuge\",\"PS.Speicher\",\"PS.Speicher Einbeck\",\"SP Speicher Einbeck\",\"Tickets f\u00fcr PS Speicher\"],\"articleSection\":[\"Oldtimer-Museen\"],\"inLanguage\":\"de\",\"potentialAction\":[{\"@type\":\"CommentAction\",\"name\":\"Comment\",\"target\":[\"https:\\\/\\\/www.sjs-carstyling.com\\\/blog\\\/das-neue-mini-auto-paradies-im-ps-speicher\\\/#respond\"]}]},{\"@type\":\"WebPage\",\"@id\":\"https:\\\/\\\/www.sjs-carstyling.com\\\/blog\\\/das-neue-mini-auto-paradies-im-ps-speicher\\\/\",\"url\":\"https:\\\/\\\/www.sjs-carstyling.com\\\/blog\\\/das-neue-mini-auto-paradies-im-ps-speicher\\\/\",\"name\":\"Neue Miniaturausstellung im PS.Speicher\",\"isPartOf\":{\"@id\":\"https:\\\/\\\/www.sjs-carstyling.com\\\/blog\\\/#website\"},\"primaryImageOfPage\":{\"@id\":\"https:\\\/\\\/www.sjs-carstyling.com\\\/blog\\\/das-neue-mini-auto-paradies-im-ps-speicher\\\/#primaryimage\"},\"image\":{\"@id\":\"https:\\\/\\\/www.sjs-carstyling.com\\\/blog\\\/das-neue-mini-auto-paradies-im-ps-speicher\\\/#primaryimage\"},\"thumbnailUrl\":\"https:\\\/\\\/www.sjs-carstyling.com\\\/blog\\\/wp-content\\\/uploads\\\/2025\\\/12\\\/Miniaturausstellung-PS.Speicher-Einbeck-2.jpg\",\"datePublished\":\"2025-12-14T23:10:36+00:00\",\"dateModified\":\"2025-12-18T11:26:08+00:00\",\"author\":{\"@id\":\"https:\\\/\\\/www.sjs-carstyling.com\\\/blog\\\/#\\\/schema\\\/person\\\/655b2959eea2cb36b95d258c850d6619\"},\"description\":\"Kleine Modelle, ganz gro\u00df in Szene gesetzt. \u00dcber 8.000 Modellfahrzeuge auf 150\u202fm\u00b2, Dioramen, Virtual Reality und mehr. Jetzt alles erfahren!\",\"inLanguage\":\"de\",\"potentialAction\":[{\"@type\":\"ReadAction\",\"target\":[\"https:\\\/\\\/www.sjs-carstyling.com\\\/blog\\\/das-neue-mini-auto-paradies-im-ps-speicher\\\/\"]}]},{\"@type\":\"ImageObject\",\"inLanguage\":\"de\",\"@id\":\"https:\\\/\\\/www.sjs-carstyling.com\\\/blog\\\/das-neue-mini-auto-paradies-im-ps-speicher\\\/#primaryimage\",\"url\":\"https:\\\/\\\/www.sjs-carstyling.com\\\/blog\\\/wp-content\\\/uploads\\\/2025\\\/12\\\/Miniaturausstellung-PS.Speicher-Einbeck-2.jpg\",\"contentUrl\":\"https:\\\/\\\/www.sjs-carstyling.com\\\/blog\\\/wp-content\\\/uploads\\\/2025\\\/12\\\/Miniaturausstellung-PS.Speicher-Einbeck-2.jpg\",\"width\":2000,\"height\":1125,\"caption\":\"Ob John F. Kennedy oder die Queen - der PS.Speicher hat sie alle. Bildquelle: SJS Carstyling-Redaktion \\\/ Fabian Alber\"},{\"@type\":\"WebSite\",\"@id\":\"https:\\\/\\\/www.sjs-carstyling.com\\\/blog\\\/#website\",\"url\":\"https:\\\/\\\/www.sjs-carstyling.com\\\/blog\\\/\",\"name\":\"SJS Carstyling Oldtimer Magazin\",\"description\":\"Der Blog rund um das liebste Fahrzeug: finde Oldtimer-News, Modellvergleiche, Event-Hinweise und vieles mehr!\",\"potentialAction\":[{\"@type\":\"SearchAction\",\"target\":{\"@type\":\"EntryPoint\",\"urlTemplate\":\"https:\\\/\\\/www.sjs-carstyling.com\\\/blog\\\/?s={search_term_string}\"},\"query-input\":{\"@type\":\"PropertyValueSpecification\",\"valueRequired\":true,\"valueName\":\"search_term_string\"}}],\"inLanguage\":\"de\"},{\"@type\":\"Person\",\"@id\":\"https:\\\/\\\/www.sjs-carstyling.com\\\/blog\\\/#\\\/schema\\\/person\\\/655b2959eea2cb36b95d258c850d6619\",\"name\":\"Fabian Alber\",\"image\":{\"@type\":\"ImageObject\",\"inLanguage\":\"de\",\"@id\":\"https:\\\/\\\/secure.gravatar.com\\\/avatar\\\/f809d1934e10dc927acfea86889924dbbe0eec76d2ff6133c2c3f31931ad88d4?s=96&d=mm&r=g\",\"url\":\"https:\\\/\\\/secure.gravatar.com\\\/avatar\\\/f809d1934e10dc927acfea86889924dbbe0eec76d2ff6133c2c3f31931ad88d4?s=96&d=mm&r=g\",\"contentUrl\":\"https:\\\/\\\/secure.gravatar.com\\\/avatar\\\/f809d1934e10dc927acfea86889924dbbe0eec76d2ff6133c2c3f31931ad88d4?s=96&d=mm&r=g\",\"caption\":\"Fabian Alber\"},\"description\":\"Fabian ist verantwortlicher Redakteur bei den Mobilit\u00e4tsblogs von SJS Carstyling und steht seit seiner Kindheit auf alles, was vier R\u00e4der hat. Sein Herz geh\u00f6rt den Marken Volkswagen und BMW. Privat f\u00e4hrt er einen VW T-Cross und einen Ford Transit-Camper. Fabian ist Globetrotter und schreibt gerne \u00fcber aktuelle und saisonale Autothemen.\",\"url\":\"https:\\\/\\\/www.sjs-carstyling.com\\\/blog\\\/author\\\/fabian\\\/\"}]}<\/script>\n<!-- \/ Yoast SEO plugin. -->","yoast_head_json":{"title":"Neue Miniaturausstellung im PS.Speicher","description":"Kleine Modelle, ganz gro\u00df in Szene gesetzt. \u00dcber 8.000 Modellfahrzeuge auf 150\u202fm\u00b2, Dioramen, Virtual Reality und mehr. Jetzt alles erfahren!","robots":{"index":"index","follow":"follow","max-snippet":"max-snippet:-1","max-image-preview":"max-image-preview:large","max-video-preview":"max-video-preview:-1"},"canonical":"https:\/\/www.sjs-carstyling.com\/blog\/das-neue-mini-auto-paradies-im-ps-speicher\/","og_locale":"de_DE","og_type":"article","og_title":"Neue Miniaturausstellung im PS.Speicher","og_description":"Kleine Modelle, ganz gro\u00df in Szene gesetzt. \u00dcber 8.000 Modellfahrzeuge auf 150\u202fm\u00b2, Dioramen, Virtual Reality und mehr. Jetzt alles erfahren!","og_url":"https:\/\/www.sjs-carstyling.com\/blog\/das-neue-mini-auto-paradies-im-ps-speicher\/","og_site_name":"SJS Carstyling Oldtimer Magazin","article_published_time":"2025-12-14T23:10:36+00:00","article_modified_time":"2025-12-18T11:26:08+00:00","og_image":[{"width":2000,"height":1125,"url":"https:\/\/www.sjs-carstyling.com\/blog\/wp-content\/uploads\/2025\/12\/Miniaturausstellung-PS.Speicher-Einbeck-2.jpg","type":"image\/jpeg"}],"author":"Fabian Alber","twitter_card":"summary_large_image","twitter_misc":{"Verfasst von":"Fabian Alber","Gesch\u00e4tzte Lesezeit":"7\u00a0Minuten"},"schema":{"@context":"https:\/\/schema.org","@graph":[{"@type":"Article","@id":"https:\/\/www.sjs-carstyling.com\/blog\/das-neue-mini-auto-paradies-im-ps-speicher\/#article","isPartOf":{"@id":"https:\/\/www.sjs-carstyling.com\/blog\/das-neue-mini-auto-paradies-im-ps-speicher\/"},"author":{"name":"Fabian Alber","@id":"https:\/\/www.sjs-carstyling.com\/blog\/#\/schema\/person\/655b2959eea2cb36b95d258c850d6619"},"headline":"Das neue Mini-Auto-Paradies im PS.Speicher","datePublished":"2025-12-14T23:10:36+00:00","dateModified":"2025-12-18T11:26:08+00:00","mainEntityOfPage":{"@id":"https:\/\/www.sjs-carstyling.com\/blog\/das-neue-mini-auto-paradies-im-ps-speicher\/"},"wordCount":995,"commentCount":0,"image":{"@id":"https:\/\/www.sjs-carstyling.com\/blog\/das-neue-mini-auto-paradies-im-ps-speicher\/#primaryimage"},"thumbnailUrl":"https:\/\/www.sjs-carstyling.com\/blog\/wp-content\/uploads\/2025\/12\/Miniaturausstellung-PS.Speicher-Einbeck-2.jpg","keywords":["Modellauto Sammlung","Modellautos Sammlung","Modellbau Einbeck","Modellfahrzeuge","PS.Speicher","PS.Speicher Einbeck","SP Speicher Einbeck","Tickets f\u00fcr PS Speicher"],"articleSection":["Oldtimer-Museen"],"inLanguage":"de","potentialAction":[{"@type":"CommentAction","name":"Comment","target":["https:\/\/www.sjs-carstyling.com\/blog\/das-neue-mini-auto-paradies-im-ps-speicher\/#respond"]}]},{"@type":"WebPage","@id":"https:\/\/www.sjs-carstyling.com\/blog\/das-neue-mini-auto-paradies-im-ps-speicher\/","url":"https:\/\/www.sjs-carstyling.com\/blog\/das-neue-mini-auto-paradies-im-ps-speicher\/","name":"Neue Miniaturausstellung im PS.Speicher","isPartOf":{"@id":"https:\/\/www.sjs-carstyling.com\/blog\/#website"},"primaryImageOfPage":{"@id":"https:\/\/www.sjs-carstyling.com\/blog\/das-neue-mini-auto-paradies-im-ps-speicher\/#primaryimage"},"image":{"@id":"https:\/\/www.sjs-carstyling.com\/blog\/das-neue-mini-auto-paradies-im-ps-speicher\/#primaryimage"},"thumbnailUrl":"https:\/\/www.sjs-carstyling.com\/blog\/wp-content\/uploads\/2025\/12\/Miniaturausstellung-PS.Speicher-Einbeck-2.jpg","datePublished":"2025-12-14T23:10:36+00:00","dateModified":"2025-12-18T11:26:08+00:00","author":{"@id":"https:\/\/www.sjs-carstyling.com\/blog\/#\/schema\/person\/655b2959eea2cb36b95d258c850d6619"},"description":"Kleine Modelle, ganz gro\u00df in Szene gesetzt. \u00dcber 8.000 Modellfahrzeuge auf 150\u202fm\u00b2, Dioramen, Virtual Reality und mehr. Jetzt alles erfahren!","inLanguage":"de","potentialAction":[{"@type":"ReadAction","target":["https:\/\/www.sjs-carstyling.com\/blog\/das-neue-mini-auto-paradies-im-ps-speicher\/"]}]},{"@type":"ImageObject","inLanguage":"de","@id":"https:\/\/www.sjs-carstyling.com\/blog\/das-neue-mini-auto-paradies-im-ps-speicher\/#primaryimage","url":"https:\/\/www.sjs-carstyling.com\/blog\/wp-content\/uploads\/2025\/12\/Miniaturausstellung-PS.Speicher-Einbeck-2.jpg","contentUrl":"https:\/\/www.sjs-carstyling.com\/blog\/wp-content\/uploads\/2025\/12\/Miniaturausstellung-PS.Speicher-Einbeck-2.jpg","width":2000,"height":1125,"caption":"Ob John F. Kennedy oder die Queen - der PS.Speicher hat sie alle. Bildquelle: SJS Carstyling-Redaktion \/ Fabian Alber"},{"@type":"WebSite","@id":"https:\/\/www.sjs-carstyling.com\/blog\/#website","url":"https:\/\/www.sjs-carstyling.com\/blog\/","name":"SJS Carstyling Oldtimer Magazin","description":"Der Blog rund um das liebste Fahrzeug: finde Oldtimer-News, Modellvergleiche, Event-Hinweise und vieles mehr!","potentialAction":[{"@type":"SearchAction","target":{"@type":"EntryPoint","urlTemplate":"https:\/\/www.sjs-carstyling.com\/blog\/?s={search_term_string}"},"query-input":{"@type":"PropertyValueSpecification","valueRequired":true,"valueName":"search_term_string"}}],"inLanguage":"de"},{"@type":"Person","@id":"https:\/\/www.sjs-carstyling.com\/blog\/#\/schema\/person\/655b2959eea2cb36b95d258c850d6619","name":"Fabian Alber","image":{"@type":"ImageObject","inLanguage":"de","@id":"https:\/\/secure.gravatar.com\/avatar\/f809d1934e10dc927acfea86889924dbbe0eec76d2ff6133c2c3f31931ad88d4?s=96&d=mm&r=g","url":"https:\/\/secure.gravatar.com\/avatar\/f809d1934e10dc927acfea86889924dbbe0eec76d2ff6133c2c3f31931ad88d4?s=96&d=mm&r=g","contentUrl":"https:\/\/secure.gravatar.com\/avatar\/f809d1934e10dc927acfea86889924dbbe0eec76d2ff6133c2c3f31931ad88d4?s=96&d=mm&r=g","caption":"Fabian Alber"},"description":"Fabian ist verantwortlicher Redakteur bei den Mobilit\u00e4tsblogs von SJS Carstyling und steht seit seiner Kindheit auf alles, was vier R\u00e4der hat. Sein Herz geh\u00f6rt den Marken Volkswagen und BMW. Privat f\u00e4hrt er einen VW T-Cross und einen Ford Transit-Camper. Fabian ist Globetrotter und schreibt gerne \u00fcber aktuelle und saisonale Autothemen.","url":"https:\/\/www.sjs-carstyling.com\/blog\/author\/fabian\/"}]}},"_links":{"self":[{"href":"https:\/\/www.sjs-carstyling.com\/blog\/wp-json\/wp\/v2\/posts\/6240","targetHints":{"allow":["GET"]}}],"collection":[{"href":"https:\/\/www.sjs-carstyling.com\/blog\/wp-json\/wp\/v2\/posts"}],"about":[{"href":"https:\/\/www.sjs-carstyling.com\/blog\/wp-json\/wp\/v2\/types\/post"}],"author":[{"embeddable":true,"href":"https:\/\/www.sjs-carstyling.com\/blog\/wp-json\/wp\/v2\/users\/3"}],"replies":[{"embeddable":true,"href":"https:\/\/www.sjs-carstyling.com\/blog\/wp-json\/wp\/v2\/comments?post=6240"}],"version-history":[{"count":22,"href":"https:\/\/www.sjs-carstyling.com\/blog\/wp-json\/wp\/v2\/posts\/6240\/revisions"}],"predecessor-version":[{"id":6276,"href":"https:\/\/www.sjs-carstyling.com\/blog\/wp-json\/wp\/v2\/posts\/6240\/revisions\/6276"}],"wp:featuredmedia":[{"embeddable":true,"href":"https:\/\/www.sjs-carstyling.com\/blog\/wp-json\/wp\/v2\/media\/6249"}],"wp:attachment":[{"href":"https:\/\/www.sjs-carstyling.com\/blog\/wp-json\/wp\/v2\/media?parent=6240"}],"wp:term":[{"taxonomy":"category","embeddable":true,"href":"https:\/\/www.sjs-carstyling.com\/blog\/wp-json\/wp\/v2\/categories?post=6240"},{"taxonomy":"post_tag","embeddable":true,"href":"https:\/\/www.sjs-carstyling.com\/blog\/wp-json\/wp\/v2\/tags?post=6240"}],"curies":[{"name":"wp","href":"https:\/\/api.w.org\/{rel}","templated":true}]}}