{"id":6366,"date":"2026-01-26T08:00:53","date_gmt":"2026-01-26T07:00:53","guid":{"rendered":"https:\/\/www.sjs-carstyling.com\/blog\/?p=6366"},"modified":"2026-01-26T10:39:52","modified_gmt":"2026-01-26T09:39:52","slug":"autosammlung-steim-in-schramberg","status":"publish","type":"post","link":"https:\/\/www.sjs-carstyling.com\/blog\/autosammlung-steim-in-schramberg\/","title":{"rendered":"Willkommen in der Autosammlung Steim im Schwarzwald"},"content":{"rendered":"\n\n<div class=\"kk-star-ratings kksr-auto kksr-align-left kksr-valign-top\"\n    data-payload='{&quot;align&quot;:&quot;left&quot;,&quot;id&quot;:&quot;6366&quot;,&quot;slug&quot;:&quot;default&quot;,&quot;valign&quot;:&quot;top&quot;,&quot;ignore&quot;:&quot;&quot;,&quot;reference&quot;:&quot;auto&quot;,&quot;class&quot;:&quot;&quot;,&quot;count&quot;:&quot;3&quot;,&quot;legendonly&quot;:&quot;&quot;,&quot;readonly&quot;:&quot;&quot;,&quot;score&quot;:&quot;5&quot;,&quot;starsonly&quot;:&quot;&quot;,&quot;best&quot;:&quot;5&quot;,&quot;gap&quot;:&quot;5&quot;,&quot;greet&quot;:&quot;Wie hat dir der Beitrag gefallen? 1= langweilig, 5= sehr interessant&quot;,&quot;legend&quot;:&quot;5\\\/5 - (3 Stimmen)&quot;,&quot;size&quot;:&quot;24&quot;,&quot;title&quot;:&quot;Willkommen in der Autosammlung Steim im Schwarzwald&quot;,&quot;width&quot;:&quot;142.5&quot;,&quot;_legend&quot;:&quot;{score}\\\/{best} - ({count} Stimmen)&quot;,&quot;font_factor&quot;:&quot;1.25&quot;}'>\n            \n<div class=\"kksr-stars\">\n    \n<div class=\"kksr-stars-inactive\">\n            <div class=\"kksr-star\" data-star=\"1\" style=\"padding-right: 5px\">\n            \n\n<div class=\"kksr-icon\" style=\"width: 24px; height: 24px;\"><\/div>\n        <\/div>\n            <div class=\"kksr-star\" data-star=\"2\" style=\"padding-right: 5px\">\n            \n\n<div class=\"kksr-icon\" style=\"width: 24px; height: 24px;\"><\/div>\n        <\/div>\n            <div class=\"kksr-star\" data-star=\"3\" style=\"padding-right: 5px\">\n            \n\n<div class=\"kksr-icon\" style=\"width: 24px; height: 24px;\"><\/div>\n        <\/div>\n            <div class=\"kksr-star\" data-star=\"4\" style=\"padding-right: 5px\">\n            \n\n<div class=\"kksr-icon\" style=\"width: 24px; height: 24px;\"><\/div>\n        <\/div>\n            <div class=\"kksr-star\" data-star=\"5\" style=\"padding-right: 5px\">\n            \n\n<div class=\"kksr-icon\" style=\"width: 24px; height: 24px;\"><\/div>\n        <\/div>\n    <\/div>\n    \n<div class=\"kksr-stars-active\" style=\"width: 142.5px;\">\n            <div class=\"kksr-star\" style=\"padding-right: 5px\">\n            \n\n<div class=\"kksr-icon\" style=\"width: 24px; height: 24px;\"><\/div>\n        <\/div>\n            <div class=\"kksr-star\" style=\"padding-right: 5px\">\n            \n\n<div class=\"kksr-icon\" style=\"width: 24px; height: 24px;\"><\/div>\n        <\/div>\n            <div class=\"kksr-star\" style=\"padding-right: 5px\">\n            \n\n<div class=\"kksr-icon\" style=\"width: 24px; height: 24px;\"><\/div>\n        <\/div>\n            <div class=\"kksr-star\" style=\"padding-right: 5px\">\n            \n\n<div class=\"kksr-icon\" style=\"width: 24px; height: 24px;\"><\/div>\n        <\/div>\n            <div class=\"kksr-star\" style=\"padding-right: 5px\">\n            \n\n<div class=\"kksr-icon\" style=\"width: 24px; height: 24px;\"><\/div>\n        <\/div>\n    <\/div>\n<\/div>\n                \n\n<div class=\"kksr-legend\" style=\"font-size: 19.2px;\">\n            5\/5 - (3 Stimmen)    <\/div>\n    <\/div>\n<p>Durch den <a href=\"https:\/\/de.wikipedia.org\/wiki\/Schwarzwald\" target=\"_blank\" rel=\"noopener\">Schwarzwald<\/a> weht bereits seit Jahrhunderten <strong>ein besonderer Erfinder- und Ingenieursgeist.<\/strong> 1737 baute der Sch\u00f6nw\u00e4lder Uhrmacher Franz Ketterer in seiner Werkstatt die erste Kuckucksuhr. 150 Jahre sp\u00e4ter lie\u00df Robert Gerwig die Schwarzwaldbahn konstruieren, bei der keine Steigung zu hoch, kein Berg zu gro\u00df und kein Abgrund zu tief war.<\/p>\n<div id=\"attachment_6387\" style=\"width: 2010px\" class=\"wp-caption alignnone\"><img decoding=\"async\" aria-describedby=\"caption-attachment-6387\" class=\"size-full wp-image-6387\" src=\"https:\/\/www.sjs-carstyling.com\/blog\/wp-content\/uploads\/2026\/01\/Autosammlung-Steim-7.jpg\" alt=\"Autosammlung Steim Schramberg - 7\" width=\"2000\" height=\"1335\" srcset=\"https:\/\/www.sjs-carstyling.com\/blog\/wp-content\/uploads\/2026\/01\/Autosammlung-Steim-7.jpg 2000w, https:\/\/www.sjs-carstyling.com\/blog\/wp-content\/uploads\/2026\/01\/Autosammlung-Steim-7-1280x854.jpg 1280w, https:\/\/www.sjs-carstyling.com\/blog\/wp-content\/uploads\/2026\/01\/Autosammlung-Steim-7-980x654.jpg 980w, https:\/\/www.sjs-carstyling.com\/blog\/wp-content\/uploads\/2026\/01\/Autosammlung-Steim-7-480x320.jpg 480w\" sizes=\"(min-width: 0px) and (max-width: 480px) 480px, (min-width: 481px) and (max-width: 980px) 980px, (min-width: 981px) and (max-width: 1280px) 1280px, (min-width: 1281px) 2000px, 100vw\" \/><p id=\"caption-attachment-6387\" class=\"wp-caption-text\">Bildquelle: Berit Kesslers &#8211; stock.adobe.com<\/p><\/div>\n<p>Mitte der 1950er Jahre stand in Schramberg die gr\u00f6\u00dfte Uhrenfabrik der Welt (die Firma Junghans). Kein Zufall also, dass sich in der F\u00fcnft\u00e4lerstadt mehrere Museen entwickelt haben, die sich mit dem spannenden Erbe unserer V\u00e4ter und Vorv\u00e4ter besch\u00e4ftigt. <strong>Eines davon ist die <a href=\"https:\/\/www.autosammlung-steim.de\/de\/willkommen.html\" target=\"_blank\" rel=\"noopener\">Autosammlung Steim.<\/a><\/strong><\/p>\n<blockquote><p><em>Kennen Sie schon diese Retromanie-Geschichte?<\/em> Ebenfalls in Schramberg im Schwarzwald t\u00fcftelte der junge Maschinenbauingenieur <a href=\"https:\/\/www.sjs-carstyling.com\/blog\/mein-opa-emil-der-autobauer\/\">Emil Alber<\/a> und baute h\u00f6chstselbst zwei schnitige Sportwagen.<\/p><\/blockquote>\n<p><iframe title=\"Schramberg | Autosammlung Steim\" width=\"1080\" height=\"608\" src=\"https:\/\/www.youtube.com\/embed\/WlJI4kTQvSM?feature=oembed\"  allow=\"accelerometer; autoplay; clipboard-write; encrypted-media; gyroscope; picture-in-picture; web-share\" referrerpolicy=\"strict-origin-when-cross-origin\" allowfullscreen><\/iframe><\/p>\n<h2><strong>Die Highlights der Autosammlung Steim<\/strong><\/h2>\n<p>Die private Autosammlung zeigt rollende Geschichte \u00fcber einen Zeitraum von 115 Jahren &#8211; zu sehen sind <strong>\u00fcber 100 atemberaubende Young- und Oldtimer<\/strong> (darunter auch &#8222;Ami-Schlitten&#8220;, Zweir\u00e4der und Feuerwehrfahrzeuge) auf insgesamt <strong>3.000 Quadratmetern Ausstellungsfl\u00e4che.<\/strong> <a href=\"https:\/\/www.autosammlung-steim.de\/de\/sammlung.html\" target=\"_blank\" rel=\"noopener\">Hier<\/a> gibt es eine \u00dcbersicht aller Exponate.<\/p>\n<p>Einige der Highlights:<\/p>\n<ul>\n<li><strong>ein Mercedes-Benz 300 d<\/strong> (der Dienstwagen von Bundespr\u00e4sident Heinrich L\u00fcbke)<\/li>\n<li><strong>Mercedes Benz 15\/70\/100<\/strong> aus dem Jahr 1927 (Erstbesitzer: F\u00fcrst Max Egon von F\u00fcrstenberg)<\/li>\n<li><strong>Maybach SW 35<\/strong> Limousine aus 1935 (nur noch 5 St\u00fcck weltweit bekannt)<\/li>\n<li><strong>Magirus LF 8\/16<\/strong> aus dem Jahr 1941 (von der Junghans Werksfeuerwehr)<\/li>\n<li><strong>Auburn Boattail Speedster<\/strong> von 1932 (weltweit wurden nur 78 St\u00fcck gebaut)<\/li>\n<li><strong>Maybach Zeppelin<\/strong> aus dem Jahr 1932 (Innbegriff des deutschen Luxusautomobils)<\/li>\n<li><strong>Adler Le-Mans-Rennwagen<\/strong> aus dem Jahr 1937<\/li>\n<\/ul>\n<blockquote><p><em>Das erste Ausstellungsst\u00fcck, das Hans-Jochem Steim<\/em> anschaffte, war ein Ford A (&#8222;Tin Lizzy&#8220;) aus dem Jahr 1928. Das \u00e4lteste Exponat ist ein De Dion Bouton aus dem Jahr 1902.<\/p><\/blockquote>\n<div id=\"attachment_6380\" style=\"width: 1290px\" class=\"wp-caption alignnone\"><img decoding=\"async\" aria-describedby=\"caption-attachment-6380\" class=\"size-full wp-image-6380\" src=\"https:\/\/www.sjs-carstyling.com\/blog\/wp-content\/uploads\/2026\/01\/Autosammlung-Steim-Schramberg-3.jpg\" alt=\"Autosammlung Steim Schramberg (3)\" width=\"1280\" height=\"853\" srcset=\"https:\/\/www.sjs-carstyling.com\/blog\/wp-content\/uploads\/2026\/01\/Autosammlung-Steim-Schramberg-3.jpg 1280w, https:\/\/www.sjs-carstyling.com\/blog\/wp-content\/uploads\/2026\/01\/Autosammlung-Steim-Schramberg-3-980x653.jpg 980w, https:\/\/www.sjs-carstyling.com\/blog\/wp-content\/uploads\/2026\/01\/Autosammlung-Steim-Schramberg-3-480x320.jpg 480w\" sizes=\"(min-width: 0px) and (max-width: 480px) 480px, (min-width: 481px) and (max-width: 980px) 980px, (min-width: 981px) 1280px, 100vw\" \/><p id=\"caption-attachment-6380\" class=\"wp-caption-text\">Bildquelle: Autosammlung Steim<\/p><\/div>\n<h2><strong>Hans-Jochem Steim: Wer ist das \u00fcberhaupt?<\/strong><\/h2>\n<p>Der Sohn des Unternehmers Kurt Steim (der seinen Erfolg u.a. durch den Bau von R\u00fcckholfedern f\u00fcr <a href=\"https:\/\/www.sjs-carstyling.com\/blog\/50-jahre-gurtpflicht-in-deutschland\/\">Sicherheitsgurte<\/a> begr\u00fcndete) wurde 1942 in Schramberg geboten und ist ein echter Oldtimer-Enthusiast, der seine Leidenschaft f\u00fcr historische Fahrzeuge<strong> im Jahr 2007 in das beeindruckendes Automuseum einflie\u00dfen lie\u00df. <\/strong>\u00a0Als Unternehmer f\u00fchrte er das Familienunternehmen Kern-Liebers (als Hersteller von hochpr\u00e4zisen Federn, Stanz- und Feinschneidteilen) zu globalem Erfolg, baute 50 Tochterfirmen auf und rettete 2009 den traditionsreichen Uhrenhersteller Junghans vor dem Bankrott.<\/p>\n<p>Als CDU-Politiker sa\u00df Steim von 1996 bis 2006 im baden-w\u00fcrttembergischen Landtag und <strong>engagiert sich ehrenamtlich u.a. im Roten Kreuz oder beim Schwarzwaldverein.<\/strong>\u00a0Der promovierte Ingenieur ist Ehrenb\u00fcrger von Schramberg und\u00a0 der ostchinesischen Stadt Taicang. Mit seinem sozialen Engagement und leistet der Schwarzw\u00e4lder einen wichtigen Beitrag zum Erhalt der Automobilkultur in Deutschland.<\/p>\n<div id=\"attachment_6384\" style=\"width: 723px\" class=\"wp-caption alignnone\"><img decoding=\"async\" aria-describedby=\"caption-attachment-6384\" class=\"wp-image-6384 size-large\" src=\"https:\/\/www.sjs-carstyling.com\/blog\/wp-content\/uploads\/2026\/01\/Autosammlung-Steim-Hans-Jochem-Steim-713x1024.jpg\" alt=\"Autosammlung Steim - Hans-Jochem Steim\" width=\"713\" height=\"1024\" srcset=\"https:\/\/www.sjs-carstyling.com\/blog\/wp-content\/uploads\/2026\/01\/Autosammlung-Steim-Hans-Jochem-Steim-713x1024.jpg 713w, https:\/\/www.sjs-carstyling.com\/blog\/wp-content\/uploads\/2026\/01\/Autosammlung-Steim-Hans-Jochem-Steim-480x690.jpg 480w\" sizes=\"(min-width: 0px) and (max-width: 480px) 480px, (min-width: 481px) 713px, 100vw\" \/><p id=\"caption-attachment-6384\" class=\"wp-caption-text\">Bildquelle: Hans555 (https:\/\/commons.wikimedia.org\/wiki\/File:Hjsteim07.jpg), \u201eHjsteim07\u201c, als gemeinfrei gekennzeichnet, Details auf Wikimedia Commons: https:\/\/commons.wikimedia.org\/wiki\/Template:PD-self<\/p><\/div>\n<blockquote><p><em>Wenn Sie schon im S\u00fcden unterwegs sind,<\/em> empfiehlt sich auch ein Besuch im <a href=\"https:\/\/www.sjs-carstyling.com\/blog\/rasanter-ausflugstipp-porsche-museum-stuttgart\/\">Porsche-Museum Stuttgart<\/a>, im <a href=\"https:\/\/www.sjs-carstyling.com\/blog\/alle-infos-zum-mercedes-benz-museum-stuttgart\/\">Mercedes-Benz-Museum<\/a> oder in der <a href=\"https:\/\/www.sjs-carstyling.com\/blog\/bmw-museum-und-bmw-welt-muenchen\/\">BMW-Welt M\u00fcnchen.\u00a0<\/a><\/p><\/blockquote>\n<h2><strong>Die wichtigsten Infos zum Besuch in der \u00dcbersicht<\/strong><\/h2>\n<p class=\"my-2 [&amp;+p]:mt-4 [&amp;_strong:has(+br)]:inline-block [&amp;_strong:has(+br)]:pb-2\">Seit dem 1. Januar 2026 gelten in der Autosammlung Steim neue Eintrittspreise. <strong>Erwachsene zahlen ab 8\u202fEuro, erm\u00e4\u00dfigte Besucher 6,50\u202fEuro,<\/strong> Kinder bis f\u00fcnf Jahre haben freien Eintritt. F\u00fcr mehrere Museen stehen Kombikarten ab 14\u202fEuro zur Verf\u00fcgung. Au\u00dferdem gibt es Familien- und Gruppentarife sowie Jahreskarten und F\u00fchrungen ab 50\u202fEuro. G\u00e4ste, die mit \u00f6ffentlichen Verkehrsmitteln anreisen, profitieren \u00fcber <em>bwegtPlus<\/em> von Erm\u00e4\u00dfigungen. Die Bezahlung ist auch per Karte oder kontaktlos m\u00f6glich. Hunde d\u00fcrfen angeleint mitgenommen werden.<\/p>\n<p class=\"my-2 [&amp;+p]:mt-4 [&amp;_strong:has(+br)]:inline-block [&amp;_strong:has(+br)]:pb-2\">Die Autosammlung ist barrierefrei zug\u00e4nglich, bietet kostenlose Parkpl\u00e4tze und ein Restaurant direkt gegen\u00fcber. Im Sommer ist von<strong> Dienstag bis Sonntag von 10 bis 18\u202fUhr ge\u00f6ffnet, im Herbst bis 17\u202fUhr und im Winter am Wochenende von 10 bis 17\u202fUhr.<\/strong> Montags bleibt geschlossen,<strong> Anfang Januar ist Winterpause.<\/strong><\/p>\n<div id=\"attachment_6381\" style=\"width: 2010px\" class=\"wp-caption alignnone\"><img decoding=\"async\" aria-describedby=\"caption-attachment-6381\" class=\"size-full wp-image-6381\" src=\"https:\/\/www.sjs-carstyling.com\/blog\/wp-content\/uploads\/2026\/01\/Autosammlung-Steim-Schramberg-4.jpg\" alt=\"Autosammlung Steim Schramberg (4)\" width=\"2000\" height=\"1126\" srcset=\"https:\/\/www.sjs-carstyling.com\/blog\/wp-content\/uploads\/2026\/01\/Autosammlung-Steim-Schramberg-4.jpg 2000w, https:\/\/www.sjs-carstyling.com\/blog\/wp-content\/uploads\/2026\/01\/Autosammlung-Steim-Schramberg-4-1280x721.jpg 1280w, https:\/\/www.sjs-carstyling.com\/blog\/wp-content\/uploads\/2026\/01\/Autosammlung-Steim-Schramberg-4-980x552.jpg 980w, https:\/\/www.sjs-carstyling.com\/blog\/wp-content\/uploads\/2026\/01\/Autosammlung-Steim-Schramberg-4-480x270.jpg 480w\" sizes=\"(min-width: 0px) and (max-width: 480px) 480px, (min-width: 481px) and (max-width: 980px) 980px, (min-width: 981px) and (max-width: 1280px) 1280px, (min-width: 1281px) 2000px, 100vw\" \/><p id=\"caption-attachment-6381\" class=\"wp-caption-text\">Bildquelle: Autosammlung Steim<\/p><\/div>\n<h2><strong>Weitere sehenswerte Museen in der Schwarzwaldstadt Schramberg<\/strong><\/h2>\n<ul>\n<li><a href=\"https:\/\/auto-und-uhrenwelt.de\/dieselmuseum\" target=\"_blank\" rel=\"noopener\">Dieselmuseum<\/a> (mit dem gr\u00f6\u00dften Dieselmotor aus der Zeit vor dem Ersten Weltkrieg)<\/li>\n<li><a href=\"https:\/\/auto-und-uhrenwelt.de\/\" target=\"_blank\" rel=\"noopener\">Erfinderzeiten Auto-und Uhrenmuseum<\/a> (aktuell mit der Sonderausstellung zu Erich Bitters Kult-Fahrzeugen)<\/li>\n<li><a href=\"https:\/\/eisenbahnmuseum-schwarzwald.de\/\" target=\"_blank\" rel=\"noopener\">Eisenbahnmuseum Schwarzwald<\/a> (mit der weltgr\u00f6\u00dften Spur 2-Sammlung)<\/li>\n<\/ul>\n<div id=\"attachment_6379\" style=\"width: 1290px\" class=\"wp-caption alignnone\"><img decoding=\"async\" aria-describedby=\"caption-attachment-6379\" class=\"size-full wp-image-6379\" src=\"https:\/\/www.sjs-carstyling.com\/blog\/wp-content\/uploads\/2026\/01\/Autosammlung-Steim-Schramberg-1.jpg\" alt=\"Autosammlung Steim Schramberg (1)\" width=\"1280\" height=\"853\" srcset=\"https:\/\/www.sjs-carstyling.com\/blog\/wp-content\/uploads\/2026\/01\/Autosammlung-Steim-Schramberg-1.jpg 1280w, https:\/\/www.sjs-carstyling.com\/blog\/wp-content\/uploads\/2026\/01\/Autosammlung-Steim-Schramberg-1-980x653.jpg 980w, https:\/\/www.sjs-carstyling.com\/blog\/wp-content\/uploads\/2026\/01\/Autosammlung-Steim-Schramberg-1-480x320.jpg 480w\" sizes=\"(min-width: 0px) and (max-width: 480px) 480px, (min-width: 481px) and (max-width: 980px) 980px, (min-width: 981px) 1280px, 100vw\" \/><p id=\"caption-attachment-6379\" class=\"wp-caption-text\">Bildquelle: Autosammlung Steim<\/p><\/div>\n<h2><strong>SJS Carstyling: der beste Freund aller Oldtimer-Freunde<\/strong><\/h2>\n<p>Neben Empfehlungen f\u00fcr Oldtimer-Museen bieten wir von <a href=\"https:\/\/www.sjs-carstyling.com\/\">SJS Carstyling<\/a> Ihnen <strong>bereits seit \u00fcber zwei Jahrzehnten hochwertige Ersatzteile und eine zuvorkommende Beratung, einen schnellen Versand und wirklich faire Preise<\/strong>. Mit unserer Spezialisierung auf Mercedes-Benz und einer eigenen Sattlerei helfen wir Ihnen dabei, Ihr Sch\u00e4tzchen in Schuss zu halten.<\/p>\n<p>Hier in der Online-Redaktion k\u00fcmmern wir uns um <strong>spannende Hintergrundgeschichten rund um Young- und Oldtimer<\/strong> und freuen uns \u00fcber Ihre Themenvorschl\u00e4ge und Ihr Feedback an <a href=\"mailto:redaktion@sjs-carstyling.com\">redaktion@sjs-carstyling.com<\/a>.<\/p>\n<hr \/>\n<p>Bildquelle Titelbild: Autosammlung Steim Schramberg<\/p>\n","protected":false},"excerpt":{"rendered":"<p>Durch den Schwarzwald weht bereits seit Jahrhunderten ein besonderer Erfinder- und Ingenieursgeist. 1737 baute der Sch\u00f6nw\u00e4lder Uhrmacher Franz Ketterer in seiner Werkstatt die erste Kuckucksuhr. 150 Jahre sp\u00e4ter lie\u00df Robert Gerwig die Schwarzwaldbahn konstruieren, bei der keine Steigung zu hoch, kein Berg zu gro\u00df und kein Abgrund zu tief war. Mitte der 1950er Jahre stand [&hellip;]<\/p>\n","protected":false},"author":3,"featured_media":6378,"comment_status":"open","ping_status":"open","sticky":false,"template":"","format":"standard","meta":{"_et_pb_use_builder":"","_et_pb_old_content":"","_et_gb_content_width":"","footnotes":""},"categories":[39],"tags":[1007,1003,1002,1005,900,1008,901,1004,1006],"class_list":["post-6366","post","type-post","status-publish","format-standard","has-post-thumbnail","hentry","category-oldtimer-museen","tag-auto-und-uhrenmuseum-schramberg","tag-automuseum-schwarzwald","tag-autosammlung-steim","tag-hans-jochem-steim","tag-junghans","tag-kuckucksuhr","tag-schramberg","tag-schwarzwald","tag-schwarzwaldbahn"],"yoast_head":"<!-- This site is optimized with the Yoast SEO plugin v27.5 - https:\/\/yoast.com\/product\/yoast-seo-wordpress\/ -->\n<title>Ausflugstipp: Autosammlung Steim in Schramberg<\/title>\n<meta name=\"description\" content=\"100 au\u00dfergew\u00f6hnliche Fahrzeuge aus \u00fcber 100 Jahren Autogeschichte. Was gibt es in der Autosammlung Steim alles zu entdecken?\" \/>\n<meta name=\"robots\" content=\"index, follow, max-snippet:-1, max-image-preview:large, max-video-preview:-1\" \/>\n<link rel=\"canonical\" href=\"https:\/\/www.sjs-carstyling.com\/blog\/autosammlung-steim-in-schramberg\/\" \/>\n<meta property=\"og:locale\" content=\"de_DE\" \/>\n<meta property=\"og:type\" content=\"article\" \/>\n<meta property=\"og:title\" content=\"Ausflugstipp: Autosammlung Steim in Schramberg\" \/>\n<meta property=\"og:description\" content=\"100 au\u00dfergew\u00f6hnliche Fahrzeuge aus \u00fcber 100 Jahren Autogeschichte. Was gibt es in der Autosammlung Steim alles zu entdecken?\" \/>\n<meta property=\"og:url\" content=\"https:\/\/www.sjs-carstyling.com\/blog\/autosammlung-steim-in-schramberg\/\" \/>\n<meta property=\"og:site_name\" content=\"SJS Carstyling Oldtimer Magazin\" \/>\n<meta property=\"article:published_time\" content=\"2026-01-26T07:00:53+00:00\" \/>\n<meta property=\"article:modified_time\" content=\"2026-01-26T09:39:52+00:00\" \/>\n<meta property=\"og:image\" content=\"https:\/\/www.sjs-carstyling.com\/blog\/wp-content\/uploads\/2026\/01\/Autosammlung-Steim-Schramberg-8.jpg\" \/>\n\t<meta property=\"og:image:width\" content=\"2048\" \/>\n\t<meta property=\"og:image:height\" content=\"1536\" \/>\n\t<meta property=\"og:image:type\" content=\"image\/jpeg\" \/>\n<meta name=\"author\" content=\"Fabian Alber\" \/>\n<meta name=\"twitter:card\" content=\"summary_large_image\" \/>\n<meta name=\"twitter:label1\" content=\"Verfasst von\" \/>\n\t<meta name=\"twitter:data1\" content=\"Fabian Alber\" \/>\n\t<meta name=\"twitter:label2\" content=\"Gesch\u00e4tzte Lesezeit\" \/>\n\t<meta name=\"twitter:data2\" content=\"5\u00a0Minuten\" \/>\n<script type=\"application\/ld+json\" class=\"yoast-schema-graph\">{\"@context\":\"https:\\\/\\\/schema.org\",\"@graph\":[{\"@type\":\"Article\",\"@id\":\"https:\\\/\\\/www.sjs-carstyling.com\\\/blog\\\/autosammlung-steim-in-schramberg\\\/#article\",\"isPartOf\":{\"@id\":\"https:\\\/\\\/www.sjs-carstyling.com\\\/blog\\\/autosammlung-steim-in-schramberg\\\/\"},\"author\":{\"name\":\"Fabian Alber\",\"@id\":\"https:\\\/\\\/www.sjs-carstyling.com\\\/blog\\\/#\\\/schema\\\/person\\\/655b2959eea2cb36b95d258c850d6619\"},\"headline\":\"Willkommen in der Autosammlung Steim im Schwarzwald\",\"datePublished\":\"2026-01-26T07:00:53+00:00\",\"dateModified\":\"2026-01-26T09:39:52+00:00\",\"mainEntityOfPage\":{\"@id\":\"https:\\\/\\\/www.sjs-carstyling.com\\\/blog\\\/autosammlung-steim-in-schramberg\\\/\"},\"wordCount\":785,\"commentCount\":0,\"image\":{\"@id\":\"https:\\\/\\\/www.sjs-carstyling.com\\\/blog\\\/autosammlung-steim-in-schramberg\\\/#primaryimage\"},\"thumbnailUrl\":\"https:\\\/\\\/www.sjs-carstyling.com\\\/blog\\\/wp-content\\\/uploads\\\/2026\\\/01\\\/Autosammlung-Steim-Schramberg-8.jpg\",\"keywords\":[\"Auto- und Uhrenmuseum Schramberg\",\"Automuseum Schwarzwald\",\"Autosammlung Steim\",\"Hans-Jochem Steim\",\"Junghans\",\"Kuckucksuhr\",\"Schramberg\",\"Schwarzwald\",\"Schwarzwaldbahn\"],\"articleSection\":[\"Oldtimer-Museen\"],\"inLanguage\":\"de\",\"potentialAction\":[{\"@type\":\"CommentAction\",\"name\":\"Comment\",\"target\":[\"https:\\\/\\\/www.sjs-carstyling.com\\\/blog\\\/autosammlung-steim-in-schramberg\\\/#respond\"]}]},{\"@type\":\"WebPage\",\"@id\":\"https:\\\/\\\/www.sjs-carstyling.com\\\/blog\\\/autosammlung-steim-in-schramberg\\\/\",\"url\":\"https:\\\/\\\/www.sjs-carstyling.com\\\/blog\\\/autosammlung-steim-in-schramberg\\\/\",\"name\":\"Ausflugstipp: Autosammlung Steim in Schramberg\",\"isPartOf\":{\"@id\":\"https:\\\/\\\/www.sjs-carstyling.com\\\/blog\\\/#website\"},\"primaryImageOfPage\":{\"@id\":\"https:\\\/\\\/www.sjs-carstyling.com\\\/blog\\\/autosammlung-steim-in-schramberg\\\/#primaryimage\"},\"image\":{\"@id\":\"https:\\\/\\\/www.sjs-carstyling.com\\\/blog\\\/autosammlung-steim-in-schramberg\\\/#primaryimage\"},\"thumbnailUrl\":\"https:\\\/\\\/www.sjs-carstyling.com\\\/blog\\\/wp-content\\\/uploads\\\/2026\\\/01\\\/Autosammlung-Steim-Schramberg-8.jpg\",\"datePublished\":\"2026-01-26T07:00:53+00:00\",\"dateModified\":\"2026-01-26T09:39:52+00:00\",\"author\":{\"@id\":\"https:\\\/\\\/www.sjs-carstyling.com\\\/blog\\\/#\\\/schema\\\/person\\\/655b2959eea2cb36b95d258c850d6619\"},\"description\":\"100 au\u00dfergew\u00f6hnliche Fahrzeuge aus \u00fcber 100 Jahren Autogeschichte. Was gibt es in der Autosammlung Steim alles zu entdecken?\",\"inLanguage\":\"de\",\"potentialAction\":[{\"@type\":\"ReadAction\",\"target\":[\"https:\\\/\\\/www.sjs-carstyling.com\\\/blog\\\/autosammlung-steim-in-schramberg\\\/\"]}]},{\"@type\":\"ImageObject\",\"inLanguage\":\"de\",\"@id\":\"https:\\\/\\\/www.sjs-carstyling.com\\\/blog\\\/autosammlung-steim-in-schramberg\\\/#primaryimage\",\"url\":\"https:\\\/\\\/www.sjs-carstyling.com\\\/blog\\\/wp-content\\\/uploads\\\/2026\\\/01\\\/Autosammlung-Steim-Schramberg-8.jpg\",\"contentUrl\":\"https:\\\/\\\/www.sjs-carstyling.com\\\/blog\\\/wp-content\\\/uploads\\\/2026\\\/01\\\/Autosammlung-Steim-Schramberg-8.jpg\",\"width\":2048,\"height\":1536,\"caption\":\"Bildquelle: Autosammlung Steim\"},{\"@type\":\"WebSite\",\"@id\":\"https:\\\/\\\/www.sjs-carstyling.com\\\/blog\\\/#website\",\"url\":\"https:\\\/\\\/www.sjs-carstyling.com\\\/blog\\\/\",\"name\":\"SJS Carstyling Oldtimer Magazin\",\"description\":\"Der Blog rund um das liebste Fahrzeug: finde Oldtimer-News, Modellvergleiche, Event-Hinweise und vieles mehr!\",\"potentialAction\":[{\"@type\":\"SearchAction\",\"target\":{\"@type\":\"EntryPoint\",\"urlTemplate\":\"https:\\\/\\\/www.sjs-carstyling.com\\\/blog\\\/?s={search_term_string}\"},\"query-input\":{\"@type\":\"PropertyValueSpecification\",\"valueRequired\":true,\"valueName\":\"search_term_string\"}}],\"inLanguage\":\"de\"},{\"@type\":\"Person\",\"@id\":\"https:\\\/\\\/www.sjs-carstyling.com\\\/blog\\\/#\\\/schema\\\/person\\\/655b2959eea2cb36b95d258c850d6619\",\"name\":\"Fabian Alber\",\"image\":{\"@type\":\"ImageObject\",\"inLanguage\":\"de\",\"@id\":\"https:\\\/\\\/secure.gravatar.com\\\/avatar\\\/f809d1934e10dc927acfea86889924dbbe0eec76d2ff6133c2c3f31931ad88d4?s=96&d=mm&r=g\",\"url\":\"https:\\\/\\\/secure.gravatar.com\\\/avatar\\\/f809d1934e10dc927acfea86889924dbbe0eec76d2ff6133c2c3f31931ad88d4?s=96&d=mm&r=g\",\"contentUrl\":\"https:\\\/\\\/secure.gravatar.com\\\/avatar\\\/f809d1934e10dc927acfea86889924dbbe0eec76d2ff6133c2c3f31931ad88d4?s=96&d=mm&r=g\",\"caption\":\"Fabian Alber\"},\"description\":\"Fabian ist verantwortlicher Redakteur bei den Mobilit\u00e4tsblogs von SJS Carstyling und steht seit seiner Kindheit auf alles, was vier R\u00e4der hat. Sein Herz geh\u00f6rt den Marken Volkswagen und BMW. Privat f\u00e4hrt er einen VW T-Cross und einen Ford Transit-Camper. Fabian ist Globetrotter und schreibt gerne \u00fcber aktuelle und saisonale Autothemen.\",\"url\":\"https:\\\/\\\/www.sjs-carstyling.com\\\/blog\\\/author\\\/fabian\\\/\"}]}<\/script>\n<!-- \/ Yoast SEO plugin. -->","yoast_head_json":{"title":"Ausflugstipp: Autosammlung Steim in Schramberg","description":"100 au\u00dfergew\u00f6hnliche Fahrzeuge aus \u00fcber 100 Jahren Autogeschichte. Was gibt es in der Autosammlung Steim alles zu entdecken?","robots":{"index":"index","follow":"follow","max-snippet":"max-snippet:-1","max-image-preview":"max-image-preview:large","max-video-preview":"max-video-preview:-1"},"canonical":"https:\/\/www.sjs-carstyling.com\/blog\/autosammlung-steim-in-schramberg\/","og_locale":"de_DE","og_type":"article","og_title":"Ausflugstipp: Autosammlung Steim in Schramberg","og_description":"100 au\u00dfergew\u00f6hnliche Fahrzeuge aus \u00fcber 100 Jahren Autogeschichte. Was gibt es in der Autosammlung Steim alles zu entdecken?","og_url":"https:\/\/www.sjs-carstyling.com\/blog\/autosammlung-steim-in-schramberg\/","og_site_name":"SJS Carstyling Oldtimer Magazin","article_published_time":"2026-01-26T07:00:53+00:00","article_modified_time":"2026-01-26T09:39:52+00:00","og_image":[{"width":2048,"height":1536,"url":"https:\/\/www.sjs-carstyling.com\/blog\/wp-content\/uploads\/2026\/01\/Autosammlung-Steim-Schramberg-8.jpg","type":"image\/jpeg"}],"author":"Fabian Alber","twitter_card":"summary_large_image","twitter_misc":{"Verfasst von":"Fabian Alber","Gesch\u00e4tzte Lesezeit":"5\u00a0Minuten"},"schema":{"@context":"https:\/\/schema.org","@graph":[{"@type":"Article","@id":"https:\/\/www.sjs-carstyling.com\/blog\/autosammlung-steim-in-schramberg\/#article","isPartOf":{"@id":"https:\/\/www.sjs-carstyling.com\/blog\/autosammlung-steim-in-schramberg\/"},"author":{"name":"Fabian Alber","@id":"https:\/\/www.sjs-carstyling.com\/blog\/#\/schema\/person\/655b2959eea2cb36b95d258c850d6619"},"headline":"Willkommen in der Autosammlung Steim im Schwarzwald","datePublished":"2026-01-26T07:00:53+00:00","dateModified":"2026-01-26T09:39:52+00:00","mainEntityOfPage":{"@id":"https:\/\/www.sjs-carstyling.com\/blog\/autosammlung-steim-in-schramberg\/"},"wordCount":785,"commentCount":0,"image":{"@id":"https:\/\/www.sjs-carstyling.com\/blog\/autosammlung-steim-in-schramberg\/#primaryimage"},"thumbnailUrl":"https:\/\/www.sjs-carstyling.com\/blog\/wp-content\/uploads\/2026\/01\/Autosammlung-Steim-Schramberg-8.jpg","keywords":["Auto- und Uhrenmuseum Schramberg","Automuseum Schwarzwald","Autosammlung Steim","Hans-Jochem Steim","Junghans","Kuckucksuhr","Schramberg","Schwarzwald","Schwarzwaldbahn"],"articleSection":["Oldtimer-Museen"],"inLanguage":"de","potentialAction":[{"@type":"CommentAction","name":"Comment","target":["https:\/\/www.sjs-carstyling.com\/blog\/autosammlung-steim-in-schramberg\/#respond"]}]},{"@type":"WebPage","@id":"https:\/\/www.sjs-carstyling.com\/blog\/autosammlung-steim-in-schramberg\/","url":"https:\/\/www.sjs-carstyling.com\/blog\/autosammlung-steim-in-schramberg\/","name":"Ausflugstipp: Autosammlung Steim in Schramberg","isPartOf":{"@id":"https:\/\/www.sjs-carstyling.com\/blog\/#website"},"primaryImageOfPage":{"@id":"https:\/\/www.sjs-carstyling.com\/blog\/autosammlung-steim-in-schramberg\/#primaryimage"},"image":{"@id":"https:\/\/www.sjs-carstyling.com\/blog\/autosammlung-steim-in-schramberg\/#primaryimage"},"thumbnailUrl":"https:\/\/www.sjs-carstyling.com\/blog\/wp-content\/uploads\/2026\/01\/Autosammlung-Steim-Schramberg-8.jpg","datePublished":"2026-01-26T07:00:53+00:00","dateModified":"2026-01-26T09:39:52+00:00","author":{"@id":"https:\/\/www.sjs-carstyling.com\/blog\/#\/schema\/person\/655b2959eea2cb36b95d258c850d6619"},"description":"100 au\u00dfergew\u00f6hnliche Fahrzeuge aus \u00fcber 100 Jahren Autogeschichte. Was gibt es in der Autosammlung Steim alles zu entdecken?","inLanguage":"de","potentialAction":[{"@type":"ReadAction","target":["https:\/\/www.sjs-carstyling.com\/blog\/autosammlung-steim-in-schramberg\/"]}]},{"@type":"ImageObject","inLanguage":"de","@id":"https:\/\/www.sjs-carstyling.com\/blog\/autosammlung-steim-in-schramberg\/#primaryimage","url":"https:\/\/www.sjs-carstyling.com\/blog\/wp-content\/uploads\/2026\/01\/Autosammlung-Steim-Schramberg-8.jpg","contentUrl":"https:\/\/www.sjs-carstyling.com\/blog\/wp-content\/uploads\/2026\/01\/Autosammlung-Steim-Schramberg-8.jpg","width":2048,"height":1536,"caption":"Bildquelle: Autosammlung Steim"},{"@type":"WebSite","@id":"https:\/\/www.sjs-carstyling.com\/blog\/#website","url":"https:\/\/www.sjs-carstyling.com\/blog\/","name":"SJS Carstyling Oldtimer Magazin","description":"Der Blog rund um das liebste Fahrzeug: finde Oldtimer-News, Modellvergleiche, Event-Hinweise und vieles mehr!","potentialAction":[{"@type":"SearchAction","target":{"@type":"EntryPoint","urlTemplate":"https:\/\/www.sjs-carstyling.com\/blog\/?s={search_term_string}"},"query-input":{"@type":"PropertyValueSpecification","valueRequired":true,"valueName":"search_term_string"}}],"inLanguage":"de"},{"@type":"Person","@id":"https:\/\/www.sjs-carstyling.com\/blog\/#\/schema\/person\/655b2959eea2cb36b95d258c850d6619","name":"Fabian Alber","image":{"@type":"ImageObject","inLanguage":"de","@id":"https:\/\/secure.gravatar.com\/avatar\/f809d1934e10dc927acfea86889924dbbe0eec76d2ff6133c2c3f31931ad88d4?s=96&d=mm&r=g","url":"https:\/\/secure.gravatar.com\/avatar\/f809d1934e10dc927acfea86889924dbbe0eec76d2ff6133c2c3f31931ad88d4?s=96&d=mm&r=g","contentUrl":"https:\/\/secure.gravatar.com\/avatar\/f809d1934e10dc927acfea86889924dbbe0eec76d2ff6133c2c3f31931ad88d4?s=96&d=mm&r=g","caption":"Fabian Alber"},"description":"Fabian ist verantwortlicher Redakteur bei den Mobilit\u00e4tsblogs von SJS Carstyling und steht seit seiner Kindheit auf alles, was vier R\u00e4der hat. Sein Herz geh\u00f6rt den Marken Volkswagen und BMW. Privat f\u00e4hrt er einen VW T-Cross und einen Ford Transit-Camper. Fabian ist Globetrotter und schreibt gerne \u00fcber aktuelle und saisonale Autothemen.","url":"https:\/\/www.sjs-carstyling.com\/blog\/author\/fabian\/"}]}},"_links":{"self":[{"href":"https:\/\/www.sjs-carstyling.com\/blog\/wp-json\/wp\/v2\/posts\/6366","targetHints":{"allow":["GET"]}}],"collection":[{"href":"https:\/\/www.sjs-carstyling.com\/blog\/wp-json\/wp\/v2\/posts"}],"about":[{"href":"https:\/\/www.sjs-carstyling.com\/blog\/wp-json\/wp\/v2\/types\/post"}],"author":[{"embeddable":true,"href":"https:\/\/www.sjs-carstyling.com\/blog\/wp-json\/wp\/v2\/users\/3"}],"replies":[{"embeddable":true,"href":"https:\/\/www.sjs-carstyling.com\/blog\/wp-json\/wp\/v2\/comments?post=6366"}],"version-history":[{"count":21,"href":"https:\/\/www.sjs-carstyling.com\/blog\/wp-json\/wp\/v2\/posts\/6366\/revisions"}],"predecessor-version":[{"id":6399,"href":"https:\/\/www.sjs-carstyling.com\/blog\/wp-json\/wp\/v2\/posts\/6366\/revisions\/6399"}],"wp:featuredmedia":[{"embeddable":true,"href":"https:\/\/www.sjs-carstyling.com\/blog\/wp-json\/wp\/v2\/media\/6378"}],"wp:attachment":[{"href":"https:\/\/www.sjs-carstyling.com\/blog\/wp-json\/wp\/v2\/media?parent=6366"}],"wp:term":[{"taxonomy":"category","embeddable":true,"href":"https:\/\/www.sjs-carstyling.com\/blog\/wp-json\/wp\/v2\/categories?post=6366"},{"taxonomy":"post_tag","embeddable":true,"href":"https:\/\/www.sjs-carstyling.com\/blog\/wp-json\/wp\/v2\/tags?post=6366"}],"curies":[{"name":"wp","href":"https:\/\/api.w.org\/{rel}","templated":true}]}}